{"id":5426,"date":"2023-07-27T12:19:32","date_gmt":"2023-07-27T09:19:32","guid":{"rendered":"http:\/\/elazigtso.com\/tr\/index.php\/2023\/07\/27\/irak-uluslararasi-anbar-fuari\/"},"modified":"2023-07-27T12:19:32","modified_gmt":"2023-07-27T09:19:32","slug":"irak-uluslararasi-anbar-fuari","status":"publish","type":"post","link":"https:\/\/elazigtso.org.tr\/tr\/index.php\/2023\/07\/27\/irak-uluslararasi-anbar-fuari\/","title":{"rendered":"Irak Uluslararas\u0131 Anbar Fuar\u0131"},"content":{"rendered":"<\/p>\n<div class=\"content-detail\">\n<p>Say\u0131n \u00dcyemiz,<\/p>\n<p>TOBB taraf\u0131ndan Odam\u0131za g\u00f6nderilen yaz\u0131da,\u00a0Ticaret Bakanl\u0131\u011f\u0131&#8217;n\u0131n 20.10.2022 tarih ve 79266689 say\u0131l\u0131 yaz\u0131s\u0131na atfen,\u00a0\u0130lgide kay\u0131tl\u0131 yaz\u0131da, &#8220;Uluslararas\u0131 Anbar Fuar\u0131&#8221;n\u0131n Irak&#8217;\u0131n Anbar \u015fehrinde 10-20 Aral\u0131k 2022 tarihleri; &#8220;Irak 14. Tar\u0131m Fuar\u0131&#8221;n\u0131n ise Irak&#8217;\u0131n ba\u015fkenti Ba\u011fdat&#8217;ta 14-21 Mart 2023 tarihleri aras\u0131nda d\u00fczenlenece\u011fi ifade edilmektedir.<\/p>\n<p>Bu minvalde, bahse konu etkinlikle alakal\u0131 olarak temas ki\u015fisinin a\u015fa\u011f\u0131da ileti\u015fim bilgileri verilmektedir.<\/p>\n<p>Iraq, Al-Mansour\n<\/p>\n<p>Telefon : 009647908984770, 009647712782919\n<\/p>\n<p>Internet Adresi : www.bg-iq.net\n<\/p>\n<p>E-posta : Eng.shah2016@gmail.com, info@bg-iq.net<\/p>\n<p>Sayg\u0131lar\u0131m\u0131zla,<\/p>\n<p>Elaz\u0131\u011f Ticaret ve Sanayi Odas\u0131<\/p>\n<p>\u00a0<\/p>\n<p>Bu duyuru 350 defa okundu. <\/p>\n<p>Ekleme Tarihi :2022-11-01 02:32:00 <\/p>\n<\/p><\/div>\n","protected":false},"excerpt":{"rendered":"<p>Say\u0131n \u00dcyemiz, TOBB taraf\u0131ndan Odam\u0131za g\u00f6nderilen yaz\u0131da,\u00a0Ticaret Bakanl\u0131\u011f\u0131&#8217;n\u0131n 20.10.2022 tarih ve 79266689 say\u0131l\u0131 yaz\u0131s\u0131na atfen,\u00a0\u0130lgide kay\u0131tl\u0131 yaz\u0131da, &#8220;Uluslararas\u0131 Anbar Fuar\u0131&#8221;n\u0131n Irak&#8217;\u0131n Anbar \u015fehrinde 10-20 Aral\u0131k 2022 tarihleri; &#8220;Irak 14. Tar\u0131m Fuar\u0131&#8221;n\u0131n ise Irak&#8217;\u0131n ba\u015fkenti Ba\u011fdat&#8217;ta 14-21 Mart 2023 tarihleri aras\u0131nda d\u00fczenlenece\u011fi ifade edilmektedir. Bu minvalde, bahse konu etkinlikle alakal\u0131 olarak temas ki\u015fisinin a\u015fa\u011f\u0131da ileti\u015fim bilgileri [&hellip;]<\/p>\n","protected":false},"author":1,"featured_media":5650,"comment_status":"open","ping_status":"open","sticky":false,"template":"","format":"standard","meta":{"_jetpack_memberships_contains_paid_content":false,"footnotes":""},"categories":[3],"tags":[],"class_list":["post-5426","post","type-post","status-publish","format-standard","has-post-thumbnail","hentry","category-duyuru"],"jetpack_sharing_enabled":true,"jetpack_featured_media_url":"https:\/\/elazigtso.org.tr\/tr\/wp-content\/uploads\/2023\/07\/logo_news-80.jpg","_links":{"self":[{"href":"https:\/\/elazigtso.org.tr\/tr\/index.php\/wp-json\/wp\/v2\/posts\/5426","targetHints":{"allow":["GET"]}}],"collection":[{"href":"https:\/\/elazigtso.org.tr\/tr\/index.php\/wp-json\/wp\/v2\/posts"}],"about":[{"href":"https:\/\/elazigtso.org.tr\/tr\/index.php\/wp-json\/wp\/v2\/types\/post"}],"author":[{"embeddable":true,"href":"https:\/\/elazigtso.org.tr\/tr\/index.php\/wp-json\/wp\/v2\/users\/1"}],"replies":[{"embeddable":true,"href":"https:\/\/elazigtso.org.tr\/tr\/index.php\/wp-json\/wp\/v2\/comments?post=5426"}],"version-history":[{"count":0,"href":"https:\/\/elazigtso.org.tr\/tr\/index.php\/wp-json\/wp\/v2\/posts\/5426\/revisions"}],"wp:featuredmedia":[{"embeddable":true,"href":"https:\/\/elazigtso.org.tr\/tr\/index.php\/wp-json\/wp\/v2\/media\/5650"}],"wp:attachment":[{"href":"https:\/\/elazigtso.org.tr\/tr\/index.php\/wp-json\/wp\/v2\/media?parent=5426"}],"wp:term":[{"taxonomy":"category","embeddable":true,"href":"https:\/\/elazigtso.org.tr\/tr\/index.php\/wp-json\/wp\/v2\/categories?post=5426"},{"taxonomy":"post_tag","embeddable":true,"href":"https:\/\/elazigtso.org.tr\/tr\/index.php\/wp-json\/wp\/v2\/tags?post=5426"}],"curies":[{"name":"wp","href":"https:\/\/api.w.org\/{rel}","templated":true}]}}