{"id":5425,"date":"2023-07-27T12:17:34","date_gmt":"2023-07-27T09:17:34","guid":{"rendered":"http:\/\/elazigtso.com\/tr\/index.php\/2023\/07\/27\/esnaf-destek-kredisi\/"},"modified":"2023-07-27T12:17:34","modified_gmt":"2023-07-27T09:17:34","slug":"esnaf-destek-kredisi","status":"publish","type":"post","link":"https:\/\/elazigtso.org.tr\/tr\/index.php\/2023\/07\/27\/esnaf-destek-kredisi\/","title":{"rendered":"Esnaf Destek Kredisi"},"content":{"rendered":"<\/p>\n<div class=\"content-detail\">\n<p>Say\u0131n \u00dcyemiz,<\/p>\n<p>TOBB taraf\u0131ndan Odam\u0131za g\u00f6nderilen yaz\u0131ya atfen,\u00a0Cumhurba\u015fkan\u0131 taraf\u0131ndan 11 Ekim 2022 tarihinde esnafa kredi kolayl\u0131\u011f\u0131 sa\u011flayacak yeni bir paket a\u00e7\u0131klanm\u0131\u015f, buna g\u00f6re esnaf i\u00e7in Halkbank vas\u0131tas\u0131yla 60 ay vadeyle ve y\u00fczde 7,5 faiz oran\u0131yla istifade edebilecekleri 100 milyar liral\u0131k bir kredi kampanyas\u0131 ba\u015flat\u0131lm\u0131\u015ft\u0131.<\/p>\n<p>\u00dcyelerimizden konu ilgili olarak, Halkbank&#8217;\u0131n hem Esnaf Odas\u0131&#8217;na, hem de Birli\u011fimize ba\u011fl\u0131 Odalara \u00fcye<br \/>\nolanlara kredi imk\u00e2n\u0131ndan faydaland\u0131rmad\u0131\u011f\u0131 y\u00f6n\u00fcnde \u015fikayetler olmu\u015ftur. Konu Birli\u011fimiz ile Halkbank<br \/>\naras\u0131nda g\u00f6r\u00fc\u015f\u00fclm\u00fc\u015ft\u00fcr.<\/p>\n<p>Bu kapsamda Birli\u011fimizin giri\u015fimleriyle 10 Ekim&#8217;den \u00f6nce hem Esnaf Odas\u0131&#8217;na hem Birli\u011fimize ba\u011fl\u0131 Odalara<br \/>\n\u00fcye olan i\u015fletmeler s\u00f6z konusu kredi imkan\u0131ndan faydalanabileceklerdir.<\/p>\n<p>Sayg\u0131lar\u0131m\u0131zla,<\/p>\n<p>Elaz\u0131\u011f Ticaret ve Sanayi Odas\u0131\u00a0<\/p>\n<p>\u00a0<\/p>\n<p>Bu duyuru 335 defa okundu. <\/p>\n<p>Ekleme Tarihi :2022-11-01 02:26:00 <\/p>\n<\/p><\/div>\n","protected":false},"excerpt":{"rendered":"<p>Say\u0131n \u00dcyemiz, TOBB taraf\u0131ndan Odam\u0131za g\u00f6nderilen yaz\u0131ya atfen,\u00a0Cumhurba\u015fkan\u0131 taraf\u0131ndan 11 Ekim 2022 tarihinde esnafa kredi kolayl\u0131\u011f\u0131 sa\u011flayacak yeni bir paket a\u00e7\u0131klanm\u0131\u015f, buna g\u00f6re esnaf i\u00e7in Halkbank vas\u0131tas\u0131yla 60 ay vadeyle ve y\u00fczde 7,5 faiz oran\u0131yla istifade edebilecekleri 100 milyar liral\u0131k bir kredi kampanyas\u0131 ba\u015flat\u0131lm\u0131\u015ft\u0131. \u00dcyelerimizden konu ilgili olarak, Halkbank&#8217;\u0131n hem Esnaf Odas\u0131&#8217;na, hem de Birli\u011fimize [&hellip;]<\/p>\n","protected":false},"author":1,"featured_media":5650,"comment_status":"open","ping_status":"open","sticky":false,"template":"","format":"standard","meta":{"_jetpack_memberships_contains_paid_content":false,"footnotes":""},"categories":[3],"tags":[],"class_list":["post-5425","post","type-post","status-publish","format-standard","has-post-thumbnail","hentry","category-duyuru"],"jetpack_sharing_enabled":true,"jetpack_featured_media_url":"https:\/\/elazigtso.org.tr\/tr\/wp-content\/uploads\/2023\/07\/logo_news-80.jpg","_links":{"self":[{"href":"https:\/\/elazigtso.org.tr\/tr\/index.php\/wp-json\/wp\/v2\/posts\/5425","targetHints":{"allow":["GET"]}}],"collection":[{"href":"https:\/\/elazigtso.org.tr\/tr\/index.php\/wp-json\/wp\/v2\/posts"}],"about":[{"href":"https:\/\/elazigtso.org.tr\/tr\/index.php\/wp-json\/wp\/v2\/types\/post"}],"author":[{"embeddable":true,"href":"https:\/\/elazigtso.org.tr\/tr\/index.php\/wp-json\/wp\/v2\/users\/1"}],"replies":[{"embeddable":true,"href":"https:\/\/elazigtso.org.tr\/tr\/index.php\/wp-json\/wp\/v2\/comments?post=5425"}],"version-history":[{"count":0,"href":"https:\/\/elazigtso.org.tr\/tr\/index.php\/wp-json\/wp\/v2\/posts\/5425\/revisions"}],"wp:featuredmedia":[{"embeddable":true,"href":"https:\/\/elazigtso.org.tr\/tr\/index.php\/wp-json\/wp\/v2\/media\/5650"}],"wp:attachment":[{"href":"https:\/\/elazigtso.org.tr\/tr\/index.php\/wp-json\/wp\/v2\/media?parent=5425"}],"wp:term":[{"taxonomy":"category","embeddable":true,"href":"https:\/\/elazigtso.org.tr\/tr\/index.php\/wp-json\/wp\/v2\/categories?post=5425"},{"taxonomy":"post_tag","embeddable":true,"href":"https:\/\/elazigtso.org.tr\/tr\/index.php\/wp-json\/wp\/v2\/tags?post=5425"}],"curies":[{"name":"wp","href":"https:\/\/api.w.org\/{rel}","templated":true}]}}