{"id":5422,"date":"2023-07-27T12:14:07","date_gmt":"2023-07-27T09:14:07","guid":{"rendered":"http:\/\/elazigtso.com\/tr\/index.php\/2023\/07\/27\/elazig-1-merkez-ilce-secim-kurulu-baskanligindan-elazig-ticaret-ve-sanayi-odasi-organ-secimlerine-iliskin-duyurusu\/"},"modified":"2023-07-27T12:14:07","modified_gmt":"2023-07-27T09:14:07","slug":"elazig-1-merkez-ilce-secim-kurulu-baskanligindan-elazig-ticaret-ve-sanayi-odasi-organ-secimlerine-iliskin-duyurusu","status":"publish","type":"post","link":"https:\/\/elazigtso.org.tr\/tr\/index.php\/2023\/07\/27\/elazig-1-merkez-ilce-secim-kurulu-baskanligindan-elazig-ticaret-ve-sanayi-odasi-organ-secimlerine-iliskin-duyurusu\/","title":{"rendered":"Elaz\u0131\u011f 1.Merkez \u0130l\u00e7e Se\u00e7im Kurulu Ba\u015fkanl\u0131\u011f\u0131ndan Elaz\u0131\u011f Ticaret ve Sanayi Odas\u0131 Organ Se\u00e7imlerine \u0130li\u015fkin Duyurusu"},"content":{"rendered":"<\/p>\n<div class=\"content-detail\">\n                <img decoding=\"async\" src=\"http:\/\/elazigtso.com\/tr\/wp-content\/uploads\/2023\/07\/3d0piekrzk.png\" alt=\"Elaz\u0131\u011f 1.Merkez \u0130l\u00e7e Se\u00e7im Kurulu Ba\u015fkanl\u0131\u011f\u0131ndan Elaz\u0131\u011f Ticaret ve Sanayi Odas\u0131 Organ Se\u00e7imlerine \u0130li\u015fkin Duyurusu\" title=\"Elaz\u0131\u011f 1.Merkez \u0130l\u00e7e Se\u00e7im Kurulu Ba\u015fkanl\u0131\u011f\u0131ndan Elaz\u0131\u011f Ticaret ve Sanayi Odas\u0131 Organ Se\u00e7imlerine \u0130li\u015fkin Duyurusu\" class=\"menuimg\"><\/p>\n<p class=\"MsoNormal\" style=\"margin-bottom: 0.0001pt;line-height: normal\">5174<br \/>\nSay\u0131l\u0131 kanunun, Oda, Borsa ve Birlik Organlar\u0131n\u0131n Se\u00e7im Usul\u00fc ba\u015fl\u0131kl\u0131<br \/>\n\u00dc\u00e7\u00fcnc\u00fc B\u00f6l\u00fcm\u00fc ve Organ Se\u00e7imleri Hakk\u0131ndaki Y\u00f6netmelik h\u00fck\u00fcmlerine g\u00f6re<br \/>\nyap\u0131lacak Elaz\u0131\u011f Ticaret ve Sanayi Odas\u0131 Organ Se\u00e7imlerine ili\u015fkin hususlar<br \/>\na\u015fa\u011f\u0131da g\u00f6sterilmi\u015ftir.<\/p>\n<\/p>\n<p class=\"MsoNormal\" style=\"margin-bottom: 0.0001pt;line-height: normal\">\u00a0<\/p>\n<p class=\"MsoNormal\" style=\"margin-bottom: 0.0001pt;line-height: normal\"><b>I-SE\u00c7\u0130M G\u00dcNLER\u0130<\/b><\/p>\n<\/p>\n<p class=\"MsoNormal\" style=\"margin-bottom: 0.0001pt;line-height: normal\">1-Elaz\u0131\u011f<br \/>\nTicaret ve Sanayi Odas\u0131 Meslek Komiteleri ve Meclis \u00dcyelikleri Se\u00e7imi 12 Kas\u0131m 2022 Cumartesi g\u00fcn\u00fc Ko\u00e7 \u0130lkokulu (Cumhuriyet Mahallesi<br \/>\nFatih Ahmet Baba Bulvar\u0131, \u015f\u0131k Sokak No: 49 Elaz\u0131\u011f) binas\u0131nda yap\u0131lacakt\u0131r<br \/>\nOy verme i\u015flemi 09:00-17:00 saatleri<br \/>\naras\u0131nda yap\u0131lacakt\u0131r<\/p>\n<\/p>\n<p class=\"MsoNormal\" style=\"margin-bottom: 0.0001pt;line-height: normal\">\u00a0<\/p>\n<p class=\"MsoNormal\" style=\"margin-bottom: 0.0001pt;line-height: normal\">2-Ticaret<br \/>\nve Sanayi Odas\u0131 Y\u00f6netim Kurulu Ba\u015fkan\u0131 ve as\u0131l ve yedek \u00fcyeleri, Disiplin<br \/>\nKurulu as\u0131l ve yedek \u00fcyeleri ve Genel Kurul asil ve yedek delegeleri se\u00e7imleri 19 Kas\u0131m 2022 Cumartesi g\u00fcn\u00fc Ticaret ve<br \/>\nSanayi Odas\u0131 hizmet binas\u0131nda (Adres: Cumhuriyet Mahallesi Korgeneral Hulusi<br \/>\nSay\u0131n Caddesi No. 117 Elaz\u0131\u011f) 09:00 &#8211; 14:00<br \/>\nsaatleri aras\u0131nda yap\u0131lacakt\u0131r <\/p>\n<\/p>\n<p class=\"MsoNormal\" style=\"margin-bottom: 0.0001pt;line-height: normal\">3-Y\u00f6netim<br \/>\nKurulu Ba\u015fkanl\u0131k se\u00e7iminde oylar\u0131n e\u015fit \u00e7\u0131kmas\u0131 halinde en \u00e7ok oy olan iki aday<br \/>\naras\u0131nda, ayn\u0131 usulle ikinci tur se\u00e7imi ayn\u0131 yerde ve ayn\u0131 g\u00fcnde 15:00 &#8211; 17:00 saatleri aras\u0131nda<br \/>\nyap\u0131lacakt\u0131r.<\/p>\n<\/p>\n<p class=\"MsoNormal\" style=\"margin-bottom: 0.0001pt;line-height: normal\">\u00a0<\/p>\n<p class=\"MsoNormal\" style=\"margin-bottom: 0.0001pt;line-height: normal\"><b>II-\u00dcYE<br \/>\nL\u0130STELER\u0130N\u0130N ASKIYA \u00c7IKARILMASI<\/b><\/p>\n<\/p>\n<p class=\"MsoNormal\" style=\"margin-bottom: 0.0001pt;line-height: normal\">Ticaret<br \/>\nve Sanayi Odas\u0131n\u0131n onaylanan Se\u00e7me ve Se\u00e7ilme hakk\u0131na haiz \u00fcyeleri g\u00f6steren<br \/>\ng\u00fcncel \u00dcye listeleri, se\u00e7im tarihi ve s\u00fcresi, se\u00e7imin yap\u0131laca\u011f\u0131 yer ile se\u00e7ime<br \/>\nili\u015fkin di\u011fer hususlar\u0131n Ticaret ve Sanayi Odas\u0131n\u0131 bulundu\u011fu hizmet binas\u0131n\u0131n<br \/>\nilan yerinde. 26 Ekim 2022 \u00c7ar\u015famba g\u00fcn\u00fc<br \/>\nsaat 08:00&#8242; de ask\u0131ya \u00e7\u0131kar\u0131lacakt\u0131r. \u0130lan yerinde \u00dc\u00e7 (3) Tam \u0130\u015f G\u00fcn\u00fc s\u00fcre<br \/>\nile ask\u0131da kalan ve ilan edilen listeler ve di\u011fer hususlar 28 Ekim 2022 Cuma g\u00fcn\u00fc saat 17:00 de ask\u0131dan indirilecektir. Oda<br \/>\n\u00fcyeleri ask\u0131 ve ilan s\u00fcresi i\u00e7inde \u0130l\u00e7e Se\u00e7im Kurulu Ba\u015fkanl\u0131\u011f\u0131na<br \/>\nitirazda\u00a0bulunabilirler.<\/p>\n<\/p>\n<p class=\"MsoNormal\" style=\"margin-bottom: 0.0001pt;line-height: normal\">\u00a0<\/p>\n<p class=\"MsoNormal\" style=\"margin-bottom: 0.0001pt;line-height: normal\"><b>III-\u00dcYE<br \/>\nL\u0130STELER\u0130NE \u0130T\u0130RAZLARIN BA\u015eLAMASI VE S\u00dcRES\u0130<\/b><\/p>\n<\/p>\n<p class=\"MsoNormal\" style=\"margin-bottom: 0.0001pt;line-height: normal\">Listelere<br \/>\nitiraz;<br \/>\nlistelerin ask\u0131da bulundu\u011fu \u00fc\u00e7 (3) tam i\u015f g\u00fcnl\u00fck ask: ve ilan s\u00fcresi i\u00e7inde (26 Ekim 2022 \u00c7ar\u015famba g\u00fcn\u00fc saat: 08.00 ile<br \/>\n28 Ekim 2022 Cuma g\u00fcn\u00fc saat 17.00 aras\u0131nda) Elaz\u0131\u011f Adliye Saray\u0131 binas\u0131nda<br \/>\nbulunan Merkez il\u00e7e Se\u00e7im Kurulu Ba\u015fkanl\u0131\u011f\u0131na yaz\u0131l\u0131 olarak yap\u0131l\u0131r itirazlar<br \/>\nil\u00e7e Se\u00e7im Kurulu Ba\u015fkanl\u0131\u011f\u0131nca incelenerek iki (2) g\u00fcn i\u00e7inde karara ba\u011flan\u0131r.<br \/>\nBu karara tebli\u011f tarihinden itibaren de (3) g\u00fcn i\u00e7inde il Se\u00e7im Kuruluna itiraz<br \/>\nedebilir \u0130l Se\u00e7im Kurulunun \u00fc\u00e7 (3) g\u00fcn i\u00e7inde<br \/>\nverece\u011fi\u00a0karar\u00a0kesindir.<\/p>\n<\/p>\n<p class=\"MsoNormal\" style=\"margin-bottom: 0.0001pt;line-height: normal\">\u00a0<\/p>\n<p class=\"MsoNormal\" style=\"margin-bottom: 0.0001pt;line-height: normal\"><b>IV-SE\u00c7\u0130LECEK<br \/>\nMESLEK KOM\u0130TE VE MECL\u0130S \u00dcYEL\u0130K SAYILARI<\/b><\/p>\n<\/p>\n<p class=\"MsoNormal\" style=\"margin-bottom: 0.0001pt;line-height: normal\">Elaz\u0131\u011f Ticaret<br \/>\nve Sanayi Odas\u0131 \u00fcye say\u0131s\u0131 5001-10000 olmas\u0131 nedeniyle; Meslek Komitesi \u00dcye say\u0131s\u0131 5001-10000 aras\u0131nda olan<br \/>\nodalarda: 100-200 \u00fcyeli meslek guruplar\u0131nda be\u015f ki\u015fiden, 201 ve daha fazla<br \/>\n\u00fcyeli meslek gruplar\u0131nda yedi ki\u015fiden olu\u015fur ve ayn\u0131 say\u0131da yedek \u00fcye se\u00e7ilir<br \/>\nMeclis \u00dcye Say\u0131s\u0131 meslek komiteleri be\u015f ki\u015fiden olu\u015fan gruplarda iki\u015fer, yedi<br \/>\nki\u015fiden olu\u015fan gruplarda \u00fc\u00e7er meclis \u00fcyesi se\u00e7ilir. Ayr\u0131ca ayn\u0131 say\u0131da yedek<br \/>\n\u00fcye se\u00e7ilir.<\/p>\n<\/p>\n<p class=\"MsoNormal\" style=\"margin-bottom: 0.0001pt;line-height: normal\">\u00a0<\/p>\n<p class=\"MsoNormal\" style=\"margin-bottom: 0.0001pt;line-height: normal\"><b>V-SE\u00c7\u0130M SANDIK<br \/>\nKURULU ALANLARI<\/b><\/p>\n<\/p>\n<p class=\"MsoNormal\" style=\"margin-bottom: 0.0001pt;line-height: normal\">Elaz\u0131\u011f<br \/>\nTicaret ve Sanayi Odas\u0131na Meslek Komitesi ve Meclis \u00dcyeli\u011fi se\u00e7imlerinde<br \/>\n\u00fcyelerin oylar\u0131n\u0131 kullanabilmeleri i\u00e7in 16 adet sand\u0131k kurulu olu\u015fturulmas\u0131<br \/>\nuygun bulunmu\u015ftur. SE\u00c7\u0130M SANDIKLARI \u015eEH\u0130R MERKEZ\u0130NDE BULUNAN KO\u00c7 \u0130LKOKUL<br \/>\nB\u0130NASINDA KURULARAK OY VERME I\u015eLEMLER\u0130 BURADA YAPILACAKTIR.<\/p>\n<\/p>\n<p class=\"MsoNormal\" style=\"margin-bottom: 0.0001pt;line-height: normal\">\u00a0<\/p>\n<p class=\"MsoNormal\" style=\"margin-bottom: 0.0001pt;line-height: normal\"><b>VI-OY PUSULASI<br \/>\nVE ZARF, OYUN KULLANILMASI <\/b><\/p>\n<\/p>\n<p class=\"MsoNormal\" style=\"margin-bottom: 0.0001pt;line-height: normal\">Oylar,<br \/>\nherhangi bir \u015fekilde haz\u0131rlanm\u0131\u015f oy pusulalar\u0131n\u0131n, \u00fczerinde il\u00e7e se\u00e7im kurulu<br \/>\nm\u00fchr\u00fc bulunan ve oy verme s\u0131ras\u0131nda se\u00e7im sand\u0131k kurulu ba\u015fkan\u0131 taraf\u0131ndan her<br \/>\nmeslek grubu i\u00e7in ayn\u0131 verilecek zarflara konulmas\u0131 suretiyle kullan\u0131l\u0131r. En az<br \/>\nyedi meslek grubu kurulamayan borsalarda meclis \u00fcye se\u00e7imi m\u00fch\u00fcrl\u00fc tek tip<br \/>\nzarflarla yap\u0131l\u0131r. Oylar ilan edilen g\u00fcn ve saatte belirlenen yerlerde, se\u00e7im<br \/>\nsand\u0131k kurulunun huzurunda sand\u0131\u011fa at\u0131lmak suretiyle kullan\u0131l\u0131r.<\/p>\n<\/p>\n<p class=\"MsoNormal\" style=\"margin-bottom: 0.0001pt;line-height: normal\">Se\u00e7menlerin<br \/>\noy pusulalar\u0131n\u0131 gizli olarak yazmalar\u0131 veya haz\u0131r ve bas\u0131l\u0131 oy pusulalar\u0131n\u0131<br \/>\nzarfa koymalar\u0131 i\u00e7in, kendilerine kapal\u0131 oy verme yeri g\u00f6sterilir. Oy<br \/>\npusulalar\u0131n\u0131n bu kapal\u0131 yerde zarfa konulmas\u0131 mecburidir.<\/p>\n<\/p>\n<p class=\"MsoNormal\" style=\"margin-bottom: 0.0001pt;line-height: normal\">\u00a0<\/p>\n<p class=\"MsoNormal\" style=\"margin-bottom: 0.0001pt;line-height: normal\">Oy<br \/>\npusulalar\u0131nda asil ve yedek \u00fcyeli\u011fe se\u00e7ilecek olanlar ayr\u0131 ayr\u0131 g\u00f6sterilir.<br \/>\nAday adlar\u0131n\u0131n yan\u0131na s\u0131ra numaras\u0131 konulmaz, konulmu\u015f ise bunlar tercih<br \/>\ns\u0131ras\u0131n\u0131 g\u00f6stermez. Se\u00e7menin oy hakk\u0131n\u0131 s\u0131n\u0131rlay\u0131c\u0131 hi\u00e7bir tedbir al\u0131namayaca\u011f\u0131<br \/>\ngibi, m\u00fckellefiyet de y\u00fcklenemez. Bir se\u00e7men kapal\u0131 oy yerinden d\u0131\u015far\u0131<br \/>\n\u00e7\u0131kmad\u0131k\u00e7a hi\u00e7 kimse oraya giremez. Zarf\u0131 alan se\u00e7men do\u011frudan kapal\u0131 oy verme<br \/>\nyerine gider ve oyunu bu yerde zarfa koyar. Kapal\u0131 oy verme yerine girmeyen<br \/>\nveya zarf\u0131 al\u0131p oy vermeyen, ya da a\u00e7\u0131kta oy kullanmak isteyen se\u00e7menden zarf<br \/>\nse\u00e7im sand\u0131k kurulunca geri al\u0131n\u0131r, bu ki\u015fiye oy kulland\u0131r\u0131lmaz, durum<br \/>\ntutanakla tespit olunur. Se\u00e7im sand\u0131k kurulunun se\u00e7me yeterlili\u011fi ta\u015f\u0131yan<br \/>\n\u00fcyeleri mensubu bulunduklar\u0131 meslek gruplar\u0131 sand\u0131klar\u0131nda oylar\u0131m\u0131 kullan\u0131r.<\/p>\n<\/p>\n<p class=\"MsoNormal\" style=\"margin-bottom: 0.0001pt;line-height: normal\">\u00a0<\/p>\n<p class=\"MsoNormal\" style=\"margin-bottom: 0.0001pt;line-height: normal\">T\u00fczel<br \/>\nki\u015filer meslek komiteleri ve meclis \u00fcyeli\u011fi se\u00e7imlerine t\u00fczel ki\u015fi olarak<br \/>\nkat\u0131l\u0131r. Meslek komitesi ve meclis \u00fcyeli\u011fi se\u00e7imleri hari\u00e7 yap\u0131lacak di\u011fer<br \/>\nse\u00e7imlerde se\u00e7ilen t\u00fczel ki\u015fi de\u011fil, t\u00fczel ki\u015finin temsilcisi ger\u00e7ek ki\u015fidir.<br \/>\nMeslek komiteleri ve meclis \u00fcyeli\u011fi se\u00e7iminde oy pusulalar\u0131na t\u00fczel ki\u015finin<br \/>\nunvan\u0131 di\u011fer se\u00e7imlerde ise oy pusulas\u0131na t\u00fczel ki\u015filerin ger\u00e7ek ki\u015fi<br \/>\ntemsilcisinin ad\u0131 yaz\u0131l\u0131r. Disiplin kurulu \u00fcyeli\u011fi se\u00e7iminde kullan\u0131lacak oy pusulalar\u0131na,<br \/>\nt\u00fczel ki\u015fimin unvan\u0131 ile t\u00fczel ki\u015finin temsilcisi ger\u00e7ek ki\u015finin isminin<br \/>\nbirlikte yaz\u0131lmas\u0131 zorunludur. Oy pusulas\u0131nda sadece t\u00fczel ki\u015finin unvan\u0131n\u0131<br \/>\nveya sadece t\u00fczel ki\u015fi temsilcisi ger\u00e7ek ki\u015finin ad\u0131n\u0131n belirtilmi\u015f olmas\u0131<br \/>\nhalinde bu oylar ge\u00e7ersiz say\u0131l\u0131r. Bu hususlara dikkat\u00a0edilmelidir.<\/p>\n<\/p>\n<p class=\"MsoNormal\" style=\"margin-bottom: 0.0001pt;line-height: normal\">\u00a0<\/p>\n<p class=\"MsoNormal\" style=\"margin-bottom: 0.0001pt;line-height: normal\">Ger\u00e7ek ki\u015filer; se\u00e7imlere<br \/>\nbizzat i\u015ftirak ederler Bu ki\u015filer, se\u00e7me ve se\u00e7ilme haklar\u0131m\u0131n vekaleten<br \/>\nkulland\u0131r\u0131lamazlar.<\/p>\n<\/p>\n<p class=\"MsoNormal\" style=\"margin-bottom: 0.0001pt;line-height: normal\">T\u00fczel ki\u015fi<br \/>\ntemsilcisi ger\u00e7ek ki\u015filerin, temsilcilerinin, temsil ettikleri t\u00fczel<br \/>\nki\u015finin tescil s\u00f6zle\u015fmeleri gere\u011fince temsil ve ba\u011flay\u0131c\u0131 i\u015flem yapma yetkisine<br \/>\nsahip olduklar\u0131na dair ticaret sicil m\u00fcd\u00fcrl\u00fc\u011f\u00fcnden doksan g\u00fcn i\u00e7erisinde<br \/>\nal\u0131nm\u0131\u015f yetki belgesinin veya sicil<br \/>\ntasdiknamesinin oy kullanma s\u0131ras\u0131nda ibraz\u0131 gerekir. \u0130braz edilen sicil<br \/>\ntasdiknamesinin bir fotokopisi oy kullan\u0131lan sand\u0131k kurulu ba\u015fkan\u0131na teslim<br \/>\nedilir.<\/p>\n<\/p>\n<p class=\"MsoNormal\" style=\"margin-bottom: 0.0001pt;line-height: normal\">\u00a0<\/p>\n<p class=\"MsoNormal\" style=\"margin-bottom: 0.0001pt;line-height: normal\">Ticaret<br \/>\nsicil m\u00fcd\u00fcrl\u00fcklerince organ se\u00e7imlerinin yap\u0131ld\u0131\u011f\u0131 tarihte \u00f6nceki doksan g\u00fcn de<br \/>\ndahil olmak \u00fczere oda ve borsa organ se\u00e7imlerinin yap\u0131ld\u0131\u011f\u0131 aylarda se\u00e7im<br \/>\namac\u0131yla tasdik edilen bu belgelerden har\u00e7 ve hizmet bedeli tahsil edilmez.<br \/>\nSe\u00e7men listesinde ad\u0131 yaz\u0131l\u0131 olmayan \u00fcye veya delegeler oy kullanamazlar.<br \/>\nOylar, ilan edilen g\u00fcn ve saatte belirlenen yerlerde se\u00e7im sand\u0131k kurulunun<br \/>\nhuzurunda sand\u0131\u011fa at\u0131lmak suretiyle kullan\u0131l\u0131r. Oylar, oy verinin kimli\u011finin<br \/>\noda veya resmi kurulu\u015f\u00e7a verilen belge ile ispat edilmesinde ve listedeki<br \/>\nisminin kar\u015f\u0131s\u0131ndaki yeren imzalanmas\u0131ndan sonra kullan\u0131l\u0131r. <\/p>\n<\/p>\n<p class=\"MsoNormal\" style=\"margin-bottom: 0.0001pt;line-height: normal\">\u00a0<\/p>\n<p class=\"MsoNormal\" style=\"margin-bottom: 0.0001pt;line-height: normal\"><b>VII-SE\u00c7\u0130M<br \/>\nSONU\u00c7LARININ \u0130LANI, \u0130T\u0130RAZLAR VE KES\u0130NLE\u015eME<\/b><\/p>\n<\/p>\n<p class=\"MsoNormal\" style=\"margin-bottom: 0.0001pt;line-height: normal\">12 Kas\u0131m 2022<br \/>\nCumartesi<br \/>\ng\u00fcn\u00fc yap\u0131lacak olan Ticaret ve Sanayi Odas\u0131 Meslek Komitesi ve Meclis<br \/>\n\u00fcyelikleri se\u00e7iminin ge\u00e7ici se\u00e7im sonu\u00e7lar\u0131 g\u00f6sterir sand\u0131k kurulu tutanaklar\u0131 14 Kas\u0131m 2022 Pazartesi g\u00fcn\u00fc se\u00e7im<br \/>\nmahallinde ve Ticaret ve Sanayi Odas\u0131 hizmet binas\u0131 ilan yerinde as\u0131lmak<br \/>\nsuretiyle bir (1) tam i\u015f g\u00fcn\u00fc ilan edilecektir. Meslek Komitesi ve Meclis<br \/>\n\u00dcyelik se\u00e7imlerinin devam\u0131 s\u0131ras\u0131nda yap\u0131lan i\u015flemler ile ilan s\u00fcresi i\u00e7inde<br \/>\nse\u00e7im sonu\u00e7lar\u0131na yap\u0131lacak itirazlar i\u00e7e se\u00e7im kurulu ba\u015fkan\u0131nca ayn\u0131 g\u00fcn<br \/>\nincelenip ve karara ba\u011flar. \u0130l\u00e7e se\u00e7im kurulu Ba\u015fkan\u0131 ge\u00e7ici se\u00e7im sonu\u00e7lar\u0131na<br \/>\nkar\u015f\u0131 itiraz \u00fczerine verece\u011fi kararlar. 15<br \/>\nKas\u0131m 2022 Sal\u0131 g\u00fcn\u00fc Ticaret ve Sanayi Odas\u0131n\u0131n bulundu\u011fu hizmet binan\u0131n<br \/>\nilan yerinde ve se\u00e7im yerinde as\u0131lmak suretiyle bir (1) tam i\u015f g\u00fcn\u00fc ilan<br \/>\nedilecektir. Bu kararlara kar\u015f\u0131, ilan s\u00fcresi i\u00e7inde II se\u00e7im kurul nezdinde<br \/>\nitiraz edilebilir. \u0130l se\u00e7im kurulu itiraz\u0131 bir (1) g\u00fcn i\u00e7inde karara ba\u011flar Bu<br \/>\nkarar kesindir 17 Kas\u0131m 2022 Per\u015fembe<br \/>\ng\u00fcn\u00fc kesin se\u00e7im sonu\u00e7lar\u0131m\u0131 Ticaret ve Sanayi Odas\u0131 hizmet binas\u0131n\u0131n ilan<br \/>\nyerinde as\u0131lmak suretiyle bir (1) tam g\u00fcn i\u015f g\u00fcn\u00fc ilan edilecektir<\/p>\n<\/p>\n<p class=\"MsoNormal\" style=\"margin-bottom: 0.0001pt;line-height: normal\">\u00a0<\/p>\n<p class=\"MsoNormal\" style=\"margin-bottom: 0.0001pt;line-height: normal\"><b>VIII-MESLEK<br \/>\nKOM\u0130TES\u0130NE SE\u00c7\u0130LEN \u00dcYELER\u0130N TEMS\u0130LC\u0130LER\u0130N\u0130 B\u0130LD\u0130RME\u00a0ZORUNLULU\u011eU<\/b><\/p>\n<\/p>\n<p class=\"MsoNormal\" style=\"margin-bottom: 0.0001pt;line-height: normal\">Meslek<br \/>\nKomitesi ve meclis \u00fcyeli\u011fine se\u00e7ilen t\u00fczel ki\u015filer, meslek komitesi ve meclis<br \/>\n\u00fcyeli\u011fi se\u00e7imlerinin kesinle\u015fmesinden itibaren bir (1) g\u00fcn i\u00e7inde meslek<br \/>\nkomitesi ve meclis \u00fcyeli\u011finde t\u00fczel ki\u015fiyi temsil edecek ger\u00e7ek ki\u015finin ismini<br \/>\noda veya borsaya bildirir. Bu s\u00fcre i\u00e7inde bildirimin yap\u0131lmamas\u0131 halinde,<br \/>\nmeslek komitesi ve meclis \u00fcyeli\u011fi se\u00e7imlerinde oy kullanan t\u00fczel ki\u015finin ger\u00e7ek<br \/>\nki\u015fi temsilcisi, y\u00f6netim kurulu ba\u015fkan ve \u00fcyeli\u011fi se\u00e7iminde oy kullanamaz.<br \/>\nMeslek komitesi ve meclis \u00fcyeli\u011fine se\u00e7ilen t\u00fczel ki\u015filer kendilerinin temsil edecek<br \/>\nger\u00e7ek ki\u015filerde ilgili yapacaklar\u0131 bildirimi yaz\u0131l\u0131 olarak yapmalar\u0131 ve<br \/>\nbildirilen temsilcinin Y\u00f6netmenli\u011fin 6 nc\u0131 maddesin d\u00f6rd\u00fcnc\u00fc k\u0131s\u0131mdaki \u015fartlar\u0131<br \/>\nta\u015f\u0131d\u0131\u011f\u0131n\u0131 tevsik eden ticaret sicil m\u00fcd\u00fcrl\u00fc\u011f\u00fcnden al\u0131nm\u0131\u015f yetki belgesini<br \/>\nbildirime eklemeleri zorunludur.<\/p>\n<\/p>\n<p class=\"MsoNormal\" style=\"margin-bottom: 0.0001pt;line-height: normal\">\u00a0<\/p>\n<p class=\"MsoNormal\" style=\"margin-bottom: 0.0001pt;line-height: normal\"><b>XI-Y\u00d6NET\u0130M<br \/>\nKURULU BA\u015eKAN VE \u00dcYELER\u0130, GENEL KURUL DELEGELER\u0130 VE D\u0130S\u0130PL\u0130N KURULU \u00dcYELER\u0130<br \/>\nSE\u00c7\u0130M\u0130<\/b><\/p>\n<\/p>\n<p class=\"MsoNormal\" style=\"margin-bottom: 0.0001pt;line-height: normal\">19 Kas\u0131m 2022<br \/>\nCumartesi<br \/>\ng\u00fcn\u00fc Ticaret ve Sanayi Odas\u0131 hizmet binas\u0131nda (Adres: Cumhuriyet Mahallesi<br \/>\nKorgeneral Hulusi Say\u0131n Caddesi No:117 Elaz\u0131\u011f) yap\u0131lacak olan Y\u00f6netim Kurulu<br \/>\nBa\u015fkan\u0131 ve \u00dcyeleri Genel Kurul Delegeleri ve Disiplin Kurulu \u00fcyeli\u011fi ge\u00e7ici<br \/>\nse\u00e7im sonu\u00e7lar\u0131n\u0131n 21 Kas\u0131m 2022<br \/>\nPazartesi g\u00fcn\u00fc bir (1) tam i\u015f g\u00fcn\u00fc se\u00e7im yerinde as\u0131lmak suretiyle ilan<br \/>\nedilecektir<\/p>\n<\/p>\n<p class=\"MsoNormal\" style=\"margin-bottom: 0.0001pt;line-height: normal\">\u00a0<\/p>\n<p class=\"MsoNormal\" style=\"margin-bottom: 0.0001pt;line-height: normal\">Se\u00e7imlerin<br \/>\ndevam\u0131 s\u0131ras\u0131nda yap\u0131lan i\u015flemler ile ilan s\u00fcresi i\u00e7inde se\u00e7im sonu\u00e7lar\u0131na<br \/>\nyap\u0131lacak itirazlar \u0130l\u00e7e Se\u00e7im Kurulu Ba\u015fkan\u0131nca ayn\u0131 g\u00fcn incelenip ve karara<br \/>\nba\u011flar ve bu karar se\u00e7im yerinde as\u0131lmak suretiyle 22 Kas\u0131m 2022 Sal\u0131 g\u00fcn\u00fc ilan edilecektir. Bu kararlara kar\u015f\u0131, ilan<br \/>\ns\u00fcresi i\u00e7inde \u0130l se\u00e7im kurulu nezdinde itiraz edilebilir. \u0130l se\u00e7im kurulu<br \/>\nitiraz bir (1) g\u00fcn i\u00e7inde karara ba\u011flar. Bu karar kesindir. <\/p>\n<\/p>\n<p class=\"MsoNormal\" style=\"margin-bottom: 0.0001pt;line-height: normal\">24 Kas\u0131m 2022<br \/>\nPer\u015fembe<br \/>\ng\u00fcn\u00fc kesin se\u00e7im sonu\u00e7lar\u0131n\u0131 se\u00e7im yerinde as\u0131lmak suretiyle ilan edilecektir<\/p>\n<\/p>\n<p class=\"MsoNormal\" style=\"margin-bottom: 0.0001pt;line-height: normal\">\u00a0<\/p>\n<p class=\"MsoNormal\" style=\"margin-bottom: 0.0001pt;line-height: normal\">\u0130lgililere\u00a0ilan\u00a0olunur.<\/p>\n<\/p>\n<\/p>\n<p class=\"MsoNormal\" style=\"margin-bottom:0cm;margin-bottom:.0001pt;text-align:justify;line-height:normal\">\n<p>\u00a0<\/p>\n<\/p>\n<\/p>\n<p>\u00a0<\/p>\n<p>Bu duyuru 6712 defa okundu. <\/p>\n<p>Ekleme Tarihi :2022-10-24 03:37:00 <\/p>\n<\/p><\/div>\n","protected":false},"excerpt":{"rendered":"<p>5174 Say\u0131l\u0131 kanunun, Oda, Borsa ve Birlik Organlar\u0131n\u0131n Se\u00e7im Usul\u00fc ba\u015fl\u0131kl\u0131 \u00dc\u00e7\u00fcnc\u00fc B\u00f6l\u00fcm\u00fc ve Organ Se\u00e7imleri Hakk\u0131ndaki Y\u00f6netmelik h\u00fck\u00fcmlerine g\u00f6re yap\u0131lacak Elaz\u0131\u011f Ticaret ve Sanayi Odas\u0131 Organ Se\u00e7imlerine ili\u015fkin hususlar a\u015fa\u011f\u0131da g\u00f6sterilmi\u015ftir. \u00a0 I-SE\u00c7\u0130M G\u00dcNLER\u0130 1-Elaz\u0131\u011f Ticaret ve Sanayi Odas\u0131 Meslek Komiteleri ve Meclis \u00dcyelikleri Se\u00e7imi 12 Kas\u0131m 2022 Cumartesi g\u00fcn\u00fc Ko\u00e7 \u0130lkokulu (Cumhuriyet Mahallesi [&hellip;]<\/p>\n","protected":false},"author":1,"featured_media":5650,"comment_status":"open","ping_status":"open","sticky":false,"template":"","format":"standard","meta":{"_jetpack_memberships_contains_paid_content":false,"footnotes":""},"categories":[3],"tags":[],"class_list":["post-5422","post","type-post","status-publish","format-standard","has-post-thumbnail","hentry","category-duyuru"],"jetpack_sharing_enabled":true,"jetpack_featured_media_url":"https:\/\/elazigtso.org.tr\/tr\/wp-content\/uploads\/2023\/07\/logo_news-80.jpg","_links":{"self":[{"href":"https:\/\/elazigtso.org.tr\/tr\/index.php\/wp-json\/wp\/v2\/posts\/5422","targetHints":{"allow":["GET"]}}],"collection":[{"href":"https:\/\/elazigtso.org.tr\/tr\/index.php\/wp-json\/wp\/v2\/posts"}],"about":[{"href":"https:\/\/elazigtso.org.tr\/tr\/index.php\/wp-json\/wp\/v2\/types\/post"}],"author":[{"embeddable":true,"href":"https:\/\/elazigtso.org.tr\/tr\/index.php\/wp-json\/wp\/v2\/users\/1"}],"replies":[{"embeddable":true,"href":"https:\/\/elazigtso.org.tr\/tr\/index.php\/wp-json\/wp\/v2\/comments?post=5422"}],"version-history":[{"count":0,"href":"https:\/\/elazigtso.org.tr\/tr\/index.php\/wp-json\/wp\/v2\/posts\/5422\/revisions"}],"wp:featuredmedia":[{"embeddable":true,"href":"https:\/\/elazigtso.org.tr\/tr\/index.php\/wp-json\/wp\/v2\/media\/5650"}],"wp:attachment":[{"href":"https:\/\/elazigtso.org.tr\/tr\/index.php\/wp-json\/wp\/v2\/media?parent=5422"}],"wp:term":[{"taxonomy":"category","embeddable":true,"href":"https:\/\/elazigtso.org.tr\/tr\/index.php\/wp-json\/wp\/v2\/categories?post=5422"},{"taxonomy":"post_tag","embeddable":true,"href":"https:\/\/elazigtso.org.tr\/tr\/index.php\/wp-json\/wp\/v2\/tags?post=5422"}],"curies":[{"name":"wp","href":"https:\/\/api.w.org\/{rel}","templated":true}]}}