{"id":5418,"date":"2023-07-27T11:55:50","date_gmt":"2023-07-27T08:55:50","guid":{"rendered":"http:\/\/elazigtso.com\/tr\/index.php\/2023\/07\/27\/iit-2-pamuk-tekstil-ve-giyim-fuari-erteleme\/"},"modified":"2023-07-27T11:55:50","modified_gmt":"2023-07-27T08:55:50","slug":"iit-2-pamuk-tekstil-ve-giyim-fuari-erteleme","status":"publish","type":"post","link":"https:\/\/elazigtso.org.tr\/tr\/index.php\/2023\/07\/27\/iit-2-pamuk-tekstil-ve-giyim-fuari-erteleme\/","title":{"rendered":"\u0130\u0130T 2. Pamuk, Tekstil ve Giyim Fuar\u0131 &#8211; Erteleme"},"content":{"rendered":"<\/p>\n<div class=\"content-detail\">\n<p>Say\u0131n \u00dcyemiz,<\/p>\n<p>TOBB taraf\u0131ndan Odam\u0131za g\u00f6nderilen yaz\u0131da,\u00a0 a) 09.08.2022 tarihli ve 8017 say\u0131l\u0131 yaz\u0131m\u0131z. b) D\u0131\u015fi\u015fleri Bakanl\u0131\u011f\u0131&#8217;n\u0131n 12.10.2022 tarihli ve 35043328 say\u0131l\u0131 yaz\u0131s\u0131na atfen,\u00a0\u0130lgi (a)&#8217;da kay\u0131tl\u0131 yaz\u0131m\u0131zda \u0130slam Ticaret Geli\u015ftirme Merkezi (ICDT) ve Fildi\u015fi Sahili Cumhuriyeti Ticaret, Sanayi ve KOB\u0130&#8217;ler Bakanl\u0131\u011f\u0131&#8217;n\u0131n 19 &#8211; 23 Ekim 2022 tarihlerinde Fildi\u015fi Sahili, Abidjan \u015fehrinde \u0130slam \u0130\u015fbirli\u011fi Te\u015fkilat\u0131 \u00dcye Devletleri Pamuk, Tekstil ve Giyim 2. Sergisi&#8217;ni d\u00fczenleyece\u011fi bildirilmi\u015fti.<\/p>\n<p>Bu defa, ilgi (b)&#8217;de kay\u0131tl\u0131 yaz\u0131da bahse konu etkinli\u011fin ileri bir tarihe ertelendi\u011fi belirtilmekte, yeni tarihin<br \/>\nbilahare bildirilece\u011fi iletilmektedir.<\/p>\n<p>Sayg\u0131lar\u0131m\u0131zla,<\/p>\n<p>Elaz\u0131\u011f Ticaret ve Sanayi Odas\u0131\u00a0<\/p>\n<p>\u00a0<\/p>\n<p>Bu duyuru 390 defa okundu. <\/p>\n<p>Ekleme Tarihi :2022-10-17 09:35:00 <\/p>\n<\/p><\/div>\n","protected":false},"excerpt":{"rendered":"<p>Say\u0131n \u00dcyemiz, TOBB taraf\u0131ndan Odam\u0131za g\u00f6nderilen yaz\u0131da,\u00a0 a) 09.08.2022 tarihli ve 8017 say\u0131l\u0131 yaz\u0131m\u0131z. b) D\u0131\u015fi\u015fleri Bakanl\u0131\u011f\u0131&#8217;n\u0131n 12.10.2022 tarihli ve 35043328 say\u0131l\u0131 yaz\u0131s\u0131na atfen,\u00a0\u0130lgi (a)&#8217;da kay\u0131tl\u0131 yaz\u0131m\u0131zda \u0130slam Ticaret Geli\u015ftirme Merkezi (ICDT) ve Fildi\u015fi Sahili Cumhuriyeti Ticaret, Sanayi ve KOB\u0130&#8217;ler Bakanl\u0131\u011f\u0131&#8217;n\u0131n 19 &#8211; 23 Ekim 2022 tarihlerinde Fildi\u015fi Sahili, Abidjan \u015fehrinde \u0130slam \u0130\u015fbirli\u011fi Te\u015fkilat\u0131 \u00dcye [&hellip;]<\/p>\n","protected":false},"author":1,"featured_media":5650,"comment_status":"open","ping_status":"open","sticky":false,"template":"","format":"standard","meta":{"_jetpack_memberships_contains_paid_content":false,"footnotes":""},"categories":[3],"tags":[],"class_list":["post-5418","post","type-post","status-publish","format-standard","has-post-thumbnail","hentry","category-duyuru"],"jetpack_sharing_enabled":true,"jetpack_featured_media_url":"https:\/\/elazigtso.org.tr\/tr\/wp-content\/uploads\/2023\/07\/logo_news-80.jpg","_links":{"self":[{"href":"https:\/\/elazigtso.org.tr\/tr\/index.php\/wp-json\/wp\/v2\/posts\/5418","targetHints":{"allow":["GET"]}}],"collection":[{"href":"https:\/\/elazigtso.org.tr\/tr\/index.php\/wp-json\/wp\/v2\/posts"}],"about":[{"href":"https:\/\/elazigtso.org.tr\/tr\/index.php\/wp-json\/wp\/v2\/types\/post"}],"author":[{"embeddable":true,"href":"https:\/\/elazigtso.org.tr\/tr\/index.php\/wp-json\/wp\/v2\/users\/1"}],"replies":[{"embeddable":true,"href":"https:\/\/elazigtso.org.tr\/tr\/index.php\/wp-json\/wp\/v2\/comments?post=5418"}],"version-history":[{"count":0,"href":"https:\/\/elazigtso.org.tr\/tr\/index.php\/wp-json\/wp\/v2\/posts\/5418\/revisions"}],"wp:featuredmedia":[{"embeddable":true,"href":"https:\/\/elazigtso.org.tr\/tr\/index.php\/wp-json\/wp\/v2\/media\/5650"}],"wp:attachment":[{"href":"https:\/\/elazigtso.org.tr\/tr\/index.php\/wp-json\/wp\/v2\/media?parent=5418"}],"wp:term":[{"taxonomy":"category","embeddable":true,"href":"https:\/\/elazigtso.org.tr\/tr\/index.php\/wp-json\/wp\/v2\/categories?post=5418"},{"taxonomy":"post_tag","embeddable":true,"href":"https:\/\/elazigtso.org.tr\/tr\/index.php\/wp-json\/wp\/v2\/tags?post=5418"}],"curies":[{"name":"wp","href":"https:\/\/api.w.org\/{rel}","templated":true}]}}