{"id":5417,"date":"2023-07-27T11:53:51","date_gmt":"2023-07-27T08:53:51","guid":{"rendered":"http:\/\/elazigtso.com\/tr\/index.php\/2023\/07\/27\/norvecte-kain-hadelang-glassverk-cam-fabrikasinin-talebi\/"},"modified":"2023-07-27T11:53:51","modified_gmt":"2023-07-27T08:53:51","slug":"norvecte-kain-hadelang-glassverk-cam-fabrikasinin-talebi","status":"publish","type":"post","link":"https:\/\/elazigtso.org.tr\/tr\/index.php\/2023\/07\/27\/norvecte-kain-hadelang-glassverk-cam-fabrikasinin-talebi\/","title":{"rendered":"Norve\u00e7&#8217;te Kain &#8220;Hadelang Glassverk&#8221; Cam Fabrikas\u0131n\u0131n Talebi"},"content":{"rendered":"<\/p>\n<div class=\"content-detail\">\n<p>Say\u0131n \u00dcyemiz,<\/p>\n<p>TOBB taraf\u0131ndan Odam\u0131za g\u00f6nderilen yaz\u0131da,\u00a0Ticaret Bakanl\u0131\u011f\u0131\u2019n\u0131n 02.10.2022 tarih ve 78683921 say\u0131l\u0131 yaz\u0131s\u0131.\u00a0D\u0131\u015fi\u015fleri Bakanl\u0131\u011f\u0131ndan al\u0131nan yaz\u0131ya atfen, 1762 y\u0131l\u0131nda kurulan ve Norve\u00e7&#8217;te halen faaliyete devam eden en eski s\u0131nai \u00fcretim i\u015fletmesi \u00f6zelli\u011fine sahip &#8220;Hadelang Glassverk&#8221; cam fabrikas\u0131 yetkililerinin \u00fclkemizle i\u015fbirli\u011fini geli\u015ftirmeyi arzu ettikleri ifade edilmektedir. Yaz\u0131da devamla bahse konu firman\u0131n;<\/p>\n<ul>\n<li>Norve\u00e7&#8217;te cam i\u015f\u00e7ili\u011finde tecr\u00fcbeli, kalifiye i\u015f\u00e7i bulmakta zorland\u0131klar\u0131 \u00fclkemizde bu alanda<br \/>\nyetkin i\u015f\u00e7iler oldu\u011funu bildikleri ve \u00fclkemizden Norve\u00e7&#8217;e cam i\u015f\u00e7isi getirmeyi arzu ettikleri,<br \/>\ngerekli d\u00fczenlemelerin yap\u0131lmas\u0131 halinde ilk etapta 10 i\u015f\u00e7iyi derhal Norve\u00e7&#8217;e getirebilecekleri,\u00a0<\/li>\n<li>\u00dcretim hatt\u0131n\u0131n bir k\u0131sm\u0131n\u0131n h\u00e2lihaz\u0131rda Asya \u00fclkelerinde oldu\u011fu, ancak Asya&#8217;da \u00fcretilen<br \/>\nmalzemelerin as\u0131l olarak sat\u0131ld\u0131\u011f\u0131 Avrupa&#8217;ya nakliyesinin gecikmeli ve maliyetli olmas\u0131 nedeniyle<br \/>\n\u00fcretim hatt\u0131n\u0131n bir k\u0131sm\u0131n\u0131 Asya \u00fclkelerinden T\u00fcrkiye&#8217;ye ta\u015f\u0131may\u0131 de\u011ferlendirdikleri,<\/li>\n<li>\u00dcretilen enerjinin depolanmas\u0131na imk\u00e2n veren bir g\u00fcne\u015f \u0131s\u0131s\u0131 paneli sistemi geli\u015ftirdikleri ve<br \/>\nT\u00fcrkiye&#8217;nin bu konuda Avrupa&#8217;daki en b\u00fcy\u00fck pazar oldu\u011fu, bu nedenle \u00fcretim ve di\u011fer b\u00f6lge<br \/>\n\u00fclkelerine de sat\u0131\u015f amac\u0131yla \u00fclkemizde bir fabrika kurmay\u0131 d\u00fc\u015f\u00fcnd\u00fckleri, buna ilgi duyabilecek<br \/>\nT\u00fcrk firmalar\u0131n\u0131 da ara\u015ft\u0131rmakta olduklar\u0131, \u00f6rne\u011fin Ar\u00e7elik&#8217;in g\u00fcne\u015f \u0131s\u0131s\u0131 paneli konusuna ilgili<br \/>\nduydu\u011funu bildikleri,<\/li>\n<li>Bahse konu firmayla i\u015fbirli\u011finin geli\u015ftirilmesinin Norve\u00e7&#8217;le ekonomik ve ticari ili\u015fkilerimiz<br \/>\na\u00e7\u0131s\u0131ndan yararl\u0131 olaca\u011f\u0131, firman\u0131n \u00fclkemizdeki yat\u0131r\u0131m planlar\u0131 daha ziyade orta ve uzun vadeye<br \/>\ny\u00f6nelik olmakla birlikte, ilk etapta firman\u0131n tecr\u00fcbeli ve kalifiye cam i\u015f\u00e7isi talebinin<br \/>\nkar\u015f\u0131lanmas\u0131n\u0131n verimli bir i\u015fbirli\u011finin ba\u015flang\u0131c\u0131 olabilece\u011finin de\u011ferlendirildi\u011fi,\u00a0<\/li>\n<\/ul>\n<p>kaydedilmektedir.<\/p>\n<p>Sayg\u0131lar\u0131m\u0131zla,<\/p>\n<p>Elaz\u0131\u011f Ticaret ve Sanayi Odas\u0131\u00a0<\/p>\n<p>\u00a0<\/p>\n<p>Bu duyuru 516 defa okundu. <\/p>\n<p>Ekleme Tarihi :2022-10-14 12:25:00 <\/p>\n<\/p><\/div>\n","protected":false},"excerpt":{"rendered":"<p>Say\u0131n \u00dcyemiz, TOBB taraf\u0131ndan Odam\u0131za g\u00f6nderilen yaz\u0131da,\u00a0Ticaret Bakanl\u0131\u011f\u0131\u2019n\u0131n 02.10.2022 tarih ve 78683921 say\u0131l\u0131 yaz\u0131s\u0131.\u00a0D\u0131\u015fi\u015fleri Bakanl\u0131\u011f\u0131ndan al\u0131nan yaz\u0131ya atfen, 1762 y\u0131l\u0131nda kurulan ve Norve\u00e7&#8217;te halen faaliyete devam eden en eski s\u0131nai \u00fcretim i\u015fletmesi \u00f6zelli\u011fine sahip &#8220;Hadelang Glassverk&#8221; cam fabrikas\u0131 yetkililerinin \u00fclkemizle i\u015fbirli\u011fini geli\u015ftirmeyi arzu ettikleri ifade edilmektedir. Yaz\u0131da devamla bahse konu firman\u0131n; Norve\u00e7&#8217;te cam i\u015f\u00e7ili\u011finde tecr\u00fcbeli, [&hellip;]<\/p>\n","protected":false},"author":1,"featured_media":5650,"comment_status":"open","ping_status":"open","sticky":false,"template":"","format":"standard","meta":{"_jetpack_memberships_contains_paid_content":false,"footnotes":""},"categories":[3],"tags":[],"class_list":["post-5417","post","type-post","status-publish","format-standard","has-post-thumbnail","hentry","category-duyuru"],"jetpack_sharing_enabled":true,"jetpack_featured_media_url":"https:\/\/elazigtso.org.tr\/tr\/wp-content\/uploads\/2023\/07\/logo_news-80.jpg","_links":{"self":[{"href":"https:\/\/elazigtso.org.tr\/tr\/index.php\/wp-json\/wp\/v2\/posts\/5417","targetHints":{"allow":["GET"]}}],"collection":[{"href":"https:\/\/elazigtso.org.tr\/tr\/index.php\/wp-json\/wp\/v2\/posts"}],"about":[{"href":"https:\/\/elazigtso.org.tr\/tr\/index.php\/wp-json\/wp\/v2\/types\/post"}],"author":[{"embeddable":true,"href":"https:\/\/elazigtso.org.tr\/tr\/index.php\/wp-json\/wp\/v2\/users\/1"}],"replies":[{"embeddable":true,"href":"https:\/\/elazigtso.org.tr\/tr\/index.php\/wp-json\/wp\/v2\/comments?post=5417"}],"version-history":[{"count":0,"href":"https:\/\/elazigtso.org.tr\/tr\/index.php\/wp-json\/wp\/v2\/posts\/5417\/revisions"}],"wp:featuredmedia":[{"embeddable":true,"href":"https:\/\/elazigtso.org.tr\/tr\/index.php\/wp-json\/wp\/v2\/media\/5650"}],"wp:attachment":[{"href":"https:\/\/elazigtso.org.tr\/tr\/index.php\/wp-json\/wp\/v2\/media?parent=5417"}],"wp:term":[{"taxonomy":"category","embeddable":true,"href":"https:\/\/elazigtso.org.tr\/tr\/index.php\/wp-json\/wp\/v2\/categories?post=5417"},{"taxonomy":"post_tag","embeddable":true,"href":"https:\/\/elazigtso.org.tr\/tr\/index.php\/wp-json\/wp\/v2\/tags?post=5417"}],"curies":[{"name":"wp","href":"https:\/\/api.w.org\/{rel}","templated":true}]}}