{"id":5413,"date":"2023-07-27T11:46:32","date_gmt":"2023-07-27T08:46:32","guid":{"rendered":"http:\/\/elazigtso.com\/tr\/index.php\/2023\/07\/27\/gida-temali-food-africa-2022-fuari\/"},"modified":"2023-07-27T11:46:32","modified_gmt":"2023-07-27T08:46:32","slug":"gida-temali-food-africa-2022-fuari","status":"publish","type":"post","link":"https:\/\/elazigtso.org.tr\/tr\/index.php\/2023\/07\/27\/gida-temali-food-africa-2022-fuari\/","title":{"rendered":"G\u0131da Temal\u0131 Food Africa 2022 Fuar\u0131"},"content":{"rendered":"<\/p>\n<div class=\"content-detail\">\n<p>Say\u0131n \u00dcyemiz,<\/p>\n<p>TOBB taraf\u0131ndan Odam\u0131za g\u00f6nderilen yaz\u0131da,\u00a0M\u0131s\u0131r \u0130stanbul Ba\u015fkonsoloslu\u011fu&#8217;nun 11.10.2022 tarihli e-postas\u0131na atfen,\u00a0\u0130lgide kay\u0131tl\u0131 yaz\u0131da, G\u0131da Temal\u0131 Food Africa 2022 Fuar\u0131&#8217;n\u0131n 5-7 Aral\u0131k 2022 tarihleri aras\u0131nda M\u0131s\u0131r Uluslararas\u0131 Fuar Merkezi&#8217;nde d\u00fczenlenece\u011fi belirtilmektedir. Fuara ili\u015fkin bilgi almak ve rezervasyon yapt\u0131rmak i\u00e7in ge\u00e7erli ileti\u015fim adresleri rana.youssef@konzept-egypt.com ve ingi.saad@konzeptegypt.com&#8217;dur.<\/p>\n<p>Fuar hakk\u0131nda detayl\u0131 bilgi ekte sunulmaktad\u0131r.<\/p>\n<p><a href=\"http:\/\/www.elazigtso.org.tr\/public\/docs_oda\/duyuru\/31.10.22\/Gda%20Temal%20Food%20Africa%202022%20Fuar%20%281%29.pdf\" target=\"_blank\" rel=\"noopener\">Ek:\u00a0G\u0131da Temal\u0131 Food Africa 2022 Fuar\u0131<\/a><\/p>\n<p>Sayg\u0131lar\u0131m\u0131zla,<\/p>\n<p>Elaz\u0131\u011f Ticaret ve Sanayi Odas\u0131<\/p>\n<p>\u00a0<\/p>\n<p>Bu duyuru 316 defa okundu. <\/p>\n<p>Ekleme Tarihi :2022-10-13 11:06:00 <\/p>\n<\/p><\/div>\n","protected":false},"excerpt":{"rendered":"<p>Say\u0131n \u00dcyemiz, TOBB taraf\u0131ndan Odam\u0131za g\u00f6nderilen yaz\u0131da,\u00a0M\u0131s\u0131r \u0130stanbul Ba\u015fkonsoloslu\u011fu&#8217;nun 11.10.2022 tarihli e-postas\u0131na atfen,\u00a0\u0130lgide kay\u0131tl\u0131 yaz\u0131da, G\u0131da Temal\u0131 Food Africa 2022 Fuar\u0131&#8217;n\u0131n 5-7 Aral\u0131k 2022 tarihleri aras\u0131nda M\u0131s\u0131r Uluslararas\u0131 Fuar Merkezi&#8217;nde d\u00fczenlenece\u011fi belirtilmektedir. Fuara ili\u015fkin bilgi almak ve rezervasyon yapt\u0131rmak i\u00e7in ge\u00e7erli ileti\u015fim adresleri rana.youssef@konzept-egypt.com ve ingi.saad@konzeptegypt.com&#8217;dur. Fuar hakk\u0131nda detayl\u0131 bilgi ekte sunulmaktad\u0131r. Ek:\u00a0G\u0131da Temal\u0131 Food [&hellip;]<\/p>\n","protected":false},"author":1,"featured_media":5650,"comment_status":"open","ping_status":"open","sticky":false,"template":"","format":"standard","meta":{"_jetpack_memberships_contains_paid_content":false,"footnotes":""},"categories":[3],"tags":[],"class_list":["post-5413","post","type-post","status-publish","format-standard","has-post-thumbnail","hentry","category-duyuru"],"jetpack_sharing_enabled":true,"jetpack_featured_media_url":"https:\/\/elazigtso.org.tr\/tr\/wp-content\/uploads\/2023\/07\/logo_news-80.jpg","_links":{"self":[{"href":"https:\/\/elazigtso.org.tr\/tr\/index.php\/wp-json\/wp\/v2\/posts\/5413","targetHints":{"allow":["GET"]}}],"collection":[{"href":"https:\/\/elazigtso.org.tr\/tr\/index.php\/wp-json\/wp\/v2\/posts"}],"about":[{"href":"https:\/\/elazigtso.org.tr\/tr\/index.php\/wp-json\/wp\/v2\/types\/post"}],"author":[{"embeddable":true,"href":"https:\/\/elazigtso.org.tr\/tr\/index.php\/wp-json\/wp\/v2\/users\/1"}],"replies":[{"embeddable":true,"href":"https:\/\/elazigtso.org.tr\/tr\/index.php\/wp-json\/wp\/v2\/comments?post=5413"}],"version-history":[{"count":0,"href":"https:\/\/elazigtso.org.tr\/tr\/index.php\/wp-json\/wp\/v2\/posts\/5413\/revisions"}],"wp:featuredmedia":[{"embeddable":true,"href":"https:\/\/elazigtso.org.tr\/tr\/index.php\/wp-json\/wp\/v2\/media\/5650"}],"wp:attachment":[{"href":"https:\/\/elazigtso.org.tr\/tr\/index.php\/wp-json\/wp\/v2\/media?parent=5413"}],"wp:term":[{"taxonomy":"category","embeddable":true,"href":"https:\/\/elazigtso.org.tr\/tr\/index.php\/wp-json\/wp\/v2\/categories?post=5413"},{"taxonomy":"post_tag","embeddable":true,"href":"https:\/\/elazigtso.org.tr\/tr\/index.php\/wp-json\/wp\/v2\/tags?post=5413"}],"curies":[{"name":"wp","href":"https:\/\/api.w.org\/{rel}","templated":true}]}}