{"id":5406,"date":"2023-07-27T11:39:12","date_gmt":"2023-07-27T08:39:12","guid":{"rendered":"http:\/\/elazigtso.com\/tr\/index.php\/2023\/07\/27\/ukraynanin-ortak-transit-sistemine-katilimi\/"},"modified":"2023-07-27T11:39:12","modified_gmt":"2023-07-27T08:39:12","slug":"ukraynanin-ortak-transit-sistemine-katilimi","status":"publish","type":"post","link":"https:\/\/elazigtso.org.tr\/tr\/index.php\/2023\/07\/27\/ukraynanin-ortak-transit-sistemine-katilimi\/","title":{"rendered":"Ukrayna&#8217;n\u0131n Ortak Transit Sistemine Kat\u0131l\u0131m\u0131"},"content":{"rendered":"<\/p>\n<div class=\"content-detail\">\n<p>Say\u0131n \u00dcyemiz,<\/p>\n<p>TOBB taraf\u0131ndan Odam\u0131za g\u00f6nderilen yaz\u0131da,\u00a0Ticaret Bakanl\u0131\u011f\u0131 G\u00fcmr\u00fckler Genel M\u00fcd\u00fcrl\u00fc\u011f\u00fc&#8217;nden al\u0131nan 03.10.2022 tarihli yaz\u0131da; \u00dclkemiz ile birlikte, Avrupa Birli\u011fi (AB), Avrupa Serbest Ticaret Birli\u011fi (EFTA) \u00fcye \u00fclkeleri ve Birle\u015fik Krall\u0131k, Kuzey Makedonya ve S\u0131rbistan&#8217;\u0131n taraf oldu\u011fu, 1987 tarihli Ortak Transit Rejimine \u0130li\u015fkin (Ortak Transit S\u00f6zle\u015fmesi), S\u00f6zle\u015fme&#8217;nin karar alma organ\u0131 olan Ortak Komite&#8217;nin ald\u0131\u011f\u0131 karar do\u011frultusunda, 1 Ekim 2022 tarihi itibar\u0131yla Ukrayna&#8217;n\u0131n da Akit Taraf olarak kat\u0131l\u0131m sa\u011flad\u0131\u011f\u0131 belirtilmektedir. 1 Ekim 2022 tarihi itibar\u0131yla s\u00f6z konusu<br \/>\n\u00fclkeye\/\u00fclkeden Ortak Transit Rejimine \u0130li\u015fkin S\u00f6zle\u015fme kapsam\u0131nda ta\u015f\u0131ma yap\u0131lacak olmas\u0131 halinde, ABUkrayna s\u0131n\u0131r\u0131nda NCTS&#8217;de ayr\u0131ca bir s\u0131n\u0131r ge\u00e7i\u015f i\u015flemi yap\u0131lmas\u0131 ve buna g\u00f6re, var\u0131\u015f \u00fclkesi Ukrayna olan<br \/>\nortak transit beyanlar\u0131nda Ukrayna&#8217;ya ilk giri\u015f idaresinin transit idaresi olarak yer verilmesi gerekti\u011fi<br \/>\nbildirilmi\u015ftir.<\/p>\n<p>Ayn\u0131 yaz\u0131da ayr\u0131ca; s\u00f6z konusu de\u011fi\u015fiklikler \u00e7er\u00e7evesinde Ukrayna&#8217;ya veya Ukrayna \u00fczerinden ortak transit<br \/>\nrejimi kapsam\u0131nda beyan a\u00e7acak <b>uluslararas\u0131 kapsaml\u0131 teminat kullanma izni sahibi rejim hak<br \/>\nsahiplerinin (Ortak Transit Sistemi alt\u0131nda teminat sa\u011flay\u0131c\u0131s\u0131 olan as\u0131l sorumlular\u0131n)<\/b>, mevcut<br \/>\nkulland\u0131klar\u0131 uluslararas\u0131 ge\u00e7erli kapsaml\u0131 teminat mektuplar\u0131 i\u00e7in ilgili bankadan ekte yer alan teminat<br \/>\nmektubu de\u011fi\u015fikli\u011fini (zeyilname) onaylat\u0131p Bakanl\u0131klar\u0131na (G\u00fcmr\u00fckler Genel M\u00fcd\u00fcrl\u00fc\u011f\u00fc) sunmalar\u0131<br \/>\ngerekti\u011fi, Ukrayna&#8217;ya veya Ukrayna \u00fczerinden transit i\u015flemi ger\u00e7ekle\u015ftirmeyecek rejim hak sahiplerinin<br \/>\nmevcut durumlar\u0131n\u0131n devam\u0131 i\u00e7in ise herhangi bir i\u015flem yapmalar\u0131na gerek bulunmad\u0131\u011f\u0131 bildirilmi\u015ftir.<\/p>\n<p><a href=\"http:\/\/www.elazigtso.org.tr\/public\/docs_oda\/duyuru\/31.10.22\/Ukrayna_nn%20Ortak%20Transit%20Sistemine%20Katlm.pdf\" target=\"_blank\" rel=\"noopener\">Ek:\u00a0Ukrayna&#8217;n\u0131n Ortak Transit Sistemine Kat\u0131l\u0131m\u0131<\/a><\/p>\n<p>Sayg\u0131lar\u0131m\u0131zla,<\/p>\n<p>Elaz\u0131\u011f Ticaret ve Sanayi Odas\u0131<\/p>\n<p>\u00a0<\/p>\n<p>Bu duyuru 170 defa okundu. <\/p>\n<p>Ekleme Tarihi :2022-10-11 11:22:00 <\/p>\n<\/p><\/div>\n","protected":false},"excerpt":{"rendered":"<p>Say\u0131n \u00dcyemiz, TOBB taraf\u0131ndan Odam\u0131za g\u00f6nderilen yaz\u0131da,\u00a0Ticaret Bakanl\u0131\u011f\u0131 G\u00fcmr\u00fckler Genel M\u00fcd\u00fcrl\u00fc\u011f\u00fc&#8217;nden al\u0131nan 03.10.2022 tarihli yaz\u0131da; \u00dclkemiz ile birlikte, Avrupa Birli\u011fi (AB), Avrupa Serbest Ticaret Birli\u011fi (EFTA) \u00fcye \u00fclkeleri ve Birle\u015fik Krall\u0131k, Kuzey Makedonya ve S\u0131rbistan&#8217;\u0131n taraf oldu\u011fu, 1987 tarihli Ortak Transit Rejimine \u0130li\u015fkin (Ortak Transit S\u00f6zle\u015fmesi), S\u00f6zle\u015fme&#8217;nin karar alma organ\u0131 olan Ortak Komite&#8217;nin ald\u0131\u011f\u0131 karar [&hellip;]<\/p>\n","protected":false},"author":1,"featured_media":5650,"comment_status":"open","ping_status":"open","sticky":false,"template":"","format":"standard","meta":{"_jetpack_memberships_contains_paid_content":false,"footnotes":""},"categories":[3],"tags":[],"class_list":["post-5406","post","type-post","status-publish","format-standard","has-post-thumbnail","hentry","category-duyuru"],"jetpack_sharing_enabled":true,"jetpack_featured_media_url":"https:\/\/elazigtso.org.tr\/tr\/wp-content\/uploads\/2023\/07\/logo_news-80.jpg","_links":{"self":[{"href":"https:\/\/elazigtso.org.tr\/tr\/index.php\/wp-json\/wp\/v2\/posts\/5406","targetHints":{"allow":["GET"]}}],"collection":[{"href":"https:\/\/elazigtso.org.tr\/tr\/index.php\/wp-json\/wp\/v2\/posts"}],"about":[{"href":"https:\/\/elazigtso.org.tr\/tr\/index.php\/wp-json\/wp\/v2\/types\/post"}],"author":[{"embeddable":true,"href":"https:\/\/elazigtso.org.tr\/tr\/index.php\/wp-json\/wp\/v2\/users\/1"}],"replies":[{"embeddable":true,"href":"https:\/\/elazigtso.org.tr\/tr\/index.php\/wp-json\/wp\/v2\/comments?post=5406"}],"version-history":[{"count":0,"href":"https:\/\/elazigtso.org.tr\/tr\/index.php\/wp-json\/wp\/v2\/posts\/5406\/revisions"}],"wp:featuredmedia":[{"embeddable":true,"href":"https:\/\/elazigtso.org.tr\/tr\/index.php\/wp-json\/wp\/v2\/media\/5650"}],"wp:attachment":[{"href":"https:\/\/elazigtso.org.tr\/tr\/index.php\/wp-json\/wp\/v2\/media?parent=5406"}],"wp:term":[{"taxonomy":"category","embeddable":true,"href":"https:\/\/elazigtso.org.tr\/tr\/index.php\/wp-json\/wp\/v2\/categories?post=5406"},{"taxonomy":"post_tag","embeddable":true,"href":"https:\/\/elazigtso.org.tr\/tr\/index.php\/wp-json\/wp\/v2\/tags?post=5406"}],"curies":[{"name":"wp","href":"https:\/\/api.w.org\/{rel}","templated":true}]}}