{"id":5400,"date":"2023-07-27T11:32:41","date_gmt":"2023-07-27T08:32:41","guid":{"rendered":"http:\/\/elazigtso.com\/tr\/index.php\/2023\/07\/27\/secim-yetki-belgeleri-hakkinda-aciklama\/"},"modified":"2023-07-27T11:32:41","modified_gmt":"2023-07-27T08:32:41","slug":"secim-yetki-belgeleri-hakkinda-aciklama","status":"publish","type":"post","link":"https:\/\/elazigtso.org.tr\/tr\/index.php\/2023\/07\/27\/secim-yetki-belgeleri-hakkinda-aciklama\/","title":{"rendered":"Se\u00e7im Yetki Belgeleri Hakk\u0131nda A\u00e7\u0131klama"},"content":{"rendered":"<\/p>\n<div class=\"content-detail\">\n                <img decoding=\"async\" src=\"http:\/\/elazigtso.com\/tr\/wp-content\/uploads\/2023\/07\/5d40xyj3it.jpeg\" alt=\"Se\u00e7im Yetki Belgeleri Hakk\u0131nda A\u00e7\u0131klama\" title=\"Se\u00e7im Yetki Belgeleri Hakk\u0131nda A\u00e7\u0131klama\" class=\"menuimg\"><\/p>\n<p>12 Kas\u0131m 2022 Cumartesi g\u00fcn\u00fc ger\u00e7ekle\u015ftirilecek olan Elaz\u0131\u011f Ticaret ve Sanayi Odas\u0131 Organ Se\u00e7imlerinde T\u00fczel Ki\u015filere (\u015eirket ve Kooperatifler) verilecek olan Se\u00e7im Yetki Belgesine ili\u015fkin a\u00e7\u0131klama&#8230;<\/p>\n<p><\/p>\n<p><\/p>\n<p class=\"MsoNormal\" align=\"center\" style=\"text-align: left;line-height: normal\"><b><span style=\"font-size:14.0pt\">1) Tek Yetkili \u015eirketler i\u00e7in Se\u00e7im Yetki\u00a0<br \/>\nBelgesi\u00a0<\/span><\/b><b><span style=\"font-size:14.0pt\">(Se\u00e7ime \u00d6zg\u00fc e-Sicil Tasdiknamesi)<\/span><\/b><\/p>\n<\/p>\n<p class=\"MsoNormal\" align=\"center\" style=\"text-align:center\"><b><span style=\"font-size:14.0pt;line-height:115%\">\u00a0<\/span><\/b><\/p>\n<p class=\"MsoNormal\" style=\"margin-left:14.0pt;line-height:150%\">\u00a0Belge talebi <u>elektronik<br \/>\nortamda MERS\u0130S \u00fczerinden<\/u> al\u0131nacakt\u0131r.<\/p>\n<p><span style=\"font-weight: 700\">\u00a0 \u00a0 \u00a0 \u00a0<\/span>\u00a0\u00a0\u00a0\u00a0<span style=\"font-weight: 700\"> <\/span>\u00a0\u00a0\u00a0\u00a0<span style=\"font-weight: 700\">MERS\u0130S portal\u0131ndaki i\u015flem ad\u0131mlar\u0131;<\/span><\/p>\n<\/p>\n<p style=\"margin-left: 18pt\">\u00a0\u00a0\u00a0\u00a0\u00a0\u00a0\u00a0\u00a0<span style=\"font-weight: 700\">&gt;&gt;&gt;\u00a0<\/span><a href=\"https:\/\/mersis.gtb.gov.tr\/\"><span style=\"font-weight: 700\">www.mersis.gtb.gov.tr<\/span><\/a>\u00a0<span style=\"font-weight: 700\">&lt;&lt;&lt;<\/span>\u00a0adresine e-devlet \u015fifresi ya da Kullan\u0131c\u0131 Ad\u0131yla giri\u015f yap\u0131lacak.<\/p>\n<\/p>\n<p style=\"margin-left: 18pt\">\u00a0\u00a0\u00a0\u00a0\u00a0\u00a0\u00a0\u00a0<span style=\"font-weight: 700\">Belge Ba\u015fvurusu<\/span>\u00a0ekran\u0131 se\u00e7ildikten sonra\u00a0<span style=\"font-weight: 700\">Firma Ara<\/span>\u00a0butonu t\u0131klanarak ilgili \u015eirket se\u00e7ilecektir.<\/p>\n<\/p>\n<p style=\"margin-left: 18pt\">\u00a0\u00a0\u00a0\u00a0\u00a0\u00a0\u00a0\u00a0<span style=\"font-weight: 700\">Belge Ba\u015fvurusu\u00a0<\/span>butonu t\u0131klanarak\u00a0<span style=\"font-weight: 700\">Belge T\u00fcr\u00fc<\/span>\u00a0olarak\u00a0<span style=\"font-weight: 700\">Se\u00e7ime \u00d6zg\u00fc e-Sicil Tasdiknamesi\u00a0<\/span>belgesi se\u00e7ilerek i\u015flem tamamlanacakt\u0131r.<\/p>\n<\/p>\n<p style=\"margin-left: 18pt\">\u00a0\u00a0\u00a0\u00a0\u00a0\u00a0\u00a0\u00a0Yap\u0131lan ba\u015fvuru Ticaret Sicil M\u00fcd\u00fcrl\u00fc\u011f\u00fc taraf\u0131ndan kontrol edilip e-imza ile onaylanacakt\u0131r. \u0130mza s\u00fcrecinden sonra onaylanan belge,\u00a0<span style=\"font-weight: 700\">Belge Ba\u015fvurular\u0131<\/span>\u00a0ekran\u0131ndan indirilebilecektir.<\/p>\n<p class=\"MsoNormal\" style=\"margin-left:14.0pt;line-height:150%\"><\/p>\n<p class=\"MsoNormal\" style=\"margin-left:14.0pt;line-height:150%\">\n<\/p>\n<p class=\"MsoNormal\" style=\"margin-left:18.0pt;line-height:150%\">Bu belge sadece<br \/>\nelektronik ortamda d\u00fczenlenecektir. <\/p>\n<\/p>\n<p class=\"MsoNormal\" style=\"margin-left:18.0pt;line-height:150%\"><u><span style=\"font-size:12.0pt;line-height:150%\">Belge<br \/>\nba\u015fvurusu m\u00fcnferit temsil yetkisine sahip tek temsilci taraf\u0131ndan<br \/>\nyap\u0131labilecektir. <\/span><\/u><\/p>\n<\/p>\n<p class=\"MsoNormal\" style=\"margin-left:18.0pt;line-height:150%\">Ticaret sicili<br \/>\nm\u00fcd\u00fcrl\u00fc\u011f\u00fcnce ba\u015fvuru olu\u015fturulamayacakt\u0131r. <\/p>\n<\/p>\n<p class=\"MsoNormal\" style=\"margin-left:18.0pt;line-height:150%\">Bir m\u00fcnferit ve<br \/>\nbir veya daha fazla s\u0131n\u0131rl\u0131 yetkiye sahip temsilcisi olan t\u00fczel ki\u015filerde;<br \/>\nm\u00fcnferit yetkiye sahip tek temsilci i\u00e7in belge d\u00fczenlenebilecektir. <\/p>\n<\/p>\n<p class=\"MsoNormal\" style=\"margin-left:18.0pt;line-height:150%\"><u><span style=\"font-size:12.0pt;line-height:150%\">Birden<br \/>\nfazla m\u00fcnferit ve\/veya m\u00fc\u015fterek yetkiye sahip temsilcisi bulunan t\u00fczel ki\u015filer<br \/>\nile sadece m\u00fc\u015fterek yetkiye sahip temsilcisi bulunan t\u00fczel ki\u015filer se\u00e7im yetki<br \/>\nbelgesi almak \u00fczere ticaret sicili m\u00fcd\u00fcrl\u00fc\u011f\u00fcne y\u00f6nlendirilecektir. <\/span><\/u><\/p>\n<\/p>\n<p class=\"MsoNormal\" style=\"margin-left:18.0pt;line-height:150%\">Zira bu t\u00fcr<br \/>\ndurumlar kapsam\u0131nda d\u00fczenlenecek belge talepleri ile d\u00fczenlenmi\u015f ve teslim<br \/>\nedilmi\u015f belgelerdeki de\u011fi\u015fiklikler i\u00e7in \u0131slak imzal\u0131 dilek\u00e7e ibraz\u0131<br \/>\ngerekmektedir. <\/p>\n<\/p>\n<p class=\"MsoNormal\" style=\"margin-left:18.0pt;line-height:150%\">Belge \u00fczerinde<br \/>\nkarekod bulunacakt\u0131r. <\/p>\n<\/p>\n<p class=\"MsoNormal\" style=\"margin-left:18.0pt;line-height:150%\">Karekod ile<br \/>\ne-imzal\u0131 belge asl\u0131na eri\u015fim sa\u011flanabilecektir. <\/p>\n<\/p>\n<p class=\"MsoNormal\" style=\"margin-left:18.0pt;line-height:150%\">Se\u00e7menin se\u00e7im<br \/>\ntarihi itibar\u0131yla en az iki y\u0131ld\u0131r oda\/borsaya kay\u0131tl\u0131 oldu\u011funa ili\u015fkin kontrol<br \/>\nmanuel olarak belgeyi d\u00fczenleyen ticaret sicili m\u00fcd\u00fcrl\u00fc\u011f\u00fc personelince<br \/>\nyap\u0131lacakt\u0131r. <\/p>\n<\/p>\n<p class=\"MsoNormal\" style=\"margin-left:18.0pt;line-height:150%\">Sicil M\u00fcd\u00fcrl\u00fc\u011f\u00fc<br \/>\ngerekli kontrolleri m\u00fcteakip belge talep reddi yapabilecektir.<\/p>\n<p class=\"MsoNormal\" style=\"margin-left:18.0pt;line-height:150%\">Se\u00e7im Yetki Belgesi, Odam\u0131za dilek\u00e7e ile ba\u015fvurularak da temin edilebilir.<\/p>\n<p class=\"MsoNormal\" style=\"margin-left:18.0pt;line-height:150%\">\u00a0\u00a0\u00a0\u00a0 <\/p>\n<\/p>\n<p class=\"MsoNormal\">\n<p>\u00a0<b><span style=\"font-size:14.0pt\">2) Birden fazla M\u00fcnferit ve M\u00fc\u015fterek imza Yetkisine Sahip \u015eirketler\u00a0<\/span><\/b><b><span style=\"font-size:14.0pt\">(\u015fubeler dahil) ve Kooperatifler i\u00e7in Se\u00e7im Yetki Belgesi<\/span><\/b><\/p>\n<\/p>\n<p class=\"MsoNormal\" align=\"center\" style=\"text-align: left\"><b><span style=\"font-size:14.0pt;line-height:115%\">\u00a0<\/span><\/b><\/p>\n<p class=\"MsoNormal\" style=\"margin-left:18.0pt;text-align:justify;line-height:150%\">Belge talebi fiziki ortamda \u0131slak imzal\u0131 dilek\u00e7e ile al\u0131nacakt\u0131r. Belge<br \/>\nsadece fiziki ortamda \u0131slak imzal\u0131 olarak d\u00fczenlenecek ve teslim edilecektir. <\/p>\n<\/p>\n<p class=\"MsoNormal\" style=\"margin-left:18.0pt;text-align:justify;line-height:150%\">Online ba\u015fvuru olmayacakt\u0131r. <\/p>\n<\/p>\n<p class=\"MsoNormal\" style=\"margin-left:18.0pt;text-align:justify;line-height:150%\">Belge e-imzal\u0131 d\u00fczenlenmeyecektir. <\/p>\n<\/p>\n<p class=\"MsoNormal\" style=\"margin-left:18.0pt;text-align:justify;line-height:150%\">Belge \u00fczerinde karekod bulunacakt\u0131r. Karekod ile belge i\u00e7eri\u011fine eri\u015fim<br \/>\nsa\u011flanabilecektir.<\/p>\n<\/p>\n<p class=\"MsoNormal\" style=\"margin-left:18.0pt;text-align:justify;line-height:150%\">S\u0131n\u0131rl\u0131 yetkililer i\u00e7in d\u00fczenlenmeyecektir. <\/p>\n<\/p>\n<p class=\"MsoNormal\" style=\"margin-left:18.0pt;text-align:justify;line-height:150%\">Se\u00e7menin se\u00e7im tarihi itibar\u0131yla en az iki y\u0131ld\u0131r oda\/borsaya kay\u0131tl\u0131<br \/>\noldu\u011funa ili\u015fkin kontrol manuel olarak belgeyi d\u00fczenleyen ticaret sicili<br \/>\nm\u00fcd\u00fcrl\u00fc\u011f\u00fc personelince yap\u0131lacakt\u0131r. <\/p>\n<\/p>\n<p class=\"MsoNormal\" style=\"margin-left:18.0pt;text-align:justify;line-height:150%\">Yetki s\u00fcresi biten temsilciler, yetki belgesi d\u00fczenlenecek ki\u015filer<br \/>\nlistesinde yer almayacakt\u0131r.<\/p>\n<\/p>\n<p class=\"MsoNormal\" style=\"margin-left:18.0pt\">\n<p class=\"MsoNormal\" style=\"margin-left:18.0pt;text-align:justify;line-height:150%\">\u015eubeler i\u00e7in d\u00fczenlenecek belgelerde \u015fubenin s\u0131n\u0131rs\u0131z yetkilileri ile<br \/>\nbirlikte, merkezin s\u0131n\u0131rs\u0131z yetkilileri de yetki belgesi d\u00fczenlenecek ki\u015filer<br \/>\nlistesinde yer alacakt\u0131r.\u00a0<\/p>\n<\/p>\n<p class=\"MsoNormal\" style=\"margin-left:18.0pt\">\n<p><\/p>\n<p>&gt;&gt;&gt; <b><a href=\"http:\/\/www.elazigtso.org.tr\/public\/docs_oda\/SecimYetkiBelgesiWeb.pdf\" target=\"_blank\" rel=\"noopener\">Se\u00e7im Yetki Belgesi Dilek\u00e7es<\/a><\/b>i &lt;&lt;&lt;<\/p>\n<\/p>\n<p class=\"MsoNormal\" style=\"margin-left:18.0pt\">\n<p><\/p>\n<p><\/p>\n<p class=\"MsoNormal\" align=\"center\" style=\"text-align: left;line-height: normal\"><span style=\"font-weight: 700\"><span style=\"font-size: 14pt\">3) Ger\u00e7ek Ki\u015fi Ticari \u0130\u015fletmelerin Oy Kullanma \u0130\u015flemi<\/span><\/span><\/p>\n<p class=\"MsoNormal\" style=\"margin-left: 18pt;line-height: 21px\">Oy kullanacak, ger\u00e7ek ki\u015filerin oy kullanma s\u0131ras\u0131nda Se\u00e7im Sand\u0131k Kuruluna T.C. kimlik numaras\u0131n\u0131 i\u00e7eren kimlik belgelerini ibraz etmeleri gerekmektedir. Yabanc\u0131 ger\u00e7ek ki\u015filer de tescil edilmi\u015f olan g\u00fcncel yabanc\u0131 kimlik numaralar\u0131 ile oy kullanabileceklerdir<span style=\"font-family: Muli, sans-serif;font-size: 13px\">.<\/span><\/p>\n<p><\/p>\n<p><b>Destek i\u00e7in ileti\u015fim<br \/>\nBilgileri:<\/b><\/p>\n<\/p>\n<p class=\"MsoListParagraphCxSpMiddle\">\n<p>Elaz\u0131\u011f Ticaret Sicil M\u00fcd\u00fcrl\u00fc\u011f\u00fc;<\/p>\n<\/p>\n<p class=\"MsoListParagraphCxSpMiddle\">\n<\/p>\n<p class=\"MsoNormal\" style=\"margin-left:18.0pt\">\n<p class=\"MsoListParagraphCxSpLast\">0424 2183500 dan 1127, 1128, 1133 ve<br \/>\n1140\u00a0\u00a0<\/p>\n<\/p>\n<p class=\"MsoNormal\" style=\"margin-left:18.0pt\">\n<p><\/p>\n<p><\/p>\n<p><b>Odam\u0131z web sitesi \u00fczerinden online \u00f6deme y\u00f6ntemiyle veya Odam\u0131z hesap numaras\u0131na EFT yap\u0131ld\u0131ktan sonra ASKI daki \u00fcyemizin FAAL duruma d\u00f6n\u00fc\u015fme i\u015fleminin yap\u0131labilmesi i\u00e7in, Odam\u0131z veznelerine bilgi verilmesi gerekmektedir. (0424 2183500 dan 1129 veya 1132)\u00a0<\/b><\/p>\n<p><\/p>\n<\/p>\n<\/p>\n<\/p>\n<\/p>\n<\/p>\n<p>\u00a0<\/p>\n<p>Bu duyuru 11302 defa okundu. <\/p>\n<p>Ekleme Tarihi :2022-10-10 03:00:00 <\/p>\n<\/p><\/div>\n","protected":false},"excerpt":{"rendered":"<p>12 Kas\u0131m 2022 Cumartesi g\u00fcn\u00fc ger\u00e7ekle\u015ftirilecek olan Elaz\u0131\u011f Ticaret ve Sanayi Odas\u0131 Organ Se\u00e7imlerinde T\u00fczel Ki\u015filere (\u015eirket ve Kooperatifler) verilecek olan Se\u00e7im Yetki Belgesine ili\u015fkin a\u00e7\u0131klama&#8230; 1) Tek Yetkili \u015eirketler i\u00e7in Se\u00e7im Yetki\u00a0 Belgesi\u00a0(Se\u00e7ime \u00d6zg\u00fc e-Sicil Tasdiknamesi) \u00a0 \u00a0Belge talebi elektronik ortamda MERS\u0130S \u00fczerinden al\u0131nacakt\u0131r. \u00a0 \u00a0 \u00a0 \u00a0\u00a0\u00a0\u00a0\u00a0 \u00a0\u00a0\u00a0\u00a0MERS\u0130S portal\u0131ndaki i\u015flem ad\u0131mlar\u0131; \u00a0\u00a0\u00a0\u00a0\u00a0\u00a0\u00a0\u00a0&gt;&gt;&gt;\u00a0www.mersis.gtb.gov.tr\u00a0&lt;&lt;&lt;\u00a0adresine e-devlet [&hellip;]<\/p>\n","protected":false},"author":1,"featured_media":5650,"comment_status":"open","ping_status":"open","sticky":false,"template":"","format":"standard","meta":{"_jetpack_memberships_contains_paid_content":false,"footnotes":""},"categories":[3],"tags":[],"class_list":["post-5400","post","type-post","status-publish","format-standard","has-post-thumbnail","hentry","category-duyuru"],"jetpack_sharing_enabled":true,"jetpack_featured_media_url":"https:\/\/elazigtso.org.tr\/tr\/wp-content\/uploads\/2023\/07\/logo_news-80.jpg","_links":{"self":[{"href":"https:\/\/elazigtso.org.tr\/tr\/index.php\/wp-json\/wp\/v2\/posts\/5400","targetHints":{"allow":["GET"]}}],"collection":[{"href":"https:\/\/elazigtso.org.tr\/tr\/index.php\/wp-json\/wp\/v2\/posts"}],"about":[{"href":"https:\/\/elazigtso.org.tr\/tr\/index.php\/wp-json\/wp\/v2\/types\/post"}],"author":[{"embeddable":true,"href":"https:\/\/elazigtso.org.tr\/tr\/index.php\/wp-json\/wp\/v2\/users\/1"}],"replies":[{"embeddable":true,"href":"https:\/\/elazigtso.org.tr\/tr\/index.php\/wp-json\/wp\/v2\/comments?post=5400"}],"version-history":[{"count":0,"href":"https:\/\/elazigtso.org.tr\/tr\/index.php\/wp-json\/wp\/v2\/posts\/5400\/revisions"}],"wp:featuredmedia":[{"embeddable":true,"href":"https:\/\/elazigtso.org.tr\/tr\/index.php\/wp-json\/wp\/v2\/media\/5650"}],"wp:attachment":[{"href":"https:\/\/elazigtso.org.tr\/tr\/index.php\/wp-json\/wp\/v2\/media?parent=5400"}],"wp:term":[{"taxonomy":"category","embeddable":true,"href":"https:\/\/elazigtso.org.tr\/tr\/index.php\/wp-json\/wp\/v2\/categories?post=5400"},{"taxonomy":"post_tag","embeddable":true,"href":"https:\/\/elazigtso.org.tr\/tr\/index.php\/wp-json\/wp\/v2\/tags?post=5400"}],"curies":[{"name":"wp","href":"https:\/\/api.w.org\/{rel}","templated":true}]}}