{"id":5396,"date":"2023-07-27T11:31:40","date_gmt":"2023-07-27T08:31:40","guid":{"rendered":"http:\/\/elazigtso.com\/tr\/index.php\/2023\/07\/27\/1-guney-sudan-turkiye-ticaret-fuari\/"},"modified":"2023-07-27T11:31:40","modified_gmt":"2023-07-27T08:31:40","slug":"1-guney-sudan-turkiye-ticaret-fuari","status":"publish","type":"post","link":"https:\/\/elazigtso.org.tr\/tr\/index.php\/2023\/07\/27\/1-guney-sudan-turkiye-ticaret-fuari\/","title":{"rendered":"1. G\u00fcney Sudan-T\u00fcrkiye Ticaret Fuar\u0131"},"content":{"rendered":"<\/p>\n<div class=\"content-detail\">\n<p>Say\u0131n \u00dcyemiz,<\/p>\n<p>TOBB taraf\u0131ndan Odam\u0131za g\u00f6nderilen yaz\u0131da,\u00a0Ticaret Bakanl\u0131\u011f\u0131&#8217;n\u0131n 04.10.2022 tarih ve E-51278314-525.01-00078756884 say\u0131l\u0131 yaz\u0131s\u0131na atfen,\u00a0\u0130lgide kay\u0131tl\u0131 yaz\u0131da, 28 Kas\u0131m-4 Aral\u0131k 2022 tarihleri aras\u0131nda, G\u00fcney Sudan Cumhuriyeti Ticaret Bakanl\u0131\u011f\u0131, G\u00fcney Sudan Ticaret Odas\u0131 ve Orient Multi-Purpose Group i\u015fbirli\u011fi ile, T\u00fcrk ve G\u00fcney Sudanl\u0131 i\u015f insanlar\u0131n\u0131n kat\u0131laca\u011f\u0131, ba\u015fkent Juba&#8217;da bir ticaret fuar\u0131 d\u00fczenlenece\u011fi belirtilmektedir.<\/p>\n<p>Fuar ile ilgili daha detayl\u0131 bilgiye ekte yer alan bro\u015f\u00fcr ve tan\u0131t\u0131m materyallerinden ula\u015f\u0131labilir.<\/p>\n<p><a href=\"http:\/\/www.elazigtso.org.tr\/public\/docs_oda\/duyuru\/31.10.22\/1.%20Gney%20Sudan-Trkiye%20Ticaret%20Fuar.pdf\" target=\"_blank\" rel=\"noopener\">Ek:\u00a01. G\u00fcney Sudan-T\u00fcrkiye Ticaret Fuar\u0131<\/a><\/p>\n<div>Sayg\u0131lar\u0131m\u0131zla,<\/div>\n<div>Elaz\u0131\u011f Ticaret ve Sanayi Odas\u0131<\/div>\n<p>\u00a0<\/p>\n<p>Bu duyuru 171 defa okundu. <\/p>\n<p>Ekleme Tarihi :2022-10-07 11:34:00 <\/p>\n<\/p><\/div>\n","protected":false},"excerpt":{"rendered":"<p>Say\u0131n \u00dcyemiz, TOBB taraf\u0131ndan Odam\u0131za g\u00f6nderilen yaz\u0131da,\u00a0Ticaret Bakanl\u0131\u011f\u0131&#8217;n\u0131n 04.10.2022 tarih ve E-51278314-525.01-00078756884 say\u0131l\u0131 yaz\u0131s\u0131na atfen,\u00a0\u0130lgide kay\u0131tl\u0131 yaz\u0131da, 28 Kas\u0131m-4 Aral\u0131k 2022 tarihleri aras\u0131nda, G\u00fcney Sudan Cumhuriyeti Ticaret Bakanl\u0131\u011f\u0131, G\u00fcney Sudan Ticaret Odas\u0131 ve Orient Multi-Purpose Group i\u015fbirli\u011fi ile, T\u00fcrk ve G\u00fcney Sudanl\u0131 i\u015f insanlar\u0131n\u0131n kat\u0131laca\u011f\u0131, ba\u015fkent Juba&#8217;da bir ticaret fuar\u0131 d\u00fczenlenece\u011fi belirtilmektedir. Fuar ile ilgili [&hellip;]<\/p>\n","protected":false},"author":1,"featured_media":5650,"comment_status":"open","ping_status":"open","sticky":false,"template":"","format":"standard","meta":{"_jetpack_memberships_contains_paid_content":false,"footnotes":""},"categories":[3],"tags":[],"class_list":["post-5396","post","type-post","status-publish","format-standard","has-post-thumbnail","hentry","category-duyuru"],"jetpack_sharing_enabled":true,"jetpack_featured_media_url":"https:\/\/elazigtso.org.tr\/tr\/wp-content\/uploads\/2023\/07\/logo_news-80.jpg","_links":{"self":[{"href":"https:\/\/elazigtso.org.tr\/tr\/index.php\/wp-json\/wp\/v2\/posts\/5396","targetHints":{"allow":["GET"]}}],"collection":[{"href":"https:\/\/elazigtso.org.tr\/tr\/index.php\/wp-json\/wp\/v2\/posts"}],"about":[{"href":"https:\/\/elazigtso.org.tr\/tr\/index.php\/wp-json\/wp\/v2\/types\/post"}],"author":[{"embeddable":true,"href":"https:\/\/elazigtso.org.tr\/tr\/index.php\/wp-json\/wp\/v2\/users\/1"}],"replies":[{"embeddable":true,"href":"https:\/\/elazigtso.org.tr\/tr\/index.php\/wp-json\/wp\/v2\/comments?post=5396"}],"version-history":[{"count":0,"href":"https:\/\/elazigtso.org.tr\/tr\/index.php\/wp-json\/wp\/v2\/posts\/5396\/revisions"}],"wp:featuredmedia":[{"embeddable":true,"href":"https:\/\/elazigtso.org.tr\/tr\/index.php\/wp-json\/wp\/v2\/media\/5650"}],"wp:attachment":[{"href":"https:\/\/elazigtso.org.tr\/tr\/index.php\/wp-json\/wp\/v2\/media?parent=5396"}],"wp:term":[{"taxonomy":"category","embeddable":true,"href":"https:\/\/elazigtso.org.tr\/tr\/index.php\/wp-json\/wp\/v2\/categories?post=5396"},{"taxonomy":"post_tag","embeddable":true,"href":"https:\/\/elazigtso.org.tr\/tr\/index.php\/wp-json\/wp\/v2\/tags?post=5396"}],"curies":[{"name":"wp","href":"https:\/\/api.w.org\/{rel}","templated":true}]}}