{"id":5395,"date":"2023-07-27T11:30:31","date_gmt":"2023-07-27T08:30:31","guid":{"rendered":"http:\/\/elazigtso.com\/tr\/index.php\/2023\/07\/27\/global-expo-botswana\/"},"modified":"2023-07-27T11:30:31","modified_gmt":"2023-07-27T08:30:31","slug":"global-expo-botswana","status":"publish","type":"post","link":"https:\/\/elazigtso.org.tr\/tr\/index.php\/2023\/07\/27\/global-expo-botswana\/","title":{"rendered":"Global Expo Botswana"},"content":{"rendered":"<\/p>\n<div class=\"content-detail\">\n<p>Say\u0131n \u00dcyemiz,<\/p>\n<p>TOBB taraf\u0131ndan Odam\u0131za g\u00f6nderilen yaz\u0131da,\u00a0Ticaret Bakanl\u0131\u011f\u0131&#8217;n\u0131n 05.10.2022 tarih ve 78830810 say\u0131l\u0131 yaz\u0131s\u0131na atfen,\u00a0\u0130lgide kay\u0131tl\u0131 yaz\u0131da, Botsvana Yat\u0131r\u0131m ve Ticaret Merkezi&#8217;nden al\u0131nan bir mektuba atfen &#8220;Global Expo Botswana&#8221; fuar\u0131n\u0131n on alt\u0131nc\u0131s\u0131n\u0131n 1-4 Kas\u0131m 2022 tarihleri aras\u0131nda Gaboron&#8217;da d\u00fczenlenece\u011fi bildirilmektedir. Fuar kapsam\u0131nda ticaret ve yat\u0131r\u0131m konferans\u0131, \u00e7al\u0131\u015fma gruplar\u0131 ve B2B toplant\u0131lar organize edilecektir.<\/p>\n<p><a href=\"http:\/\/www.elazigtso.org.tr\/public\/docs_oda\/duyuru\/31.10.22\/Global%20Expo%20Botswana.pdf\" target=\"_blank\" rel=\"noopener\">Ek:\u00a0Global Expo Botswana<\/a><\/p>\n<p>Sayg\u0131lar\u0131m\u0131zla,<\/p>\n<p>Elaz\u0131\u011f Ticaret ve Sanayi Odas\u0131<\/p>\n<p>\u00a0<\/p>\n<p>Bu duyuru 186 defa okundu. <\/p>\n<p>Ekleme Tarihi :2022-10-07 11:15:00 <\/p>\n<\/p><\/div>\n","protected":false},"excerpt":{"rendered":"<p>Say\u0131n \u00dcyemiz, TOBB taraf\u0131ndan Odam\u0131za g\u00f6nderilen yaz\u0131da,\u00a0Ticaret Bakanl\u0131\u011f\u0131&#8217;n\u0131n 05.10.2022 tarih ve 78830810 say\u0131l\u0131 yaz\u0131s\u0131na atfen,\u00a0\u0130lgide kay\u0131tl\u0131 yaz\u0131da, Botsvana Yat\u0131r\u0131m ve Ticaret Merkezi&#8217;nden al\u0131nan bir mektuba atfen &#8220;Global Expo Botswana&#8221; fuar\u0131n\u0131n on alt\u0131nc\u0131s\u0131n\u0131n 1-4 Kas\u0131m 2022 tarihleri aras\u0131nda Gaboron&#8217;da d\u00fczenlenece\u011fi bildirilmektedir. Fuar kapsam\u0131nda ticaret ve yat\u0131r\u0131m konferans\u0131, \u00e7al\u0131\u015fma gruplar\u0131 ve B2B toplant\u0131lar organize edilecektir. Ek:\u00a0Global Expo [&hellip;]<\/p>\n","protected":false},"author":1,"featured_media":5650,"comment_status":"open","ping_status":"open","sticky":false,"template":"","format":"standard","meta":{"_jetpack_memberships_contains_paid_content":false,"footnotes":""},"categories":[3],"tags":[],"class_list":["post-5395","post","type-post","status-publish","format-standard","has-post-thumbnail","hentry","category-duyuru"],"jetpack_sharing_enabled":true,"jetpack_featured_media_url":"https:\/\/elazigtso.org.tr\/tr\/wp-content\/uploads\/2023\/07\/logo_news-80.jpg","_links":{"self":[{"href":"https:\/\/elazigtso.org.tr\/tr\/index.php\/wp-json\/wp\/v2\/posts\/5395","targetHints":{"allow":["GET"]}}],"collection":[{"href":"https:\/\/elazigtso.org.tr\/tr\/index.php\/wp-json\/wp\/v2\/posts"}],"about":[{"href":"https:\/\/elazigtso.org.tr\/tr\/index.php\/wp-json\/wp\/v2\/types\/post"}],"author":[{"embeddable":true,"href":"https:\/\/elazigtso.org.tr\/tr\/index.php\/wp-json\/wp\/v2\/users\/1"}],"replies":[{"embeddable":true,"href":"https:\/\/elazigtso.org.tr\/tr\/index.php\/wp-json\/wp\/v2\/comments?post=5395"}],"version-history":[{"count":0,"href":"https:\/\/elazigtso.org.tr\/tr\/index.php\/wp-json\/wp\/v2\/posts\/5395\/revisions"}],"wp:featuredmedia":[{"embeddable":true,"href":"https:\/\/elazigtso.org.tr\/tr\/index.php\/wp-json\/wp\/v2\/media\/5650"}],"wp:attachment":[{"href":"https:\/\/elazigtso.org.tr\/tr\/index.php\/wp-json\/wp\/v2\/media?parent=5395"}],"wp:term":[{"taxonomy":"category","embeddable":true,"href":"https:\/\/elazigtso.org.tr\/tr\/index.php\/wp-json\/wp\/v2\/categories?post=5395"},{"taxonomy":"post_tag","embeddable":true,"href":"https:\/\/elazigtso.org.tr\/tr\/index.php\/wp-json\/wp\/v2\/tags?post=5395"}],"curies":[{"name":"wp","href":"https:\/\/api.w.org\/{rel}","templated":true}]}}