{"id":5394,"date":"2023-07-27T11:30:04","date_gmt":"2023-07-27T08:30:04","guid":{"rendered":"http:\/\/elazigtso.com\/tr\/index.php\/2023\/07\/27\/fas-agadir-sehrinde-agadir-sehrinin-toplu-tasima-agi-icin-busway-araclarinin-alimina-iliskin-acilan-ihale\/"},"modified":"2023-07-27T11:30:04","modified_gmt":"2023-07-27T08:30:04","slug":"fas-agadir-sehrinde-agadir-sehrinin-toplu-tasima-agi-icin-busway-araclarinin-alimina-iliskin-acilan-ihale","status":"publish","type":"post","link":"https:\/\/elazigtso.org.tr\/tr\/index.php\/2023\/07\/27\/fas-agadir-sehrinde-agadir-sehrinin-toplu-tasima-agi-icin-busway-araclarinin-alimina-iliskin-acilan-ihale\/","title":{"rendered":"Fas\/Agadir \u015eehrinde, Agadir \u015eehrinin Toplu Ta\u015f\u0131ma A\u011f\u0131 \u0130\u00e7in \u201cBusway\u201d Ara\u00e7lar\u0131n\u0131n Al\u0131m\u0131na \u0130li\u015fkin A\u00e7\u0131lan \u0130hale"},"content":{"rendered":"<\/p>\n<div class=\"content-detail\">\n<p>Say\u0131n \u00dcyemiz,<\/p>\n<p>TOBB taraf\u0131ndan Odam\u0131za g\u00f6nderilen yaz\u0131da,\u00a0Ticaret Bakanl\u0131\u011f\u0131&#8217;n\u0131n 03.10.2022 tarih ve 78679188 say\u0131l\u0131 yaz\u0131s\u0131na atfen,\u00a0\u0130lgide kay\u0131tl\u0131 yaz\u0131da, Rabat Ticaret M\u00fc\u015favirli\u011fi&#8217;nden al\u0131nan yaz\u0131ya atfen, Fas Agadir Yerel Kalk\u0131nma \u015eirketi &#8220;Soci\u00e9t\u00e9 de D\u00e9veloppement Local Grand Agadir Pour La Mobilit\u00e9 et Les D\u00e9placements Urbains&#8221; taraf\u0131ndan Agadir \u015eehrinin toplu ta\u015f\u0131ma a\u011f\u0131 i\u00e7in &#8220;busway&#8221; ara\u00e7lar\u0131n\u0131n al\u0131m\u0131na ili\u015fkin ihale a\u00e7\u0131ld\u0131\u011f\u0131 belirtilmi\u015f ve ihaleye ili\u015fkin detaylar payla\u015f\u0131lm\u0131\u015ft\u0131r. \u0130hale Bilgileri ekte sunulmaktad\u0131r.<\/p>\n<p><a href=\"http:\/\/www.elazigtso.org.tr\/public\/docs_oda\/duyuru\/31.10.22\/Fas_Agadir%20ehrinde%2C%20Agadir%20ehrinin%20Toplu%20Tama%20A%20in%20Busway%20Aralarnn%20Almna%20likin%20Alan%20hale.pdf\" target=\"_blank\" rel=\"noopener\">Ek: 1<\/a><\/p>\n<p>Sayg\u0131lar\u0131m\u0131zla,<\/p>\n<p>Elaz\u0131\u011f Ticaret ve Sanayi Odas\u0131<\/p>\n<p>\u00a0<\/p>\n<p>Bu duyuru 173 defa okundu. <\/p>\n<p>Ekleme Tarihi :2022-10-05 11:45:00 <\/p>\n<\/p><\/div>\n","protected":false},"excerpt":{"rendered":"<p>Say\u0131n \u00dcyemiz, TOBB taraf\u0131ndan Odam\u0131za g\u00f6nderilen yaz\u0131da,\u00a0Ticaret Bakanl\u0131\u011f\u0131&#8217;n\u0131n 03.10.2022 tarih ve 78679188 say\u0131l\u0131 yaz\u0131s\u0131na atfen,\u00a0\u0130lgide kay\u0131tl\u0131 yaz\u0131da, Rabat Ticaret M\u00fc\u015favirli\u011fi&#8217;nden al\u0131nan yaz\u0131ya atfen, Fas Agadir Yerel Kalk\u0131nma \u015eirketi &#8220;Soci\u00e9t\u00e9 de D\u00e9veloppement Local Grand Agadir Pour La Mobilit\u00e9 et Les D\u00e9placements Urbains&#8221; taraf\u0131ndan Agadir \u015eehrinin toplu ta\u015f\u0131ma a\u011f\u0131 i\u00e7in &#8220;busway&#8221; ara\u00e7lar\u0131n\u0131n al\u0131m\u0131na ili\u015fkin ihale a\u00e7\u0131ld\u0131\u011f\u0131 belirtilmi\u015f [&hellip;]<\/p>\n","protected":false},"author":1,"featured_media":5650,"comment_status":"open","ping_status":"open","sticky":false,"template":"","format":"standard","meta":{"_jetpack_memberships_contains_paid_content":false,"footnotes":""},"categories":[3],"tags":[],"class_list":["post-5394","post","type-post","status-publish","format-standard","has-post-thumbnail","hentry","category-duyuru"],"jetpack_sharing_enabled":true,"jetpack_featured_media_url":"https:\/\/elazigtso.org.tr\/tr\/wp-content\/uploads\/2023\/07\/logo_news-80.jpg","_links":{"self":[{"href":"https:\/\/elazigtso.org.tr\/tr\/index.php\/wp-json\/wp\/v2\/posts\/5394","targetHints":{"allow":["GET"]}}],"collection":[{"href":"https:\/\/elazigtso.org.tr\/tr\/index.php\/wp-json\/wp\/v2\/posts"}],"about":[{"href":"https:\/\/elazigtso.org.tr\/tr\/index.php\/wp-json\/wp\/v2\/types\/post"}],"author":[{"embeddable":true,"href":"https:\/\/elazigtso.org.tr\/tr\/index.php\/wp-json\/wp\/v2\/users\/1"}],"replies":[{"embeddable":true,"href":"https:\/\/elazigtso.org.tr\/tr\/index.php\/wp-json\/wp\/v2\/comments?post=5394"}],"version-history":[{"count":0,"href":"https:\/\/elazigtso.org.tr\/tr\/index.php\/wp-json\/wp\/v2\/posts\/5394\/revisions"}],"wp:featuredmedia":[{"embeddable":true,"href":"https:\/\/elazigtso.org.tr\/tr\/index.php\/wp-json\/wp\/v2\/media\/5650"}],"wp:attachment":[{"href":"https:\/\/elazigtso.org.tr\/tr\/index.php\/wp-json\/wp\/v2\/media?parent=5394"}],"wp:term":[{"taxonomy":"category","embeddable":true,"href":"https:\/\/elazigtso.org.tr\/tr\/index.php\/wp-json\/wp\/v2\/categories?post=5394"},{"taxonomy":"post_tag","embeddable":true,"href":"https:\/\/elazigtso.org.tr\/tr\/index.php\/wp-json\/wp\/v2\/tags?post=5394"}],"curies":[{"name":"wp","href":"https:\/\/api.w.org\/{rel}","templated":true}]}}