{"id":5393,"date":"2023-07-27T11:28:40","date_gmt":"2023-07-27T08:28:40","guid":{"rendered":"http:\/\/elazigtso.com\/tr\/index.php\/2023\/07\/27\/giderek-daha-belirsizlesen-dunyada-acik-ticaretin-rolu-konulu-etkinlik\/"},"modified":"2023-07-27T11:28:40","modified_gmt":"2023-07-27T08:28:40","slug":"giderek-daha-belirsizlesen-dunyada-acik-ticaretin-rolu-konulu-etkinlik","status":"publish","type":"post","link":"https:\/\/elazigtso.org.tr\/tr\/index.php\/2023\/07\/27\/giderek-daha-belirsizlesen-dunyada-acik-ticaretin-rolu-konulu-etkinlik\/","title":{"rendered":"Giderek Daha Belirsizle\u015fen D\u00fcnyada A\u00e7\u0131k Ticaretin Rol\u00fc Konulu Etkinlik"},"content":{"rendered":"<\/p>\n<div class=\"content-detail\">\n<p>Say\u0131n \u00dcyemiz,<\/p>\n<p>TOBB taraf\u0131ndan Odam\u0131za g\u00f6nderilen yaz\u0131da,\u00a0Ticaret Bakanl\u0131\u011f\u0131&#8217;ndan al\u0131nan 04.10.2022 tarihli ve 78748418 say\u0131l\u0131 yaz\u0131na atfen,\u00a0Ekte bir \u00f6rne\u011fi sunulan ilgi yaz\u0131da, AB Nezdinde T\u00fcrkiye Daimi Temsilcili\u011fi&#8217;nden al\u0131nan bir yaz\u0131ya atfen, Avrupa Komisyonu Ticaret Genel M\u00fcd\u00fcrl\u00fc\u011f\u00fc (DG Trade) taraf\u0131ndan 31 Ekim 2022 tarihinde &#8220;Giderek Daha Belirsizle\u015fen D\u00fcnyada A\u00e7\u0131k Ticaretin Rol\u00fc&#8221; konulu \u00e7evrimi\u00e7i bir etkinlik d\u00fczenlenece\u011fi belirtilmi\u015f ve etkinli\u011fin kay\u0131t linki bilgileri payla\u015f\u0131lm\u0131\u015ft\u0131r.<\/p>\n<p>Bu itibarla, Odan\u0131z\u0131n\/Borsan\u0131z\u0131n ilgili \u00e7al\u0131\u015fanlar\u0131nca etkinli\u011fe i\u015ftirak edilmesi ve etkinli\u011fin \u00fcyelerinize<br \/>\nduyurulmas\u0131 hususlar\u0131nda gere\u011fini rica ederim.<\/p>\n<p><a href=\"http:\/\/www.elazigtso.org.tr\/public\/docs_oda\/duyuru\/31.10.22\/Giderek%20Daha%20Belirsizleen%20Dnyada%20Ak%20Ticaretin%20Rol%20Konulu%20Etkinlik.pdf\" target=\"_blank\" rel=\"noopener\">Ek:\u00a0Giderek Daha Belirsizle\u015fen D\u00fcnyada A\u00e7\u0131k Ticaretin Rol\u00fc Konulu Etkinlik<\/a><\/p>\n<p>Sayg\u0131lar\u0131m\u0131zla,<\/p>\n<p>Elaz\u0131\u011f Ticaret ve Sanayi Odas\u0131<\/p>\n<p>\u00a0<\/p>\n<p>Bu duyuru 185 defa okundu. <\/p>\n<p>Ekleme Tarihi :2022-10-05 11:40:00 <\/p>\n<\/p><\/div>\n","protected":false},"excerpt":{"rendered":"<p>Say\u0131n \u00dcyemiz, TOBB taraf\u0131ndan Odam\u0131za g\u00f6nderilen yaz\u0131da,\u00a0Ticaret Bakanl\u0131\u011f\u0131&#8217;ndan al\u0131nan 04.10.2022 tarihli ve 78748418 say\u0131l\u0131 yaz\u0131na atfen,\u00a0Ekte bir \u00f6rne\u011fi sunulan ilgi yaz\u0131da, AB Nezdinde T\u00fcrkiye Daimi Temsilcili\u011fi&#8217;nden al\u0131nan bir yaz\u0131ya atfen, Avrupa Komisyonu Ticaret Genel M\u00fcd\u00fcrl\u00fc\u011f\u00fc (DG Trade) taraf\u0131ndan 31 Ekim 2022 tarihinde &#8220;Giderek Daha Belirsizle\u015fen D\u00fcnyada A\u00e7\u0131k Ticaretin Rol\u00fc&#8221; konulu \u00e7evrimi\u00e7i bir etkinlik d\u00fczenlenece\u011fi belirtilmi\u015f [&hellip;]<\/p>\n","protected":false},"author":1,"featured_media":5650,"comment_status":"open","ping_status":"open","sticky":false,"template":"","format":"standard","meta":{"_jetpack_memberships_contains_paid_content":false,"footnotes":""},"categories":[3],"tags":[],"class_list":["post-5393","post","type-post","status-publish","format-standard","has-post-thumbnail","hentry","category-duyuru"],"jetpack_sharing_enabled":true,"jetpack_featured_media_url":"https:\/\/elazigtso.org.tr\/tr\/wp-content\/uploads\/2023\/07\/logo_news-80.jpg","_links":{"self":[{"href":"https:\/\/elazigtso.org.tr\/tr\/index.php\/wp-json\/wp\/v2\/posts\/5393","targetHints":{"allow":["GET"]}}],"collection":[{"href":"https:\/\/elazigtso.org.tr\/tr\/index.php\/wp-json\/wp\/v2\/posts"}],"about":[{"href":"https:\/\/elazigtso.org.tr\/tr\/index.php\/wp-json\/wp\/v2\/types\/post"}],"author":[{"embeddable":true,"href":"https:\/\/elazigtso.org.tr\/tr\/index.php\/wp-json\/wp\/v2\/users\/1"}],"replies":[{"embeddable":true,"href":"https:\/\/elazigtso.org.tr\/tr\/index.php\/wp-json\/wp\/v2\/comments?post=5393"}],"version-history":[{"count":0,"href":"https:\/\/elazigtso.org.tr\/tr\/index.php\/wp-json\/wp\/v2\/posts\/5393\/revisions"}],"wp:featuredmedia":[{"embeddable":true,"href":"https:\/\/elazigtso.org.tr\/tr\/index.php\/wp-json\/wp\/v2\/media\/5650"}],"wp:attachment":[{"href":"https:\/\/elazigtso.org.tr\/tr\/index.php\/wp-json\/wp\/v2\/media?parent=5393"}],"wp:term":[{"taxonomy":"category","embeddable":true,"href":"https:\/\/elazigtso.org.tr\/tr\/index.php\/wp-json\/wp\/v2\/categories?post=5393"},{"taxonomy":"post_tag","embeddable":true,"href":"https:\/\/elazigtso.org.tr\/tr\/index.php\/wp-json\/wp\/v2\/tags?post=5393"}],"curies":[{"name":"wp","href":"https:\/\/api.w.org\/{rel}","templated":true}]}}