{"id":5392,"date":"2023-07-27T11:26:43","date_gmt":"2023-07-27T08:26:43","guid":{"rendered":"http:\/\/elazigtso.com\/tr\/index.php\/2023\/07\/27\/afrika-kalkinma-bankasi-is-firsatlari-semineri\/"},"modified":"2023-07-27T11:26:43","modified_gmt":"2023-07-27T08:26:43","slug":"afrika-kalkinma-bankasi-is-firsatlari-semineri","status":"publish","type":"post","link":"https:\/\/elazigtso.org.tr\/tr\/index.php\/2023\/07\/27\/afrika-kalkinma-bankasi-is-firsatlari-semineri\/","title":{"rendered":"Afrika Kalk\u0131nma Bankas\u0131 \u0130\u015f F\u0131rsatlar\u0131 Semineri"},"content":{"rendered":"<\/p>\n<div class=\"content-detail\">\n<p>Say\u0131n \u00dcyemiz,<\/p>\n<p>TOBB taraf\u0131ndan Odam\u0131za g\u00f6nderilen yaz\u0131da,\u00a0Hazine ve Maliye Bakanl\u0131\u011f\u0131&#8217;n\u0131n 30.09.2022 tarihli e-posta yaz\u0131s\u0131na atfen,\u00a0\u0130lgide kay\u0131tl\u0131 yaz\u0131da, \u00fclkemizin \u00fcyesi oldu\u011fu Afrika Kalk\u0131nma Bankas\u0131&#8217;n\u0131n 12-13 Ekim tarihlerinde Zoom \u00fczerinden \u0130\u015f F\u0131rsatlar\u0131 Semineri d\u00fczenleyece\u011fi belirtilmektedir. Kat\u0131l\u0131mc\u0131lar\u0131n Afrika Kalk\u0131nma Bankas\u0131 yetkilileri, di\u011fer kat\u0131l\u0131mc\u0131lar ve \u00f6zel sekt\u00f6r temsilcileri ile ba\u011flant\u0131 kurma imkan\u0131 olacakt\u0131r.<\/p>\n<p>Seminer program\u0131 ekte yer almakta olup, seminere kat\u0131l\u0131m i\u00e7in a\u015fa\u011f\u0131daki ba\u011flant\u0131dan kay\u0131t yapt\u0131r\u0131lmas\u0131<br \/>\ngerekmektedir:<\/p>\n<p><a href=\"https:\/\/www.afdb.org\/en\/news-and-events\/events\/business-opportunities-seminar-fall-2022-edition-54996\">https:\/\/www.afdb.org\/en\/news-and-events\/events\/business-opportunities-seminar-fall-2022-edition-54996<\/a><\/p>\n<p><a href=\"http:\/\/www.elazigtso.org.tr\/public\/docs_oda\/duyuru\/31.10.22\/Afrika%20Kalknma%20Bankas%20%20Frsatlar%20Semineri.pdf\" target=\"_blank\" rel=\"noopener\">Ek:\u00a0Afrika Kalk\u0131nma Bankas\u0131 \u0130\u015f F\u0131rsatlar\u0131 Semineri<\/a><\/p>\n<p>Sayg\u0131lar\u0131m\u0131zla,<\/p>\n<p>Elaz\u0131\u011f Ticaret ve Sanayi Odas\u0131<\/p>\n<p><\/p>\n<p>\u00a0<\/p>\n<p>Bu duyuru 176 defa okundu. <\/p>\n<p>Ekleme Tarihi :2022-10-05 03:57:00 <\/p>\n<\/p><\/div>\n","protected":false},"excerpt":{"rendered":"<p>Say\u0131n \u00dcyemiz, TOBB taraf\u0131ndan Odam\u0131za g\u00f6nderilen yaz\u0131da,\u00a0Hazine ve Maliye Bakanl\u0131\u011f\u0131&#8217;n\u0131n 30.09.2022 tarihli e-posta yaz\u0131s\u0131na atfen,\u00a0\u0130lgide kay\u0131tl\u0131 yaz\u0131da, \u00fclkemizin \u00fcyesi oldu\u011fu Afrika Kalk\u0131nma Bankas\u0131&#8217;n\u0131n 12-13 Ekim tarihlerinde Zoom \u00fczerinden \u0130\u015f F\u0131rsatlar\u0131 Semineri d\u00fczenleyece\u011fi belirtilmektedir. Kat\u0131l\u0131mc\u0131lar\u0131n Afrika Kalk\u0131nma Bankas\u0131 yetkilileri, di\u011fer kat\u0131l\u0131mc\u0131lar ve \u00f6zel sekt\u00f6r temsilcileri ile ba\u011flant\u0131 kurma imkan\u0131 olacakt\u0131r. Seminer program\u0131 ekte yer almakta olup, [&hellip;]<\/p>\n","protected":false},"author":1,"featured_media":5650,"comment_status":"open","ping_status":"open","sticky":false,"template":"","format":"standard","meta":{"_jetpack_memberships_contains_paid_content":false,"footnotes":""},"categories":[3],"tags":[],"class_list":["post-5392","post","type-post","status-publish","format-standard","has-post-thumbnail","hentry","category-duyuru"],"jetpack_sharing_enabled":true,"jetpack_featured_media_url":"https:\/\/elazigtso.org.tr\/tr\/wp-content\/uploads\/2023\/07\/logo_news-80.jpg","_links":{"self":[{"href":"https:\/\/elazigtso.org.tr\/tr\/index.php\/wp-json\/wp\/v2\/posts\/5392","targetHints":{"allow":["GET"]}}],"collection":[{"href":"https:\/\/elazigtso.org.tr\/tr\/index.php\/wp-json\/wp\/v2\/posts"}],"about":[{"href":"https:\/\/elazigtso.org.tr\/tr\/index.php\/wp-json\/wp\/v2\/types\/post"}],"author":[{"embeddable":true,"href":"https:\/\/elazigtso.org.tr\/tr\/index.php\/wp-json\/wp\/v2\/users\/1"}],"replies":[{"embeddable":true,"href":"https:\/\/elazigtso.org.tr\/tr\/index.php\/wp-json\/wp\/v2\/comments?post=5392"}],"version-history":[{"count":0,"href":"https:\/\/elazigtso.org.tr\/tr\/index.php\/wp-json\/wp\/v2\/posts\/5392\/revisions"}],"wp:featuredmedia":[{"embeddable":true,"href":"https:\/\/elazigtso.org.tr\/tr\/index.php\/wp-json\/wp\/v2\/media\/5650"}],"wp:attachment":[{"href":"https:\/\/elazigtso.org.tr\/tr\/index.php\/wp-json\/wp\/v2\/media?parent=5392"}],"wp:term":[{"taxonomy":"category","embeddable":true,"href":"https:\/\/elazigtso.org.tr\/tr\/index.php\/wp-json\/wp\/v2\/categories?post=5392"},{"taxonomy":"post_tag","embeddable":true,"href":"https:\/\/elazigtso.org.tr\/tr\/index.php\/wp-json\/wp\/v2\/tags?post=5392"}],"curies":[{"name":"wp","href":"https:\/\/api.w.org\/{rel}","templated":true}]}}