{"id":5391,"date":"2023-07-27T11:24:38","date_gmt":"2023-07-27T08:24:38","guid":{"rendered":"http:\/\/elazigtso.com\/tr\/index.php\/2023\/07\/27\/turkiye-cekya-is-forumu\/"},"modified":"2023-07-27T11:24:38","modified_gmt":"2023-07-27T08:24:38","slug":"turkiye-cekya-is-forumu","status":"publish","type":"post","link":"https:\/\/elazigtso.org.tr\/tr\/index.php\/2023\/07\/27\/turkiye-cekya-is-forumu\/","title":{"rendered":"T\u00fcrkiye-\u00c7ekya \u0130\u015f Forumu"},"content":{"rendered":"<\/p>\n<div class=\"content-detail\">\n<p>Say\u0131n \u00dcyemiz,<\/p>\n<p>TOBB taraf\u0131ndan Odam\u0131za g\u00f6nderilen yaz\u0131da,\u00a0\u00c7ekya Sanayi ve Ticaret Bakan\u0131 Jozef Sikela&#8217;n\u0131n kat\u0131l\u0131m\u0131yla, 20 Ekim 2022 Per\u015fembe g\u00fcn\u00fc 10:30-14:30 saatleri aras\u0131nda Birli\u011fimizde T\u00fcrkiye-\u00c7ekya \u0130\u015f Forumu d\u00fczenlenecektir.<\/p>\n<p>An\u0131lan foruma ekte \u015firket profilleri sunulan, demiryolu, lojistik, madencilik, in\u015faat, enerji ve n\u00fckleer enerji,<br \/>\notomotiv, \u00e7evre ve su ar\u0131tma alan\u0131nda faaliyet g\u00f6steren \u00c7ek firma \u00fcst d\u00fczey temsilcilerinin kat\u0131l\u0131m\u0131<br \/>\nbeklenmekte olup, s\u00f6z konusu firma temsilcileri ile ikili g\u00f6r\u00fc\u015fmeler imk\u00e2n\u0131 sunulacakt\u0131r.<\/p>\n<p>T\u00fcrk\u00e7e-\u0130ngilizce simultane \u00e7eviri hizmeti sunulacak olan Foruma kat\u0131lmak isteyenlerin<br \/>\nhttps:\/\/anket.tobb.org.tr\/#\/anket\/turkiye-cek-cumhuriyeti-is-forumu linki \u00fczerinden \u0130ngilizce dilinde kay\u0131t<br \/>\nyapt\u0131rmalar\u0131 gerekmektedir.<\/p>\n<p>Forum program\u0131 kay\u0131t yapt\u0131ran firma temsilcilerine bilahare iletilecektir.<\/p>\n<p><a href=\"http:\/\/www.elazigtso.org.tr\/public\/docs_oda\/duyuru\/31.10.22\/T%C3%BCrkiye-%C3%87ekya%20%C4%B0%C5%9F%20Forumu.pdf\" target=\"_blank\" rel=\"noopener\">Ek:\u00a0\u00a0T\u00fcrkiye-\u00c7ekya \u0130\u015f Forumu<\/a><\/p>\n<p>Sayg\u0131lar\u0131m\u0131zla,<\/p>\n<p>Elaz\u0131\u011f Ticaret ve Sanayi Odas\u0131<\/p>\n<p><\/p>\n<p>\u00a0<\/p>\n<p>Bu duyuru 185 defa okundu. <\/p>\n<p>Ekleme Tarihi :2022-10-04 03:50:00 <\/p>\n<\/p><\/div>\n","protected":false},"excerpt":{"rendered":"<p>Say\u0131n \u00dcyemiz, TOBB taraf\u0131ndan Odam\u0131za g\u00f6nderilen yaz\u0131da,\u00a0\u00c7ekya Sanayi ve Ticaret Bakan\u0131 Jozef Sikela&#8217;n\u0131n kat\u0131l\u0131m\u0131yla, 20 Ekim 2022 Per\u015fembe g\u00fcn\u00fc 10:30-14:30 saatleri aras\u0131nda Birli\u011fimizde T\u00fcrkiye-\u00c7ekya \u0130\u015f Forumu d\u00fczenlenecektir. An\u0131lan foruma ekte \u015firket profilleri sunulan, demiryolu, lojistik, madencilik, in\u015faat, enerji ve n\u00fckleer enerji, otomotiv, \u00e7evre ve su ar\u0131tma alan\u0131nda faaliyet g\u00f6steren \u00c7ek firma \u00fcst d\u00fczey temsilcilerinin kat\u0131l\u0131m\u0131 [&hellip;]<\/p>\n","protected":false},"author":1,"featured_media":5650,"comment_status":"open","ping_status":"open","sticky":false,"template":"","format":"standard","meta":{"_jetpack_memberships_contains_paid_content":false,"footnotes":""},"categories":[3],"tags":[],"class_list":["post-5391","post","type-post","status-publish","format-standard","has-post-thumbnail","hentry","category-duyuru"],"jetpack_sharing_enabled":true,"jetpack_featured_media_url":"https:\/\/elazigtso.org.tr\/tr\/wp-content\/uploads\/2023\/07\/logo_news-80.jpg","_links":{"self":[{"href":"https:\/\/elazigtso.org.tr\/tr\/index.php\/wp-json\/wp\/v2\/posts\/5391","targetHints":{"allow":["GET"]}}],"collection":[{"href":"https:\/\/elazigtso.org.tr\/tr\/index.php\/wp-json\/wp\/v2\/posts"}],"about":[{"href":"https:\/\/elazigtso.org.tr\/tr\/index.php\/wp-json\/wp\/v2\/types\/post"}],"author":[{"embeddable":true,"href":"https:\/\/elazigtso.org.tr\/tr\/index.php\/wp-json\/wp\/v2\/users\/1"}],"replies":[{"embeddable":true,"href":"https:\/\/elazigtso.org.tr\/tr\/index.php\/wp-json\/wp\/v2\/comments?post=5391"}],"version-history":[{"count":0,"href":"https:\/\/elazigtso.org.tr\/tr\/index.php\/wp-json\/wp\/v2\/posts\/5391\/revisions"}],"wp:featuredmedia":[{"embeddable":true,"href":"https:\/\/elazigtso.org.tr\/tr\/index.php\/wp-json\/wp\/v2\/media\/5650"}],"wp:attachment":[{"href":"https:\/\/elazigtso.org.tr\/tr\/index.php\/wp-json\/wp\/v2\/media?parent=5391"}],"wp:term":[{"taxonomy":"category","embeddable":true,"href":"https:\/\/elazigtso.org.tr\/tr\/index.php\/wp-json\/wp\/v2\/categories?post=5391"},{"taxonomy":"post_tag","embeddable":true,"href":"https:\/\/elazigtso.org.tr\/tr\/index.php\/wp-json\/wp\/v2\/tags?post=5391"}],"curies":[{"name":"wp","href":"https:\/\/api.w.org\/{rel}","templated":true}]}}