{"id":5352,"date":"2023-07-27T10:53:09","date_gmt":"2023-07-27T07:53:09","guid":{"rendered":"http:\/\/elazigtso.com\/tr\/index.php\/2023\/07\/27\/misir-enerji-fuari\/"},"modified":"2023-07-27T10:53:09","modified_gmt":"2023-07-27T07:53:09","slug":"misir-enerji-fuari","status":"publish","type":"post","link":"https:\/\/elazigtso.org.tr\/tr\/index.php\/2023\/07\/27\/misir-enerji-fuari\/","title":{"rendered":"M\u0131s\u0131r Enerji Fuar\u0131"},"content":{"rendered":"<\/p>\n<div class=\"content-detail\">\n<p>Say\u0131n \u00dcyemiz,<\/p>\n<p>TOBB taraf\u0131ndan Odam\u0131za g\u00f6nderilen yaz\u0131da,\u00a0M\u0131s\u0131r \u0130stanbul Ba\u015fkonsoloslu\u011fu&#8217;nun 12.09.2022 tarihli ve 218 say\u0131l\u0131 yaz\u0131s\u0131na atfen,\u00a0\u0130lgide kay\u0131tl\u0131 yaz\u0131da, 31. M\u0131s\u0131r Enerji Fuar\u0131&#8217;n\u0131n 30 Ekim-1 Kas\u0131m 2022 tarihleri aras\u0131nda M\u0131s\u0131r Uluslararas\u0131 Fuar Merkezi&#8217;nde d\u00fczenlenece\u011fi belirtilmektedir. Fuara ili\u015fkin bilgi almak ve rezervasyon yapt\u0131rmak i\u00e7in ge\u00e7erli ileti\u015fim adresi Rama.Homsi@informa.com&#8217;dur.<\/p>\n<p>Fuar hakk\u0131nda detayl\u0131 bilgi ekte sunulmaktad\u0131r.<\/p>\n<p><a href=\"http:\/\/www.elazigtso.org.tr\/public\/docs_oda\/duyuru\/21.09.2022\/Msr-Enerji-Fuar.pdf\" target=\"_blank\" rel=\"noopener\">Ek:\u00a0M\u0131s\u0131r Enerji Fuar\u0131<\/a><\/p>\n<p>Sayg\u0131lar\u0131m\u0131zla,<\/p>\n<p>Elaz\u0131\u011f Ticaret ve Sanayi Odas\u0131<\/p>\n<p>\u00a0<\/p>\n<p>Bu duyuru 414 defa okundu. <\/p>\n<p>Ekleme Tarihi :2022-09-21 02:07:00 <\/p>\n<\/p><\/div>\n","protected":false},"excerpt":{"rendered":"<p>Say\u0131n \u00dcyemiz, TOBB taraf\u0131ndan Odam\u0131za g\u00f6nderilen yaz\u0131da,\u00a0M\u0131s\u0131r \u0130stanbul Ba\u015fkonsoloslu\u011fu&#8217;nun 12.09.2022 tarihli ve 218 say\u0131l\u0131 yaz\u0131s\u0131na atfen,\u00a0\u0130lgide kay\u0131tl\u0131 yaz\u0131da, 31. M\u0131s\u0131r Enerji Fuar\u0131&#8217;n\u0131n 30 Ekim-1 Kas\u0131m 2022 tarihleri aras\u0131nda M\u0131s\u0131r Uluslararas\u0131 Fuar Merkezi&#8217;nde d\u00fczenlenece\u011fi belirtilmektedir. Fuara ili\u015fkin bilgi almak ve rezervasyon yapt\u0131rmak i\u00e7in ge\u00e7erli ileti\u015fim adresi Rama.Homsi@informa.com&#8217;dur. Fuar hakk\u0131nda detayl\u0131 bilgi ekte sunulmaktad\u0131r. Ek:\u00a0M\u0131s\u0131r Enerji Fuar\u0131 [&hellip;]<\/p>\n","protected":false},"author":1,"featured_media":5650,"comment_status":"open","ping_status":"open","sticky":false,"template":"","format":"standard","meta":{"_jetpack_memberships_contains_paid_content":false,"footnotes":""},"categories":[3],"tags":[],"class_list":["post-5352","post","type-post","status-publish","format-standard","has-post-thumbnail","hentry","category-duyuru"],"jetpack_sharing_enabled":true,"jetpack_featured_media_url":"https:\/\/elazigtso.org.tr\/tr\/wp-content\/uploads\/2023\/07\/logo_news-80.jpg","_links":{"self":[{"href":"https:\/\/elazigtso.org.tr\/tr\/index.php\/wp-json\/wp\/v2\/posts\/5352","targetHints":{"allow":["GET"]}}],"collection":[{"href":"https:\/\/elazigtso.org.tr\/tr\/index.php\/wp-json\/wp\/v2\/posts"}],"about":[{"href":"https:\/\/elazigtso.org.tr\/tr\/index.php\/wp-json\/wp\/v2\/types\/post"}],"author":[{"embeddable":true,"href":"https:\/\/elazigtso.org.tr\/tr\/index.php\/wp-json\/wp\/v2\/users\/1"}],"replies":[{"embeddable":true,"href":"https:\/\/elazigtso.org.tr\/tr\/index.php\/wp-json\/wp\/v2\/comments?post=5352"}],"version-history":[{"count":0,"href":"https:\/\/elazigtso.org.tr\/tr\/index.php\/wp-json\/wp\/v2\/posts\/5352\/revisions"}],"wp:featuredmedia":[{"embeddable":true,"href":"https:\/\/elazigtso.org.tr\/tr\/index.php\/wp-json\/wp\/v2\/media\/5650"}],"wp:attachment":[{"href":"https:\/\/elazigtso.org.tr\/tr\/index.php\/wp-json\/wp\/v2\/media?parent=5352"}],"wp:term":[{"taxonomy":"category","embeddable":true,"href":"https:\/\/elazigtso.org.tr\/tr\/index.php\/wp-json\/wp\/v2\/categories?post=5352"},{"taxonomy":"post_tag","embeddable":true,"href":"https:\/\/elazigtso.org.tr\/tr\/index.php\/wp-json\/wp\/v2\/tags?post=5352"}],"curies":[{"name":"wp","href":"https:\/\/api.w.org\/{rel}","templated":true}]}}