{"id":5350,"date":"2023-07-27T10:49:06","date_gmt":"2023-07-27T07:49:06","guid":{"rendered":"http:\/\/elazigtso.com\/tr\/index.php\/2023\/07\/27\/made-in-steel-fuari\/"},"modified":"2023-07-27T10:49:06","modified_gmt":"2023-07-27T07:49:06","slug":"made-in-steel-fuari","status":"publish","type":"post","link":"https:\/\/elazigtso.org.tr\/tr\/index.php\/2023\/07\/27\/made-in-steel-fuari\/","title":{"rendered":"Made in Steel Fuar\u0131"},"content":{"rendered":"<\/p>\n<div class=\"content-detail\">\n<p>Say\u0131n \u00dcyemiz,<\/p>\n<p>TOBB taraf\u0131ndan Odam\u0131za g\u00f6nderilen yaz\u0131da,\u00a0\u0130stanbul Ticaret Odas\u0131&#8217;ndan al\u0131nan 31.08.2022 tarihli ve 86808 say\u0131l\u0131 yaz\u0131s\u0131na atfen,\u00a0Ekte bir \u00f6rne\u011fi sunulan ilgi yaz\u0131da, \u0130talya&#8217;n\u0131n Milano \u015fehrinde 9-11 May\u0131s 2023 tarihlerinde d\u00fczenlenecek olan Made in Steel fuar\u0131na kat\u0131l\u0131m\u0131n, \u0130stanbul Ticaret Odas\u0131&#8217;n\u0131n T\u00fcrkiye Milli \u0130\u015ftiraki organizasyonunda ger\u00e7ekle\u015ftirilece\u011fi belirtilmi\u015f olup, s\u00f6z konusu fuar ve kat\u0131l\u0131mla ilgili bilgi verilmektedir.<\/p>\n<p><a href=\"http:\/\/www.elazigtso.org.tr\/public\/docs_oda\/duyuru\/21.09.2022\/Made-in-Steel-Fuar.pdf\" target=\"_blank\" rel=\"noopener\">Ek:\u00a0Made in Steel Fuar\u0131<\/a><\/p>\n<p>Sayg\u0131lar\u0131m\u0131zla,<\/p>\n<p>Elaz\u0131\u011f Ticaret ve Sanayi Odas\u0131<\/p>\n<p>\u00a0<\/p>\n<p>Bu duyuru 399 defa okundu. <\/p>\n<p>Ekleme Tarihi :2022-09-21 01:52:00 <\/p>\n<\/p><\/div>\n","protected":false},"excerpt":{"rendered":"<p>Say\u0131n \u00dcyemiz, TOBB taraf\u0131ndan Odam\u0131za g\u00f6nderilen yaz\u0131da,\u00a0\u0130stanbul Ticaret Odas\u0131&#8217;ndan al\u0131nan 31.08.2022 tarihli ve 86808 say\u0131l\u0131 yaz\u0131s\u0131na atfen,\u00a0Ekte bir \u00f6rne\u011fi sunulan ilgi yaz\u0131da, \u0130talya&#8217;n\u0131n Milano \u015fehrinde 9-11 May\u0131s 2023 tarihlerinde d\u00fczenlenecek olan Made in Steel fuar\u0131na kat\u0131l\u0131m\u0131n, \u0130stanbul Ticaret Odas\u0131&#8217;n\u0131n T\u00fcrkiye Milli \u0130\u015ftiraki organizasyonunda ger\u00e7ekle\u015ftirilece\u011fi belirtilmi\u015f olup, s\u00f6z konusu fuar ve kat\u0131l\u0131mla ilgili bilgi verilmektedir. Ek:\u00a0Made [&hellip;]<\/p>\n","protected":false},"author":1,"featured_media":5650,"comment_status":"open","ping_status":"open","sticky":false,"template":"","format":"standard","meta":{"_jetpack_memberships_contains_paid_content":false,"footnotes":""},"categories":[3],"tags":[],"class_list":["post-5350","post","type-post","status-publish","format-standard","has-post-thumbnail","hentry","category-duyuru"],"jetpack_sharing_enabled":true,"jetpack_featured_media_url":"https:\/\/elazigtso.org.tr\/tr\/wp-content\/uploads\/2023\/07\/logo_news-80.jpg","_links":{"self":[{"href":"https:\/\/elazigtso.org.tr\/tr\/index.php\/wp-json\/wp\/v2\/posts\/5350","targetHints":{"allow":["GET"]}}],"collection":[{"href":"https:\/\/elazigtso.org.tr\/tr\/index.php\/wp-json\/wp\/v2\/posts"}],"about":[{"href":"https:\/\/elazigtso.org.tr\/tr\/index.php\/wp-json\/wp\/v2\/types\/post"}],"author":[{"embeddable":true,"href":"https:\/\/elazigtso.org.tr\/tr\/index.php\/wp-json\/wp\/v2\/users\/1"}],"replies":[{"embeddable":true,"href":"https:\/\/elazigtso.org.tr\/tr\/index.php\/wp-json\/wp\/v2\/comments?post=5350"}],"version-history":[{"count":0,"href":"https:\/\/elazigtso.org.tr\/tr\/index.php\/wp-json\/wp\/v2\/posts\/5350\/revisions"}],"wp:featuredmedia":[{"embeddable":true,"href":"https:\/\/elazigtso.org.tr\/tr\/index.php\/wp-json\/wp\/v2\/media\/5650"}],"wp:attachment":[{"href":"https:\/\/elazigtso.org.tr\/tr\/index.php\/wp-json\/wp\/v2\/media?parent=5350"}],"wp:term":[{"taxonomy":"category","embeddable":true,"href":"https:\/\/elazigtso.org.tr\/tr\/index.php\/wp-json\/wp\/v2\/categories?post=5350"},{"taxonomy":"post_tag","embeddable":true,"href":"https:\/\/elazigtso.org.tr\/tr\/index.php\/wp-json\/wp\/v2\/tags?post=5350"}],"curies":[{"name":"wp","href":"https:\/\/api.w.org\/{rel}","templated":true}]}}