{"id":5349,"date":"2023-07-27T10:46:24","date_gmt":"2023-07-27T07:46:24","guid":{"rendered":"http:\/\/elazigtso.com\/tr\/index.php\/2023\/07\/27\/helal-is-forumu-2022\/"},"modified":"2023-07-27T10:46:24","modified_gmt":"2023-07-27T07:46:24","slug":"helal-is-forumu-2022","status":"publish","type":"post","link":"https:\/\/elazigtso.org.tr\/tr\/index.php\/2023\/07\/27\/helal-is-forumu-2022\/","title":{"rendered":"Helal \u0130\u015f Forumu 2022"},"content":{"rendered":"<\/p>\n<div class=\"content-detail\">\n<p>Say\u0131n \u00dcyemiz,<\/p>\n<p>TOBB taraf\u0131ndan Odam\u0131za g\u00f6nderilen yaz\u0131da,\u00a0Ticaret Bakanl\u0131\u011f\u0131&#8217;n\u0131n 02.09.2022 tarihli ve 77824544 say\u0131l\u0131 yaz\u0131s\u0131na atfen,\u00a0H\u0131rvatistan Helal Belgelendirme Merkezi taraf\u0131ndan 4-5 Ekim 2022 tarihlerinde Zagreb&#8217;de Helal \u0130\u015f Forumu (Halal Business Forum 2022) adl\u0131 etkinli\u011fin organize edilece\u011fi; s\u00f6z konusu etkinli\u011fin panel tart\u0131\u015fmalar\u0131, bilimsel bir konferans ve \u00f6zel olarak tasarlanm\u0131\u015f i\u015f g\u00f6r\u00fc\u015fmeleri (B2B) program\u0131n\u0131 i\u00e7erece\u011fi belirtilerek, etkinlik kapsam\u0131nda al\u0131c\u0131lar\u0131n \u00fcreticiler ve turizm payda\u015flar\u0131 ile bulu\u015fturulmas\u0131n\u0131n ama\u00e7land\u0131\u011f\u0131 ifade edilmektedir.<\/p>\n<p>Ayr\u0131nt\u0131l\u0131 bilgi https:\/\/hbf.halal.hr\/ adresinde yer almakta olup, kay\u0131t i\u00e7in https:\/\/hbf.halal.hr\/registration<br \/>\nba\u011flant\u0131s\u0131n\u0131n kullan\u0131lmas\u0131 m\u00fcmk\u00fcnd\u00fcr.<\/p>\n<p>Sayg\u0131lar\u0131m\u0131zla,<\/p>\n<p>Elaz\u0131\u011f Ticaret ve Sanayi Odas\u0131<\/p>\n<p>\u00a0<\/p>\n<p>Bu duyuru 506 defa okundu. <\/p>\n<p>Ekleme Tarihi :2022-09-19 11:29:00 <\/p>\n<\/p><\/div>\n","protected":false},"excerpt":{"rendered":"<p>Say\u0131n \u00dcyemiz, TOBB taraf\u0131ndan Odam\u0131za g\u00f6nderilen yaz\u0131da,\u00a0Ticaret Bakanl\u0131\u011f\u0131&#8217;n\u0131n 02.09.2022 tarihli ve 77824544 say\u0131l\u0131 yaz\u0131s\u0131na atfen,\u00a0H\u0131rvatistan Helal Belgelendirme Merkezi taraf\u0131ndan 4-5 Ekim 2022 tarihlerinde Zagreb&#8217;de Helal \u0130\u015f Forumu (Halal Business Forum 2022) adl\u0131 etkinli\u011fin organize edilece\u011fi; s\u00f6z konusu etkinli\u011fin panel tart\u0131\u015fmalar\u0131, bilimsel bir konferans ve \u00f6zel olarak tasarlanm\u0131\u015f i\u015f g\u00f6r\u00fc\u015fmeleri (B2B) program\u0131n\u0131 i\u00e7erece\u011fi belirtilerek, etkinlik kapsam\u0131nda [&hellip;]<\/p>\n","protected":false},"author":1,"featured_media":5650,"comment_status":"open","ping_status":"open","sticky":false,"template":"","format":"standard","meta":{"_jetpack_memberships_contains_paid_content":false,"footnotes":""},"categories":[3],"tags":[],"class_list":["post-5349","post","type-post","status-publish","format-standard","has-post-thumbnail","hentry","category-duyuru"],"jetpack_sharing_enabled":true,"jetpack_featured_media_url":"https:\/\/elazigtso.org.tr\/tr\/wp-content\/uploads\/2023\/07\/logo_news-80.jpg","_links":{"self":[{"href":"https:\/\/elazigtso.org.tr\/tr\/index.php\/wp-json\/wp\/v2\/posts\/5349","targetHints":{"allow":["GET"]}}],"collection":[{"href":"https:\/\/elazigtso.org.tr\/tr\/index.php\/wp-json\/wp\/v2\/posts"}],"about":[{"href":"https:\/\/elazigtso.org.tr\/tr\/index.php\/wp-json\/wp\/v2\/types\/post"}],"author":[{"embeddable":true,"href":"https:\/\/elazigtso.org.tr\/tr\/index.php\/wp-json\/wp\/v2\/users\/1"}],"replies":[{"embeddable":true,"href":"https:\/\/elazigtso.org.tr\/tr\/index.php\/wp-json\/wp\/v2\/comments?post=5349"}],"version-history":[{"count":0,"href":"https:\/\/elazigtso.org.tr\/tr\/index.php\/wp-json\/wp\/v2\/posts\/5349\/revisions"}],"wp:featuredmedia":[{"embeddable":true,"href":"https:\/\/elazigtso.org.tr\/tr\/index.php\/wp-json\/wp\/v2\/media\/5650"}],"wp:attachment":[{"href":"https:\/\/elazigtso.org.tr\/tr\/index.php\/wp-json\/wp\/v2\/media?parent=5349"}],"wp:term":[{"taxonomy":"category","embeddable":true,"href":"https:\/\/elazigtso.org.tr\/tr\/index.php\/wp-json\/wp\/v2\/categories?post=5349"},{"taxonomy":"post_tag","embeddable":true,"href":"https:\/\/elazigtso.org.tr\/tr\/index.php\/wp-json\/wp\/v2\/tags?post=5349"}],"curies":[{"name":"wp","href":"https:\/\/api.w.org\/{rel}","templated":true}]}}