{"id":5338,"date":"2023-07-27T10:42:26","date_gmt":"2023-07-27T07:42:26","guid":{"rendered":"http:\/\/elazigtso.com\/tr\/index.php\/2023\/07\/27\/turkiyenin-girisimci-kadin-gucu-yarismasi\/"},"modified":"2023-07-27T10:42:26","modified_gmt":"2023-07-27T07:42:26","slug":"turkiyenin-girisimci-kadin-gucu-yarismasi","status":"publish","type":"post","link":"https:\/\/elazigtso.org.tr\/tr\/index.php\/2023\/07\/27\/turkiyenin-girisimci-kadin-gucu-yarismasi\/","title":{"rendered":"T\u00fcrkiye\u2019nin Giri\u015fimci Kad\u0131n G\u00fcc\u00fc Yar\u0131\u015fmas\u0131"},"content":{"rendered":"<\/p>\n<div class=\"content-detail\">\n<p>Say\u0131n \u00dcyemiz,<\/p>\n<p>TOBB taraf\u0131ndan Odam\u0131za g\u00f6nderilen yaz\u0131ya atfen,\u00a0\u00dclkemizin en yayg\u0131n ve b\u00fcy\u00fck kad\u0131n giri\u015fimcilik a\u011f\u0131 olan T\u00fcrkiye Odalar ve Borsalar Birli\u011fi (TOBB) Kad\u0131n Giri\u015fimciler Kurulu himayelerinde, T\u00fcrkiye Ekonomi Politikalar\u0131 Ara\u015ft\u0131rma Vakf\u0131 (TEPAV) i\u015fbirli\u011finde <b>&#8220;T\u00fcrkiye&#8217;nin Giri\u015fimci Kad\u0131n G\u00fcc\u00fc Yar\u0131\u015fmas\u0131&#8221;<\/b> ba\u015flat\u0131lm\u0131\u015ft\u0131r.\u00a0<\/p>\n<p>Her y\u0131l tekrarlanmas\u0131 planlanan <b>&#8220;T\u00fcrkiye&#8217;nin Giri\u015fimci Kad\u0131n G\u00fcc\u00fc Yar\u0131\u015fmas\u0131&#8221;<\/b> ile nihai olarak, listeye<br \/>\ngiren giri\u015fimcilerin kendi b\u00f6lgelerinde kanaat \u00f6nderli\u011fi rol\u00fcn\u00fc \u00fcstlenmesi, sahibi olduklar\u0131 \u015firketlerin ba\u015far\u0131<br \/>\nhikayeleri ile potansiyel kad\u0131n giri\u015fimci adaylar\u0131na ilham kayna\u011f\u0131 olmas\u0131 hedeflenmektedir.<\/p>\n<p>T\u00fcrkiye&#8217;nin Giri\u015fimci Kad\u0131n G\u00fcc\u00fc Yar\u0131\u015fmas\u0131, &#8220;Kad\u0131n \u0130stihdam\u0131n\u0131 En \u00c7ok Art\u0131ran \u015eirket&#8221; ve &#8220;Giri\u015fimci Kad\u0131n<br \/>\nG\u00fcc\u00fc&#8221; olmak \u00fczere iki ayr\u0131 kategoriden olu\u015fmaktad\u0131r. Giri\u015fimci Kad\u0131n G\u00fcc\u00fc kategorisine sadece giri\u015fimci<br \/>\nkad\u0131nlar ba\u015fvurabilecek olup &#8220;En H\u0131zl\u0131 B\u00fcy\u00fcyen Kad\u0131n Giri\u015fimci&#8221;, &#8220;En \u00c7evre Dostu Kad\u0131n Giri\u015fimci&#8221;, &#8220;En<br \/>\n\u00c7ok Dijitalle\u015fen Kad\u0131n Giri\u015fimci&#8221;, &#8220;\u0130hracat\u0131n\u0131 En \u00c7ok Art\u0131ran Kad\u0131n Giri\u015fimci&#8221; kriterlerinde \u00f6d\u00fcllerini<br \/>\nalacaklard\u0131r. &#8220;Kad\u0131n \u0130stihdam\u0131n\u0131 En \u00c7ok Art\u0131ran \u015eirket&#8221; kategorisine ise t\u00fcm \u015firketler m\u00fcracaat edebilecektir.<\/p>\n<p>https:\/\/girisimcikadingucu.tobb.org.tr\/ linkinden 30 Eyl\u00fcl 2022 tarihine kadar ba\u015fvurular yap\u0131labilecektir.<\/p>\n<p>Bu kapsamda, 19 Kas\u0131m 2022 D\u00fcnya Kad\u0131n Giri\u015fimciler G\u00fcn\u00fc&#8217;nde Birlik Ba\u015fkan\u0131m\u0131z M. Rifat Hisarc\u0131kl\u0131o\u011flu<br \/>\nve TOBB KGK Ba\u015fkan\u0131 Nurten \u00d6zt\u00fcrk&#8217;\u00fcn kat\u0131l\u0131mlar\u0131 ile listeye girmeye hak kazanan \u015firketler \u00f6d\u00fcllerini<br \/>\nalacakt\u0131r.<\/p>\n<p>Sayg\u0131lar\u0131m\u0131zla,<\/p>\n<p>Elaz\u0131\u011f Ticaret ve Sanayi Odas\u0131<\/p>\n<p>\u00a0<\/p>\n<p>Bu duyuru 1098 defa okundu. <\/p>\n<p>Ekleme Tarihi :2022-09-15 02:52:00 <\/p>\n<\/p><\/div>\n","protected":false},"excerpt":{"rendered":"<p>Say\u0131n \u00dcyemiz, TOBB taraf\u0131ndan Odam\u0131za g\u00f6nderilen yaz\u0131ya atfen,\u00a0\u00dclkemizin en yayg\u0131n ve b\u00fcy\u00fck kad\u0131n giri\u015fimcilik a\u011f\u0131 olan T\u00fcrkiye Odalar ve Borsalar Birli\u011fi (TOBB) Kad\u0131n Giri\u015fimciler Kurulu himayelerinde, T\u00fcrkiye Ekonomi Politikalar\u0131 Ara\u015ft\u0131rma Vakf\u0131 (TEPAV) i\u015fbirli\u011finde &#8220;T\u00fcrkiye&#8217;nin Giri\u015fimci Kad\u0131n G\u00fcc\u00fc Yar\u0131\u015fmas\u0131&#8221; ba\u015flat\u0131lm\u0131\u015ft\u0131r.\u00a0 Her y\u0131l tekrarlanmas\u0131 planlanan &#8220;T\u00fcrkiye&#8217;nin Giri\u015fimci Kad\u0131n G\u00fcc\u00fc Yar\u0131\u015fmas\u0131&#8221; ile nihai olarak, listeye giren giri\u015fimcilerin kendi [&hellip;]<\/p>\n","protected":false},"author":1,"featured_media":5650,"comment_status":"open","ping_status":"open","sticky":false,"template":"","format":"standard","meta":{"_jetpack_memberships_contains_paid_content":false,"footnotes":""},"categories":[3],"tags":[],"class_list":["post-5338","post","type-post","status-publish","format-standard","has-post-thumbnail","hentry","category-duyuru"],"jetpack_sharing_enabled":true,"jetpack_featured_media_url":"https:\/\/elazigtso.org.tr\/tr\/wp-content\/uploads\/2023\/07\/logo_news-80.jpg","_links":{"self":[{"href":"https:\/\/elazigtso.org.tr\/tr\/index.php\/wp-json\/wp\/v2\/posts\/5338","targetHints":{"allow":["GET"]}}],"collection":[{"href":"https:\/\/elazigtso.org.tr\/tr\/index.php\/wp-json\/wp\/v2\/posts"}],"about":[{"href":"https:\/\/elazigtso.org.tr\/tr\/index.php\/wp-json\/wp\/v2\/types\/post"}],"author":[{"embeddable":true,"href":"https:\/\/elazigtso.org.tr\/tr\/index.php\/wp-json\/wp\/v2\/users\/1"}],"replies":[{"embeddable":true,"href":"https:\/\/elazigtso.org.tr\/tr\/index.php\/wp-json\/wp\/v2\/comments?post=5338"}],"version-history":[{"count":0,"href":"https:\/\/elazigtso.org.tr\/tr\/index.php\/wp-json\/wp\/v2\/posts\/5338\/revisions"}],"wp:featuredmedia":[{"embeddable":true,"href":"https:\/\/elazigtso.org.tr\/tr\/index.php\/wp-json\/wp\/v2\/media\/5650"}],"wp:attachment":[{"href":"https:\/\/elazigtso.org.tr\/tr\/index.php\/wp-json\/wp\/v2\/media?parent=5338"}],"wp:term":[{"taxonomy":"category","embeddable":true,"href":"https:\/\/elazigtso.org.tr\/tr\/index.php\/wp-json\/wp\/v2\/categories?post=5338"},{"taxonomy":"post_tag","embeddable":true,"href":"https:\/\/elazigtso.org.tr\/tr\/index.php\/wp-json\/wp\/v2\/tags?post=5338"}],"curies":[{"name":"wp","href":"https:\/\/api.w.org\/{rel}","templated":true}]}}