{"id":5331,"date":"2023-07-27T10:41:27","date_gmt":"2023-07-27T07:41:27","guid":{"rendered":"http:\/\/elazigtso.com\/tr\/index.php\/2023\/07\/27\/bitkisel-yaglarin-supalan-elleclenmesi\/"},"modified":"2023-07-27T10:41:27","modified_gmt":"2023-07-27T07:41:27","slug":"bitkisel-yaglarin-supalan-elleclenmesi","status":"publish","type":"post","link":"https:\/\/elazigtso.org.tr\/tr\/index.php\/2023\/07\/27\/bitkisel-yaglarin-supalan-elleclenmesi\/","title":{"rendered":"Bitkisel Ya\u011flar\u0131n Supalan Elle\u00e7lenmesi"},"content":{"rendered":"<\/p>\n<div class=\"content-detail\">\n<p>Say\u0131n \u00dcyemiz,<\/p>\n<p>TOBB taraf\u0131ndan Odam\u0131za g\u00f6nderilen yaz\u0131da,\u00a0Ula\u015ft\u0131rma ve Altyap\u0131 Bakanl\u0131\u011f\u0131, Denizcilik Genel M\u00fcd\u00fcrl\u00fc\u011f\u00fcnden al\u0131nan 23.08.2022 tarih ve 579517 say\u0131l\u0131 ekli yaz\u0131da, bitkisel ya\u011flar\u0131n supalan elle\u00e7lenmesine ili\u015fkin ta\u015f\u0131ma i\u015flemlerine dair bilgilendirme yap\u0131lmaktad\u0131r.<\/p>\n<p><a href=\"http:\/\/www.elazigtso.org.tr\/public\/docs_oda\/duyuru\/31.10.22\/Bitkisel%20Yalarn%20Supalan%20Ellelenmesi.pdf\" target=\"_blank\" rel=\"noopener\">Ek:\u00a0Bitkisel Ya\u011flar\u0131n Supalan Elle\u00e7lenmesi<\/a><\/p>\n<p>Sayg\u0131lar\u0131m\u0131zla,<\/p>\n<p>Elaz\u0131\u011f Ticaret ve Sanayi Odas\u0131<\/p>\n<p>\u00a0<\/p>\n<p>Bu duyuru 177 defa okundu. <\/p>\n<p>Ekleme Tarihi :2022-09-14 03:58:00 <\/p>\n<\/p><\/div>\n","protected":false},"excerpt":{"rendered":"<p>Say\u0131n \u00dcyemiz, TOBB taraf\u0131ndan Odam\u0131za g\u00f6nderilen yaz\u0131da,\u00a0Ula\u015ft\u0131rma ve Altyap\u0131 Bakanl\u0131\u011f\u0131, Denizcilik Genel M\u00fcd\u00fcrl\u00fc\u011f\u00fcnden al\u0131nan 23.08.2022 tarih ve 579517 say\u0131l\u0131 ekli yaz\u0131da, bitkisel ya\u011flar\u0131n supalan elle\u00e7lenmesine ili\u015fkin ta\u015f\u0131ma i\u015flemlerine dair bilgilendirme yap\u0131lmaktad\u0131r. Ek:\u00a0Bitkisel Ya\u011flar\u0131n Supalan Elle\u00e7lenmesi Sayg\u0131lar\u0131m\u0131zla, Elaz\u0131\u011f Ticaret ve Sanayi Odas\u0131 \u00a0 Bu duyuru 177 defa okundu. Ekleme Tarihi :2022-09-14 03:58:00<\/p>\n","protected":false},"author":1,"featured_media":5650,"comment_status":"open","ping_status":"open","sticky":false,"template":"","format":"standard","meta":{"_jetpack_memberships_contains_paid_content":false,"footnotes":""},"categories":[3],"tags":[],"class_list":["post-5331","post","type-post","status-publish","format-standard","has-post-thumbnail","hentry","category-duyuru"],"jetpack_sharing_enabled":true,"jetpack_featured_media_url":"https:\/\/elazigtso.org.tr\/tr\/wp-content\/uploads\/2023\/07\/logo_news-80.jpg","_links":{"self":[{"href":"https:\/\/elazigtso.org.tr\/tr\/index.php\/wp-json\/wp\/v2\/posts\/5331","targetHints":{"allow":["GET"]}}],"collection":[{"href":"https:\/\/elazigtso.org.tr\/tr\/index.php\/wp-json\/wp\/v2\/posts"}],"about":[{"href":"https:\/\/elazigtso.org.tr\/tr\/index.php\/wp-json\/wp\/v2\/types\/post"}],"author":[{"embeddable":true,"href":"https:\/\/elazigtso.org.tr\/tr\/index.php\/wp-json\/wp\/v2\/users\/1"}],"replies":[{"embeddable":true,"href":"https:\/\/elazigtso.org.tr\/tr\/index.php\/wp-json\/wp\/v2\/comments?post=5331"}],"version-history":[{"count":0,"href":"https:\/\/elazigtso.org.tr\/tr\/index.php\/wp-json\/wp\/v2\/posts\/5331\/revisions"}],"wp:featuredmedia":[{"embeddable":true,"href":"https:\/\/elazigtso.org.tr\/tr\/index.php\/wp-json\/wp\/v2\/media\/5650"}],"wp:attachment":[{"href":"https:\/\/elazigtso.org.tr\/tr\/index.php\/wp-json\/wp\/v2\/media?parent=5331"}],"wp:term":[{"taxonomy":"category","embeddable":true,"href":"https:\/\/elazigtso.org.tr\/tr\/index.php\/wp-json\/wp\/v2\/categories?post=5331"},{"taxonomy":"post_tag","embeddable":true,"href":"https:\/\/elazigtso.org.tr\/tr\/index.php\/wp-json\/wp\/v2\/tags?post=5331"}],"curies":[{"name":"wp","href":"https:\/\/api.w.org\/{rel}","templated":true}]}}