{"id":5325,"date":"2023-07-27T10:35:30","date_gmt":"2023-07-27T07:35:30","guid":{"rendered":"http:\/\/elazigtso.com\/tr\/index.php\/2023\/07\/27\/oda-organ-secimlerine-dair-vergi-mukellefiyeti-kontrolu\/"},"modified":"2023-07-27T10:35:30","modified_gmt":"2023-07-27T07:35:30","slug":"oda-organ-secimlerine-dair-vergi-mukellefiyeti-kontrolu","status":"publish","type":"post","link":"https:\/\/elazigtso.org.tr\/tr\/index.php\/2023\/07\/27\/oda-organ-secimlerine-dair-vergi-mukellefiyeti-kontrolu\/","title":{"rendered":"Oda Organ Se\u00e7imlerine Dair Vergi M\u00fckellefiyeti Kontrol\u00fc"},"content":{"rendered":"<\/p>\n<div class=\"content-detail\">\n<p class=\"MsoNormal\" style=\"line-height: 15pt\"><span lang=\"TR\">5174 Say\u0131l\u0131 kanun uyar\u0131nca \u00e7\u0131kar\u0131lan;<br \/>\nT\u00fcrkiye Odalar ve Borsalar Birli\u011fi ile Odalar ve Borsalar Organ Se\u00e7imleri<br \/>\nHakk\u0131nda Y\u00f6netmeli\u011fin 10\u2019uncu maddesi uyar\u0131nca T\u00fcrkiye Odalar ve Borsalar<br \/>\nBirli\u011fi\u2019ne ba\u011fl\u0131 Oda ve Borsalar\u0131n Organ Se\u00e7imleri 2022 Y\u0131l\u0131 i\u00e7erisinde Ekim ve<br \/>\nKas\u0131m\u00a0 aylar\u0131nda ger\u00e7ekle\u015ftirilecektir.<\/span><\/p>\n<\/p>\n<p class=\"MsoNormal\" style=\"line-height: 15pt\"><span lang=\"TR\">T\u00fcrkiye Odalar ve Borsalar Birli\u011fi ile<br \/>\nOdalar ve Borsalar Organ Se\u00e7imleri Hakk\u0131nda Y\u00f6netmeli\u011fin 8.Maddesi, Vergi<br \/>\nM\u00fckellefiyetinin Takibi h\u00fckm\u00fc gere\u011fince; Odam\u0131z \u00dcyelerinin Vergi<br \/>\nM\u00fckellefiyetine ait bilgilerini, Oda Sicil M\u00fcd\u00fcrl\u00fc\u011f\u00fcm\u00fcze ba\u015fvurarak 09 Eyl\u00fcl<br \/>\n2022 tarihine kadar hafta i\u00e7i 08.00-17.00 saatleri aras\u0131nda kontrol<br \/>\nedebileceklerdir. <\/span><\/p>\n<\/p>\n<p class=\"MsoNormal\" style=\"line-height: 15pt\"><span lang=\"TR\">Kay\u0131tlar\u0131n\u0131n eksik veya hatal\u0131 oldu\u011funu<br \/>\ntespit eden \u00fcyelerimiz bu tarihler aras\u0131nda Odam\u0131z Sicil M\u00fcd\u00fcrl\u00fc\u011f\u00fc\u2019ne Ka\u015feli Dilek\u00e7e<br \/>\nve Vergi Levhas\u0131 ile ba\u015fvurarak kay\u0131tlar\u0131n\u0131n d\u00fczeltilmesini talep edebileceklerdir.<br \/>\nBu s\u00fcre zarf\u0131nda ba\u015fvuru olmad\u0131\u011f\u0131 takdirde mevzuat gere\u011fi, Odam\u0131z kay\u0131tlar\u0131n\u0131n<br \/>\ndo\u011frulu\u011fu \u00dcyelerimiz taraf\u0131ndan kabul edilmi\u015f say\u0131lacakt\u0131r.<\/span><\/p>\n<\/p>\n<p class=\"MsoNormal\" style=\"line-height: 15pt\"><span lang=\"TR\">\u00dcyelerimize ilanen duyurulur.<\/span><\/p>\n<\/p>\n<p class=\"MsoNormal\" style=\"line-height: 15pt\"><span lang=\"TR\">\u00a0<\/span><\/p>\n<\/p>\n<p class=\"MsoNormal\"><span lang=\"TR\" style=\"line-height: 107%\">ELAZI\u011e T\u0130CARET VE SANAY\u0130 ODASI<\/span><span lang=\"TR\" style='font-size:10.0pt;line-height:107%;font-family:\"Arial\",\"sans-serif\"'><\/span><\/p>\n<\/p>\n<\/p>\n<p>\u00a0<\/p>\n<p>Bu duyuru 918 defa okundu. <\/p>\n<p>Ekleme Tarihi :2022-09-02 08:18:00 <\/p>\n<\/p><\/div>\n","protected":false},"excerpt":{"rendered":"<p>5174 Say\u0131l\u0131 kanun uyar\u0131nca \u00e7\u0131kar\u0131lan; T\u00fcrkiye Odalar ve Borsalar Birli\u011fi ile Odalar ve Borsalar Organ Se\u00e7imleri Hakk\u0131nda Y\u00f6netmeli\u011fin 10\u2019uncu maddesi uyar\u0131nca T\u00fcrkiye Odalar ve Borsalar Birli\u011fi\u2019ne ba\u011fl\u0131 Oda ve Borsalar\u0131n Organ Se\u00e7imleri 2022 Y\u0131l\u0131 i\u00e7erisinde Ekim ve Kas\u0131m\u00a0 aylar\u0131nda ger\u00e7ekle\u015ftirilecektir. T\u00fcrkiye Odalar ve Borsalar Birli\u011fi ile Odalar ve Borsalar Organ Se\u00e7imleri Hakk\u0131nda Y\u00f6netmeli\u011fin 8.Maddesi, Vergi [&hellip;]<\/p>\n","protected":false},"author":1,"featured_media":5650,"comment_status":"open","ping_status":"open","sticky":false,"template":"","format":"standard","meta":{"_jetpack_memberships_contains_paid_content":false,"footnotes":""},"categories":[3],"tags":[],"class_list":["post-5325","post","type-post","status-publish","format-standard","has-post-thumbnail","hentry","category-duyuru"],"jetpack_sharing_enabled":true,"jetpack_featured_media_url":"https:\/\/elazigtso.org.tr\/tr\/wp-content\/uploads\/2023\/07\/logo_news-80.jpg","_links":{"self":[{"href":"https:\/\/elazigtso.org.tr\/tr\/index.php\/wp-json\/wp\/v2\/posts\/5325","targetHints":{"allow":["GET"]}}],"collection":[{"href":"https:\/\/elazigtso.org.tr\/tr\/index.php\/wp-json\/wp\/v2\/posts"}],"about":[{"href":"https:\/\/elazigtso.org.tr\/tr\/index.php\/wp-json\/wp\/v2\/types\/post"}],"author":[{"embeddable":true,"href":"https:\/\/elazigtso.org.tr\/tr\/index.php\/wp-json\/wp\/v2\/users\/1"}],"replies":[{"embeddable":true,"href":"https:\/\/elazigtso.org.tr\/tr\/index.php\/wp-json\/wp\/v2\/comments?post=5325"}],"version-history":[{"count":0,"href":"https:\/\/elazigtso.org.tr\/tr\/index.php\/wp-json\/wp\/v2\/posts\/5325\/revisions"}],"wp:featuredmedia":[{"embeddable":true,"href":"https:\/\/elazigtso.org.tr\/tr\/index.php\/wp-json\/wp\/v2\/media\/5650"}],"wp:attachment":[{"href":"https:\/\/elazigtso.org.tr\/tr\/index.php\/wp-json\/wp\/v2\/media?parent=5325"}],"wp:term":[{"taxonomy":"category","embeddable":true,"href":"https:\/\/elazigtso.org.tr\/tr\/index.php\/wp-json\/wp\/v2\/categories?post=5325"},{"taxonomy":"post_tag","embeddable":true,"href":"https:\/\/elazigtso.org.tr\/tr\/index.php\/wp-json\/wp\/v2\/tags?post=5325"}],"curies":[{"name":"wp","href":"https:\/\/api.w.org\/{rel}","templated":true}]}}