{"id":5098,"date":"2023-07-26T15:13:53","date_gmt":"2023-07-26T12:13:53","guid":{"rendered":"http:\/\/elazigtso.com\/tr\/index.php\/2023\/07\/26\/11-saraybosna-is-forumu\/"},"modified":"2023-07-26T15:13:53","modified_gmt":"2023-07-26T12:13:53","slug":"11-saraybosna-is-forumu","status":"publish","type":"post","link":"https:\/\/elazigtso.org.tr\/tr\/index.php\/2023\/07\/26\/11-saraybosna-is-forumu\/","title":{"rendered":"11. Saraybosna \u0130\u015f Forumu"},"content":{"rendered":"<\/p>\n<div class=\"content-detail\">\n<p>Say\u0131n \u00dcyemiz,<\/p>\n<p>TOBB taraf\u0131ndan Odam\u0131za g\u00f6nderilen yaz\u0131da,\u00a0Ticaret Bakanl\u0131\u011f\u0131&#8217;n\u0131n 04.04.2022 tarihli ve 73460639 say\u0131l\u0131 yaz\u0131s\u0131na atfen,\u00a011. Saraybosna \u0130\u015f Forumu&#8217;nun Bosna Bank International organizasyonunda ve Bosna Hersek Devlet Ba\u015fkanl\u0131\u011f\u0131 Konseyinin himayesinde 11-12 May\u0131s 2022 tarihlerinde Bosna Hersek&#8217;in ba\u015fkenti Saraybosna&#8217;da d\u00fczenlenece\u011fi bildirilmektedir.<\/p>\n<p>Yaz\u0131da devamla, b\u00f6lgeden ve d\u00fcnyadan 50&#8217;den fazla \u00fclkenin kat\u0131l\u0131mc\u0131lar\u0131n\u0131 bir araya getirerek, G\u00fcneydo\u011fu<br \/>\nAvrupa&#8217;da yer alan \u00fclkeler aras\u0131ndaki ekonomik ba\u011flar\u0131n ve kar\u015f\u0131l\u0131kl\u0131 ili\u015fkilerin g\u00fc\u00e7lendirilmesi; enerji, e\u011fitim,<br \/>\nbilgi teknolojileri, tar\u0131m, g\u0131da, in\u015faat ve turizm gibi sekt\u00f6rlerden fikirlerin ve projelerin tart\u0131\u015f\u0131lmas\u0131 vas\u0131tas\u0131yla<br \/>\nBosna Hersek&#8217;in ve b\u00f6lge imkanlar\u0131n\u0131n yabanc\u0131 yat\u0131r\u0131mc\u0131lara tan\u0131t\u0131lmas\u0131 ve \u00fclkenin ekonomik kalk\u0131nmas\u0131na<br \/>\nkatk\u0131da bulunulmas\u0131 ama\u00e7lanan s\u00f6z konusu etkinli\u011fe \u00e7ok say\u0131da uluslararas\u0131 yat\u0131r\u0131mc\u0131, giri\u015fimci, siyaset\u00e7i ve<br \/>\ni\u015f insan\u0131n\u0131n kat\u0131l\u0131m\u0131 beklendi\u011fi belirtilmektedir.<\/p>\n<p>\u0130lgili etkinli\u011fin bro\u015f\u00fcr\u00fc ekte iletilmekte olup, ayr\u0131nt\u0131l\u0131 program\u0131n\u0131n https:\/\/sarajevobusinessforum.com\/<br \/>\nadresinden takip edilmesi m\u00fcmk\u00fcnd\u00fcr. An\u0131lan foruma kat\u0131lmak isteyen firmalar\u0131n s\u00f6z konusu adres \u00fczerinden<br \/>\nkay\u0131t yapt\u0131rmas\u0131 gerekmektedir.<\/p>\n<p><a href=\"http:\/\/www.elazigtso.org.tr\/public\/docs_oda\/duyuru\/18.04\/Saraybosna_is_forumu.pdf\" target=\"_blank\" rel=\"noopener\">Ek:\u00a011. Saraybosna \u0130\u015f Forumu<\/a><\/p>\n<p>\u00a0<\/p>\n<p>Bu duyuru 486 defa okundu. <\/p>\n<p>Ekleme Tarihi :2022-04-18 04:31:00 <\/p>\n<\/p><\/div>\n","protected":false},"excerpt":{"rendered":"<p>Say\u0131n \u00dcyemiz, TOBB taraf\u0131ndan Odam\u0131za g\u00f6nderilen yaz\u0131da,\u00a0Ticaret Bakanl\u0131\u011f\u0131&#8217;n\u0131n 04.04.2022 tarihli ve 73460639 say\u0131l\u0131 yaz\u0131s\u0131na atfen,\u00a011. Saraybosna \u0130\u015f Forumu&#8217;nun Bosna Bank International organizasyonunda ve Bosna Hersek Devlet Ba\u015fkanl\u0131\u011f\u0131 Konseyinin himayesinde 11-12 May\u0131s 2022 tarihlerinde Bosna Hersek&#8217;in ba\u015fkenti Saraybosna&#8217;da d\u00fczenlenece\u011fi bildirilmektedir. Yaz\u0131da devamla, b\u00f6lgeden ve d\u00fcnyadan 50&#8217;den fazla \u00fclkenin kat\u0131l\u0131mc\u0131lar\u0131n\u0131 bir araya getirerek, G\u00fcneydo\u011fu Avrupa&#8217;da yer alan [&hellip;]<\/p>\n","protected":false},"author":1,"featured_media":5650,"comment_status":"open","ping_status":"open","sticky":false,"template":"","format":"standard","meta":{"_jetpack_memberships_contains_paid_content":false,"footnotes":""},"categories":[3],"tags":[],"class_list":["post-5098","post","type-post","status-publish","format-standard","has-post-thumbnail","hentry","category-duyuru"],"jetpack_sharing_enabled":true,"jetpack_featured_media_url":"https:\/\/elazigtso.org.tr\/tr\/wp-content\/uploads\/2023\/07\/logo_news-80.jpg","_links":{"self":[{"href":"https:\/\/elazigtso.org.tr\/tr\/index.php\/wp-json\/wp\/v2\/posts\/5098","targetHints":{"allow":["GET"]}}],"collection":[{"href":"https:\/\/elazigtso.org.tr\/tr\/index.php\/wp-json\/wp\/v2\/posts"}],"about":[{"href":"https:\/\/elazigtso.org.tr\/tr\/index.php\/wp-json\/wp\/v2\/types\/post"}],"author":[{"embeddable":true,"href":"https:\/\/elazigtso.org.tr\/tr\/index.php\/wp-json\/wp\/v2\/users\/1"}],"replies":[{"embeddable":true,"href":"https:\/\/elazigtso.org.tr\/tr\/index.php\/wp-json\/wp\/v2\/comments?post=5098"}],"version-history":[{"count":0,"href":"https:\/\/elazigtso.org.tr\/tr\/index.php\/wp-json\/wp\/v2\/posts\/5098\/revisions"}],"wp:featuredmedia":[{"embeddable":true,"href":"https:\/\/elazigtso.org.tr\/tr\/index.php\/wp-json\/wp\/v2\/media\/5650"}],"wp:attachment":[{"href":"https:\/\/elazigtso.org.tr\/tr\/index.php\/wp-json\/wp\/v2\/media?parent=5098"}],"wp:term":[{"taxonomy":"category","embeddable":true,"href":"https:\/\/elazigtso.org.tr\/tr\/index.php\/wp-json\/wp\/v2\/categories?post=5098"},{"taxonomy":"post_tag","embeddable":true,"href":"https:\/\/elazigtso.org.tr\/tr\/index.php\/wp-json\/wp\/v2\/tags?post=5098"}],"curies":[{"name":"wp","href":"https:\/\/api.w.org\/{rel}","templated":true}]}}