{"id":5088,"date":"2023-07-26T15:07:41","date_gmt":"2023-07-26T12:07:41","guid":{"rendered":"http:\/\/elazigtso.com\/tr\/index.php\/2023\/07\/26\/moyden-belgesi\/"},"modified":"2023-07-26T15:07:41","modified_gmt":"2023-07-26T12:07:41","slug":"moyden-belgesi","status":"publish","type":"post","link":"https:\/\/elazigtso.org.tr\/tr\/index.php\/2023\/07\/26\/moyden-belgesi\/","title":{"rendered":"MOYDEN Belgesi"},"content":{"rendered":"<\/p>\n<div class=\"content-detail\">\n<p>Say\u0131n \u00dcyemiz,<\/p>\n<p>\u00c7evre, \u015eehircilik ve \u0130klim De\u011fi\u015fikli\u011fi \u0130l M\u00fcd\u00fcrl\u00fc\u011f\u00fc taraf\u0131ndan Odam\u0131za g\u00f6nderilen yaz\u0131da, 21\/12\/2019 tarihli ve 30985 say\u0131l\u0131 Resmi Gazete&#8217;de yay\u0131mlanan At\u0131k Ya\u011flar\u0131n Y\u00f6netimi Y\u00f6netmeli\u011fi&#8217;nin at\u0131k ya\u011f \u00fcreticisinin y\u00fck\u00fcml\u00fcl\u00fckleri ba\u015fl\u0131kl\u0131 8. maddesinin 2. f\u0131kras\u0131nda yer alan &#8220;Motor ya\u011f\u0131 de\u011fi\u015fimi yap\u0131lan i\u015fletmeler, At\u0131k Y\u00f6netimi Y\u00f6netmeli\u011fi&#8217;nin 13. maddesindeki h\u00fck\u00fcmler do\u011frultusunda ge\u00e7ici depolama alan\u0131 kurmakla, il m\u00fcd\u00fcrl\u00fc\u011f\u00fcne ba\u015fvurarak Ek-3&#8217;te yer alan belgeyi almakla, Bakanl\u0131\u011f\u0131n\u00a0 \u00e7evrimi\u00e7i programlar\u0131na kay\u0131t olmakla, motor ya\u011f\u0131 de\u011fi\u015fimine ili\u015fkin bilgileri \u00e7evrimi\u00e7i program kullanarak bildirmekle ve onaylamakla y\u00fck\u00fcml\u00fcd\u00fcr.&#8221; h\u00fckm\u00fc gere\u011fince motor ya\u011f\u0131 de\u011fi\u015fimi yap\u0131lan akaryak\u0131t istasyonlar\u0131, tamirhaneler, servisler, kamu kurum\/kurulu\u015flar\u0131, belediyeler, madencilik faaliyeti g\u00f6steren i\u015fletmeler ve di\u011fer motor ya\u011f\u0131 de\u011fi\u015fimi yap\u0131lan i\u015fletmelerin kay\u0131t alt\u0131na al\u0131nmas\u0131, gerek at\u0131k ya\u011f toplama miktar\u0131n\u0131n artt\u0131r\u0131lmas\u0131 gerekse at\u0131k ya\u011flar\u0131n gayri resmi yollarla akaryak\u0131ta kar\u0131\u015ft\u0131r\u0131lmas\u0131 veya enerji ama\u00e7l\u0131 kullan\u0131lmas\u0131n\u0131n \u00f6n\u00fcne ge\u00e7ilmesi \u00f6nem arz etmektedir.<\/p>\n<p>Bu \u00e7er\u00e7evede motor ya\u011f\u0131 de\u011fi\u015fimi yap\u0131lan ancak yetki belgesi bulunmayan tesislere M\u00fcd\u00fcrl\u00fc\u011f\u00fcm\u00fcze ba\u015fvurarak yetki belgesi almas\u0131 gerekmektedir.<\/p>\n<p>\u00a0<\/p>\n<p>Bu duyuru 500 defa okundu. <\/p>\n<p>Ekleme Tarihi :2022-04-15 11:25:00 <\/p>\n<\/p><\/div>\n","protected":false},"excerpt":{"rendered":"<p>Say\u0131n \u00dcyemiz, \u00c7evre, \u015eehircilik ve \u0130klim De\u011fi\u015fikli\u011fi \u0130l M\u00fcd\u00fcrl\u00fc\u011f\u00fc taraf\u0131ndan Odam\u0131za g\u00f6nderilen yaz\u0131da, 21\/12\/2019 tarihli ve 30985 say\u0131l\u0131 Resmi Gazete&#8217;de yay\u0131mlanan At\u0131k Ya\u011flar\u0131n Y\u00f6netimi Y\u00f6netmeli\u011fi&#8217;nin at\u0131k ya\u011f \u00fcreticisinin y\u00fck\u00fcml\u00fcl\u00fckleri ba\u015fl\u0131kl\u0131 8. maddesinin 2. f\u0131kras\u0131nda yer alan &#8220;Motor ya\u011f\u0131 de\u011fi\u015fimi yap\u0131lan i\u015fletmeler, At\u0131k Y\u00f6netimi Y\u00f6netmeli\u011fi&#8217;nin 13. maddesindeki h\u00fck\u00fcmler do\u011frultusunda ge\u00e7ici depolama alan\u0131 kurmakla, il m\u00fcd\u00fcrl\u00fc\u011f\u00fcne ba\u015fvurarak [&hellip;]<\/p>\n","protected":false},"author":1,"featured_media":5650,"comment_status":"open","ping_status":"open","sticky":false,"template":"","format":"standard","meta":{"_jetpack_memberships_contains_paid_content":false,"footnotes":""},"categories":[3],"tags":[],"class_list":["post-5088","post","type-post","status-publish","format-standard","has-post-thumbnail","hentry","category-duyuru"],"jetpack_sharing_enabled":true,"jetpack_featured_media_url":"https:\/\/elazigtso.org.tr\/tr\/wp-content\/uploads\/2023\/07\/logo_news-80.jpg","_links":{"self":[{"href":"https:\/\/elazigtso.org.tr\/tr\/index.php\/wp-json\/wp\/v2\/posts\/5088","targetHints":{"allow":["GET"]}}],"collection":[{"href":"https:\/\/elazigtso.org.tr\/tr\/index.php\/wp-json\/wp\/v2\/posts"}],"about":[{"href":"https:\/\/elazigtso.org.tr\/tr\/index.php\/wp-json\/wp\/v2\/types\/post"}],"author":[{"embeddable":true,"href":"https:\/\/elazigtso.org.tr\/tr\/index.php\/wp-json\/wp\/v2\/users\/1"}],"replies":[{"embeddable":true,"href":"https:\/\/elazigtso.org.tr\/tr\/index.php\/wp-json\/wp\/v2\/comments?post=5088"}],"version-history":[{"count":0,"href":"https:\/\/elazigtso.org.tr\/tr\/index.php\/wp-json\/wp\/v2\/posts\/5088\/revisions"}],"wp:featuredmedia":[{"embeddable":true,"href":"https:\/\/elazigtso.org.tr\/tr\/index.php\/wp-json\/wp\/v2\/media\/5650"}],"wp:attachment":[{"href":"https:\/\/elazigtso.org.tr\/tr\/index.php\/wp-json\/wp\/v2\/media?parent=5088"}],"wp:term":[{"taxonomy":"category","embeddable":true,"href":"https:\/\/elazigtso.org.tr\/tr\/index.php\/wp-json\/wp\/v2\/categories?post=5088"},{"taxonomy":"post_tag","embeddable":true,"href":"https:\/\/elazigtso.org.tr\/tr\/index.php\/wp-json\/wp\/v2\/tags?post=5088"}],"curies":[{"name":"wp","href":"https:\/\/api.w.org\/{rel}","templated":true}]}}