{"id":5035,"date":"2023-07-26T14:02:32","date_gmt":"2023-07-26T11:02:32","guid":{"rendered":"http:\/\/elazigtso.com\/tr\/index.php\/2023\/07\/26\/pakistan-yatirim-zirvesi-2022\/"},"modified":"2023-07-26T14:02:32","modified_gmt":"2023-07-26T11:02:32","slug":"pakistan-yatirim-zirvesi-2022","status":"publish","type":"post","link":"https:\/\/elazigtso.org.tr\/tr\/index.php\/2023\/07\/26\/pakistan-yatirim-zirvesi-2022\/","title":{"rendered":"Pakistan Yat\u0131r\u0131m Zirvesi 2022"},"content":{"rendered":"<\/p>\n<div class=\"content-detail\">\n<p>Say\u0131n \u00dcyemiz,<\/p>\n<p>TOBB taraf\u0131ndan Odam\u0131za g\u00f6nderilen yaz\u0131da,\u00a0Ticaret Bakanl\u0131\u011f\u0131&#8217;n\u0131n 18.03.2022 tarih ve 72957734 say\u0131l\u0131 yaz\u0131s\u0131na atfen,\u00a0Birli\u011fimizin 15.03.2022 tarih ve 2763 say\u0131l\u0131 yaz\u0131s\u0131 ile 30-31 Mart 2022 tarihlerinde Pakistan&#8217;\u0131n \u0130slamabad \u015fehrinde d\u00fczenlenece\u011fi belirtilen\u00a0<span style=\"font-weight: 700\">&#8220;Yat\u0131r\u0131m Zirvesi&#8221;<\/span>, Ticaret Bakanl\u0131\u011f\u0131&#8217;n\u0131n 18.03.2022 tarih ve 72957734 say\u0131l\u0131 yaz\u0131s\u0131 ile ileri bir tarihe ertelendi\u011fi bildirilmektedir.<\/p>\n<p>\u00a0<\/p>\n<p>Bu duyuru 568 defa okundu. <\/p>\n<p>Ekleme Tarihi :2022-03-22 08:58:00 <\/p>\n<\/p><\/div>\n","protected":false},"excerpt":{"rendered":"<p>Say\u0131n \u00dcyemiz, TOBB taraf\u0131ndan Odam\u0131za g\u00f6nderilen yaz\u0131da,\u00a0Ticaret Bakanl\u0131\u011f\u0131&#8217;n\u0131n 18.03.2022 tarih ve 72957734 say\u0131l\u0131 yaz\u0131s\u0131na atfen,\u00a0Birli\u011fimizin 15.03.2022 tarih ve 2763 say\u0131l\u0131 yaz\u0131s\u0131 ile 30-31 Mart 2022 tarihlerinde Pakistan&#8217;\u0131n \u0130slamabad \u015fehrinde d\u00fczenlenece\u011fi belirtilen\u00a0&#8220;Yat\u0131r\u0131m Zirvesi&#8221;, Ticaret Bakanl\u0131\u011f\u0131&#8217;n\u0131n 18.03.2022 tarih ve 72957734 say\u0131l\u0131 yaz\u0131s\u0131 ile ileri bir tarihe ertelendi\u011fi bildirilmektedir. \u00a0 Bu duyuru 568 defa okundu. Ekleme Tarihi :2022-03-22 [&hellip;]<\/p>\n","protected":false},"author":1,"featured_media":5650,"comment_status":"open","ping_status":"open","sticky":false,"template":"","format":"standard","meta":{"_jetpack_memberships_contains_paid_content":false,"footnotes":""},"categories":[3],"tags":[],"class_list":["post-5035","post","type-post","status-publish","format-standard","has-post-thumbnail","hentry","category-duyuru"],"jetpack_sharing_enabled":true,"jetpack_featured_media_url":"https:\/\/elazigtso.org.tr\/tr\/wp-content\/uploads\/2023\/07\/logo_news-80.jpg","_links":{"self":[{"href":"https:\/\/elazigtso.org.tr\/tr\/index.php\/wp-json\/wp\/v2\/posts\/5035","targetHints":{"allow":["GET"]}}],"collection":[{"href":"https:\/\/elazigtso.org.tr\/tr\/index.php\/wp-json\/wp\/v2\/posts"}],"about":[{"href":"https:\/\/elazigtso.org.tr\/tr\/index.php\/wp-json\/wp\/v2\/types\/post"}],"author":[{"embeddable":true,"href":"https:\/\/elazigtso.org.tr\/tr\/index.php\/wp-json\/wp\/v2\/users\/1"}],"replies":[{"embeddable":true,"href":"https:\/\/elazigtso.org.tr\/tr\/index.php\/wp-json\/wp\/v2\/comments?post=5035"}],"version-history":[{"count":0,"href":"https:\/\/elazigtso.org.tr\/tr\/index.php\/wp-json\/wp\/v2\/posts\/5035\/revisions"}],"wp:featuredmedia":[{"embeddable":true,"href":"https:\/\/elazigtso.org.tr\/tr\/index.php\/wp-json\/wp\/v2\/media\/5650"}],"wp:attachment":[{"href":"https:\/\/elazigtso.org.tr\/tr\/index.php\/wp-json\/wp\/v2\/media?parent=5035"}],"wp:term":[{"taxonomy":"category","embeddable":true,"href":"https:\/\/elazigtso.org.tr\/tr\/index.php\/wp-json\/wp\/v2\/categories?post=5035"},{"taxonomy":"post_tag","embeddable":true,"href":"https:\/\/elazigtso.org.tr\/tr\/index.php\/wp-json\/wp\/v2\/tags?post=5035"}],"curies":[{"name":"wp","href":"https:\/\/api.w.org\/{rel}","templated":true}]}}