{"id":5032,"date":"2023-07-26T14:02:02","date_gmt":"2023-07-26T11:02:02","guid":{"rendered":"http:\/\/elazigtso.com\/tr\/index.php\/2023\/07\/26\/zimbabve-62-uluslararasi-ticaret-fuari\/"},"modified":"2023-07-26T14:02:02","modified_gmt":"2023-07-26T11:02:02","slug":"zimbabve-62-uluslararasi-ticaret-fuari","status":"publish","type":"post","link":"https:\/\/elazigtso.org.tr\/tr\/index.php\/2023\/07\/26\/zimbabve-62-uluslararasi-ticaret-fuari\/","title":{"rendered":"Zimbabve 62. Uluslararas\u0131 Ticaret Fuar\u0131"},"content":{"rendered":"<\/p>\n<div class=\"content-detail\">\n<p>Say\u0131n \u00dcyemiz,<\/p>\n<p>TOBB taraf\u0131ndan Odam\u0131za g\u00f6nderilen yaz\u0131da,\u00a0Ticaret Bakanl\u0131\u011f\u0131&#8217;n\u0131n 07.03.2022 tarihli ve 72502432 say\u0131l\u0131 yaz\u0131s\u0131na atfen,\u00a0Zimbabve&#8217;nin Ankara B\u00fcy\u00fckel\u00e7ili\u011fi&#8217;nin yaz\u0131s\u0131na atfen, 62&#8217;nci Zimbabve Uluslararas\u0131 Ticaret Fuar\u0131&#8217;n\u0131n 26-30 Nisan 2022 tarihlerinde Zimbabve&#8217;de d\u00fczenlenmesinin \u00f6ng\u00f6r\u00fcld\u00fc\u011f\u00fc bildirilmektedir.<\/p>\n<p>Bahse konu yaz\u0131 ekinde iletilen; T\u00fcrk Firmalar\u0131n\u0131 muhatap davet mektubu, ba\u015fvuru formu ve s\u00f6z konusu fuara<br \/>\nili\u015fkin bro\u015f\u00fcr ekte sunulmaktad\u0131r.<\/p>\n<p><a href=\"http:\/\/www.elazigtso.org.tr\/public\/docs_oda\/duyuru\/zimbabwefuar.pdf\" target=\"_blank\" rel=\"noopener\">Ek:\u00a0Zimbabve 62. Uluslararas\u0131 Ticaret Fuar\u0131<\/a><\/p>\n<p><\/p>\n<p>\u00a0<\/p>\n<p>Bu duyuru 715 defa okundu. <\/p>\n<p>Ekleme Tarihi :2022-03-21 04:40:00 <\/p>\n<\/p><\/div>\n","protected":false},"excerpt":{"rendered":"<p>Say\u0131n \u00dcyemiz, TOBB taraf\u0131ndan Odam\u0131za g\u00f6nderilen yaz\u0131da,\u00a0Ticaret Bakanl\u0131\u011f\u0131&#8217;n\u0131n 07.03.2022 tarihli ve 72502432 say\u0131l\u0131 yaz\u0131s\u0131na atfen,\u00a0Zimbabve&#8217;nin Ankara B\u00fcy\u00fckel\u00e7ili\u011fi&#8217;nin yaz\u0131s\u0131na atfen, 62&#8217;nci Zimbabve Uluslararas\u0131 Ticaret Fuar\u0131&#8217;n\u0131n 26-30 Nisan 2022 tarihlerinde Zimbabve&#8217;de d\u00fczenlenmesinin \u00f6ng\u00f6r\u00fcld\u00fc\u011f\u00fc bildirilmektedir. Bahse konu yaz\u0131 ekinde iletilen; T\u00fcrk Firmalar\u0131n\u0131 muhatap davet mektubu, ba\u015fvuru formu ve s\u00f6z konusu fuara ili\u015fkin bro\u015f\u00fcr ekte sunulmaktad\u0131r. Ek:\u00a0Zimbabve 62. Uluslararas\u0131 [&hellip;]<\/p>\n","protected":false},"author":1,"featured_media":5650,"comment_status":"open","ping_status":"open","sticky":false,"template":"","format":"standard","meta":{"_jetpack_memberships_contains_paid_content":false,"footnotes":""},"categories":[3],"tags":[],"class_list":["post-5032","post","type-post","status-publish","format-standard","has-post-thumbnail","hentry","category-duyuru"],"jetpack_sharing_enabled":true,"jetpack_featured_media_url":"https:\/\/elazigtso.org.tr\/tr\/wp-content\/uploads\/2023\/07\/logo_news-80.jpg","_links":{"self":[{"href":"https:\/\/elazigtso.org.tr\/tr\/index.php\/wp-json\/wp\/v2\/posts\/5032","targetHints":{"allow":["GET"]}}],"collection":[{"href":"https:\/\/elazigtso.org.tr\/tr\/index.php\/wp-json\/wp\/v2\/posts"}],"about":[{"href":"https:\/\/elazigtso.org.tr\/tr\/index.php\/wp-json\/wp\/v2\/types\/post"}],"author":[{"embeddable":true,"href":"https:\/\/elazigtso.org.tr\/tr\/index.php\/wp-json\/wp\/v2\/users\/1"}],"replies":[{"embeddable":true,"href":"https:\/\/elazigtso.org.tr\/tr\/index.php\/wp-json\/wp\/v2\/comments?post=5032"}],"version-history":[{"count":0,"href":"https:\/\/elazigtso.org.tr\/tr\/index.php\/wp-json\/wp\/v2\/posts\/5032\/revisions"}],"wp:featuredmedia":[{"embeddable":true,"href":"https:\/\/elazigtso.org.tr\/tr\/index.php\/wp-json\/wp\/v2\/media\/5650"}],"wp:attachment":[{"href":"https:\/\/elazigtso.org.tr\/tr\/index.php\/wp-json\/wp\/v2\/media?parent=5032"}],"wp:term":[{"taxonomy":"category","embeddable":true,"href":"https:\/\/elazigtso.org.tr\/tr\/index.php\/wp-json\/wp\/v2\/categories?post=5032"},{"taxonomy":"post_tag","embeddable":true,"href":"https:\/\/elazigtso.org.tr\/tr\/index.php\/wp-json\/wp\/v2\/tags?post=5032"}],"curies":[{"name":"wp","href":"https:\/\/api.w.org\/{rel}","templated":true}]}}