{"id":5028,"date":"2023-07-26T13:57:49","date_gmt":"2023-07-26T10:57:49","guid":{"rendered":"http:\/\/elazigtso.com\/tr\/index.php\/2023\/07\/26\/kazakistan-mucevher-fuari\/"},"modified":"2023-07-26T13:57:49","modified_gmt":"2023-07-26T10:57:49","slug":"kazakistan-mucevher-fuari","status":"publish","type":"post","link":"https:\/\/elazigtso.org.tr\/tr\/index.php\/2023\/07\/26\/kazakistan-mucevher-fuari\/","title":{"rendered":"Kazakistan M\u00fccevher Fuar\u0131"},"content":{"rendered":"<\/p>\n<div class=\"content-detail\">\n<p>Say\u0131n \u00dcyemiz,<\/p>\n<p>TOBB taraf\u0131ndan Odam\u0131za g\u00f6nderilen yaz\u0131da,\u00a0D\u0131\u015fi\u015fleri Bakanl\u0131\u011f\u0131&#8217;n\u0131n 01.03.2022 tarih ve 34069464 say\u0131l\u0131 yaz\u0131s\u0131na atfen,\u00a0Kazakistan&#8217;\u0131n Ankara B\u00fcy\u00fckel\u00e7ili\u011fi&#8217;nden al\u0131nan yaz\u0131ya atfen, 2. Uluslararas\u0131 M\u00fccevher Kongresi ve M\u00fccevher Fuar\u0131&#8217;n\u0131n, 8-11 Haziran 2022 tarihlerinde Kazakistan&#8217;\u0131n ba\u015fkenti Nur-Sultan&#8217;da d\u00fczenlenece\u011fi bildirilmektedir.<\/p>\n<p>Fuar ile ilgili detayl\u0131 bilgi ve ileti\u015fim noktalar\u0131 ekli belgede yer almaktad\u0131r.<\/p>\n<p><a href=\"http:\/\/www.elazigtso.org.tr\/public\/docs_oda\/duyuru\/07.03\/Kazakistan_Mucevher_Fuari_8-11_Haziran_2022.pdf\" target=\"_blank\" rel=\"noopener\">Ek:\u00a0Kazakistan M\u00fccevher Fuar\u0131<\/a><\/p>\n<p>\u00a0<\/p>\n<p>Bu duyuru 796 defa okundu. <\/p>\n<p>Ekleme Tarihi :2022-03-18 11:02:00 <\/p>\n<\/p><\/div>\n","protected":false},"excerpt":{"rendered":"<p>Say\u0131n \u00dcyemiz, TOBB taraf\u0131ndan Odam\u0131za g\u00f6nderilen yaz\u0131da,\u00a0D\u0131\u015fi\u015fleri Bakanl\u0131\u011f\u0131&#8217;n\u0131n 01.03.2022 tarih ve 34069464 say\u0131l\u0131 yaz\u0131s\u0131na atfen,\u00a0Kazakistan&#8217;\u0131n Ankara B\u00fcy\u00fckel\u00e7ili\u011fi&#8217;nden al\u0131nan yaz\u0131ya atfen, 2. Uluslararas\u0131 M\u00fccevher Kongresi ve M\u00fccevher Fuar\u0131&#8217;n\u0131n, 8-11 Haziran 2022 tarihlerinde Kazakistan&#8217;\u0131n ba\u015fkenti Nur-Sultan&#8217;da d\u00fczenlenece\u011fi bildirilmektedir. Fuar ile ilgili detayl\u0131 bilgi ve ileti\u015fim noktalar\u0131 ekli belgede yer almaktad\u0131r. Ek:\u00a0Kazakistan M\u00fccevher Fuar\u0131 \u00a0 Bu duyuru 796 [&hellip;]<\/p>\n","protected":false},"author":1,"featured_media":5650,"comment_status":"open","ping_status":"open","sticky":false,"template":"","format":"standard","meta":{"_jetpack_memberships_contains_paid_content":false,"footnotes":""},"categories":[3],"tags":[],"class_list":["post-5028","post","type-post","status-publish","format-standard","has-post-thumbnail","hentry","category-duyuru"],"jetpack_sharing_enabled":true,"jetpack_featured_media_url":"https:\/\/elazigtso.org.tr\/tr\/wp-content\/uploads\/2023\/07\/logo_news-80.jpg","_links":{"self":[{"href":"https:\/\/elazigtso.org.tr\/tr\/index.php\/wp-json\/wp\/v2\/posts\/5028","targetHints":{"allow":["GET"]}}],"collection":[{"href":"https:\/\/elazigtso.org.tr\/tr\/index.php\/wp-json\/wp\/v2\/posts"}],"about":[{"href":"https:\/\/elazigtso.org.tr\/tr\/index.php\/wp-json\/wp\/v2\/types\/post"}],"author":[{"embeddable":true,"href":"https:\/\/elazigtso.org.tr\/tr\/index.php\/wp-json\/wp\/v2\/users\/1"}],"replies":[{"embeddable":true,"href":"https:\/\/elazigtso.org.tr\/tr\/index.php\/wp-json\/wp\/v2\/comments?post=5028"}],"version-history":[{"count":0,"href":"https:\/\/elazigtso.org.tr\/tr\/index.php\/wp-json\/wp\/v2\/posts\/5028\/revisions"}],"wp:featuredmedia":[{"embeddable":true,"href":"https:\/\/elazigtso.org.tr\/tr\/index.php\/wp-json\/wp\/v2\/media\/5650"}],"wp:attachment":[{"href":"https:\/\/elazigtso.org.tr\/tr\/index.php\/wp-json\/wp\/v2\/media?parent=5028"}],"wp:term":[{"taxonomy":"category","embeddable":true,"href":"https:\/\/elazigtso.org.tr\/tr\/index.php\/wp-json\/wp\/v2\/categories?post=5028"},{"taxonomy":"post_tag","embeddable":true,"href":"https:\/\/elazigtso.org.tr\/tr\/index.php\/wp-json\/wp\/v2\/tags?post=5028"}],"curies":[{"name":"wp","href":"https:\/\/api.w.org\/{rel}","templated":true}]}}