{"id":5024,"date":"2023-07-26T13:53:50","date_gmt":"2023-07-26T10:53:50","guid":{"rendered":"http:\/\/elazigtso.com\/tr\/index.php\/2023\/07\/26\/ugandanin-uluslararasi-kahve-orgutunun-mense-belgesini-duzenlemesi\/"},"modified":"2023-07-26T13:53:50","modified_gmt":"2023-07-26T10:53:50","slug":"ugandanin-uluslararasi-kahve-orgutunun-mense-belgesini-duzenlemesi","status":"publish","type":"post","link":"https:\/\/elazigtso.org.tr\/tr\/index.php\/2023\/07\/26\/ugandanin-uluslararasi-kahve-orgutunun-mense-belgesini-duzenlemesi\/","title":{"rendered":"Uganda&#8217;n\u0131n Uluslararas\u0131 Kahve \u00d6rg\u00fct\u00fc&#8217;n\u00fcn Men\u015fe Belgesini D\u00fczenlemesi"},"content":{"rendered":"<\/p>\n<div class=\"content-detail\">\n<p>Say\u0131n \u00dcyemiz,<\/p>\n<p>TOBB taraf\u0131ndan Odam\u0131za g\u00f6nderilen yaz\u0131da,\u00a0D\u0131\u015fi\u015fleri Bakanl\u0131\u011f\u0131&#8217;ndan al\u0131nan 07.03.2022 tarihli ve 34098256 say\u0131l\u0131 yaz\u0131ya atfen. Ekte bir \u00f6rne\u011fi sunulan ilgi yaz\u0131da, Uganda Kahve Kalk\u0131nma Kurumu&#8217;nun (Uganda Coffee Development Authority) 1 Mart 2022 tarihi itibariyle Uluslararas\u0131 Kahve \u00d6rg\u00fct\u00fc (ICO) Men\u015fe Belgesi d\u00fczenlemesini durdurdu\u011fu belirtilmekte olup, konu hakk\u0131nda al\u0131nan nota \u00f6rne\u011fi yaz\u0131 ekinde iletilmi\u015ftir.<\/p>\n<p><a href=\"http:\/\/www.elazigtso.org.tr\/public\/docs_oda\/duyuru\/16.03\/Ugandanin_Uluslararasi_Kahve_orgutu.pdf\" target=\"_blank\" rel=\"noopener\">Ek:Uganda&#8217;n\u0131n Uluslararas\u0131 Kahve \u00d6rg\u00fct\u00fc&#8217;n\u00fcn Men\u015fe Belgesini D\u00fczenlemesi<\/a><\/p>\n<p>\u00a0<\/p>\n<p>Bu duyuru 672 defa okundu. <\/p>\n<p>Ekleme Tarihi :2022-03-17 02:41:00 <\/p>\n<\/p><\/div>\n","protected":false},"excerpt":{"rendered":"<p>Say\u0131n \u00dcyemiz, TOBB taraf\u0131ndan Odam\u0131za g\u00f6nderilen yaz\u0131da,\u00a0D\u0131\u015fi\u015fleri Bakanl\u0131\u011f\u0131&#8217;ndan al\u0131nan 07.03.2022 tarihli ve 34098256 say\u0131l\u0131 yaz\u0131ya atfen. Ekte bir \u00f6rne\u011fi sunulan ilgi yaz\u0131da, Uganda Kahve Kalk\u0131nma Kurumu&#8217;nun (Uganda Coffee Development Authority) 1 Mart 2022 tarihi itibariyle Uluslararas\u0131 Kahve \u00d6rg\u00fct\u00fc (ICO) Men\u015fe Belgesi d\u00fczenlemesini durdurdu\u011fu belirtilmekte olup, konu hakk\u0131nda al\u0131nan nota \u00f6rne\u011fi yaz\u0131 ekinde iletilmi\u015ftir. Ek:Uganda&#8217;n\u0131n Uluslararas\u0131 [&hellip;]<\/p>\n","protected":false},"author":1,"featured_media":5650,"comment_status":"open","ping_status":"open","sticky":false,"template":"","format":"standard","meta":{"_jetpack_memberships_contains_paid_content":false,"footnotes":""},"categories":[3],"tags":[],"class_list":["post-5024","post","type-post","status-publish","format-standard","has-post-thumbnail","hentry","category-duyuru"],"jetpack_sharing_enabled":true,"jetpack_featured_media_url":"https:\/\/elazigtso.org.tr\/tr\/wp-content\/uploads\/2023\/07\/logo_news-80.jpg","_links":{"self":[{"href":"https:\/\/elazigtso.org.tr\/tr\/index.php\/wp-json\/wp\/v2\/posts\/5024","targetHints":{"allow":["GET"]}}],"collection":[{"href":"https:\/\/elazigtso.org.tr\/tr\/index.php\/wp-json\/wp\/v2\/posts"}],"about":[{"href":"https:\/\/elazigtso.org.tr\/tr\/index.php\/wp-json\/wp\/v2\/types\/post"}],"author":[{"embeddable":true,"href":"https:\/\/elazigtso.org.tr\/tr\/index.php\/wp-json\/wp\/v2\/users\/1"}],"replies":[{"embeddable":true,"href":"https:\/\/elazigtso.org.tr\/tr\/index.php\/wp-json\/wp\/v2\/comments?post=5024"}],"version-history":[{"count":0,"href":"https:\/\/elazigtso.org.tr\/tr\/index.php\/wp-json\/wp\/v2\/posts\/5024\/revisions"}],"wp:featuredmedia":[{"embeddable":true,"href":"https:\/\/elazigtso.org.tr\/tr\/index.php\/wp-json\/wp\/v2\/media\/5650"}],"wp:attachment":[{"href":"https:\/\/elazigtso.org.tr\/tr\/index.php\/wp-json\/wp\/v2\/media?parent=5024"}],"wp:term":[{"taxonomy":"category","embeddable":true,"href":"https:\/\/elazigtso.org.tr\/tr\/index.php\/wp-json\/wp\/v2\/categories?post=5024"},{"taxonomy":"post_tag","embeddable":true,"href":"https:\/\/elazigtso.org.tr\/tr\/index.php\/wp-json\/wp\/v2\/tags?post=5024"}],"curies":[{"name":"wp","href":"https:\/\/api.w.org\/{rel}","templated":true}]}}