{"id":5022,"date":"2023-07-26T13:51:35","date_gmt":"2023-07-26T10:51:35","guid":{"rendered":"http:\/\/elazigtso.com\/tr\/index.php\/2023\/07\/26\/izinli-gonderici-uygulamasi\/"},"modified":"2023-07-26T13:51:35","modified_gmt":"2023-07-26T10:51:35","slug":"izinli-gonderici-uygulamasi","status":"publish","type":"post","link":"https:\/\/elazigtso.org.tr\/tr\/index.php\/2023\/07\/26\/izinli-gonderici-uygulamasi\/","title":{"rendered":"\u0130zinli G\u00f6nderici Uygulamas\u0131"},"content":{"rendered":"<\/p>\n<div class=\"content-detail\">\n<p>Say\u0131n \u00dcyemiz,<\/p>\n<p>TOBB taraf\u0131ndan Odam\u0131za g\u00f6nderilen yaz\u0131ya atfen,\u00a01975 TIR S\u00f6zle\u015fmesi ve 1 seri no.lu G\u00fcmr\u00fck Genel Tebli\u011fi (TIR \u0130\u015flemleri) \u00e7er\u00e7evesinde y\u00fcr\u00fct\u00fclen TIR Karnesi hareket, \u00e7\u0131k\u0131\u015f ve var\u0131\u015f i\u015flemleri ilgili g\u00fcmr\u00fck idarelerince y\u00fcr\u00fct\u00fclmektedir. <\/p>\n<p>G\u00fcmr\u00fck \u0130\u015flemlerinin Kolayla\u015ft\u0131r\u0131lmas\u0131 Y\u00f6netmeli\u011finde yap\u0131lan de\u011fi\u015fiklikle birlikte, TIR Karnesi hamillerinin i\u015flemlerini kolayla\u015ft\u0131rmak ad\u0131na uygulanmaya ba\u015flanan izinli g\u00f6nderici uygulamas\u0131 kapsam\u0131nda, TIR Karnelerinin, gerekli tescil i\u015flemlerini yapt\u0131r\u0131lmas\u0131 amac\u0131yla fiziki olarak g\u00fcmr\u00fck idaresine g\u00f6nderilmesi gereklili\u011fi uygulamas\u0131na son verilmi\u015ftir.\u00a0<\/p>\n<p>Bu kapsamda TIR Karnesi kapsam\u0131nda izinli g\u00f6nderici i\u015flemleri;\n<\/p>\n<p>\n1. \u0130zinli g\u00f6nderici, ihracat y\u00fck\u00fc ta\u015f\u0131yaca\u011f\u0131 TIR Karnesi kapsam\u0131nda tescil edece\u011fi TIR \u0130hracat \u00d6zet<br \/>\nBeyan\u0131n \u00fczerinde yaln\u0131zca ilk ta\u015f\u0131ma senedinde \u0130GXXXXXXXX kodlu izinli g\u00f6ndericiye ait \u00f6zel tipte<br \/>\nm\u00fch\u00fcr numaras\u0131n\u0131 beyan ederek TIR \u0130hracat \u00d6zet Beyan\u0131 tescil edecek,\n<\/p>\n<p>\n2. \u0130zinli g\u00f6nderici tesisinde y\u00fcklenen ve TIR karnesi kapsam\u0131nda ihracat e\u015fyas\u0131 ta\u015f\u0131yan ara\u00e7 i\u00e7in TIR<br \/>\nKarnesi ve ekli belgeler fiziken hareket g\u00fcmr\u00fck idaresine sunulmayacak,\n<\/p>\n<p>\n3. TIR Karnesi ve ekli belgeler fiziken hareket g\u00fcmr\u00fck idaresine sunulmadan, ilgili firma temsilcisi<br \/>\ntaraf\u0131ndan TIR \u0130hracat \u00d6zet Beyan numaras\u0131 ve \u0130GXXXXXXXX kodlu izinli g\u00f6ndericiye ait \u00f6zel tipte<br \/>\nm\u00fch\u00fcr numaras\u0131 hareket g\u00fcmr\u00fck idaresine beyan edilecek,\n<\/p>\n<p>\n4. Hareket g\u00fcmr\u00fck idaresinde ilgili memur taraf\u0131ndan sunulan bilgiler kullan\u0131larak VOLET-1 tescili<br \/>\nsistem \u00fczerinden yap\u0131lacak,\n<\/p>\n<p>\n5. \u00c7\u0131k\u0131\u015f g\u00fcmr\u00fck idaresi kendisine ibraz edilen ve \u00fczerine herhangi bir resmi m\u00fch\u00fcr tatbik edilmemi\u015f olan<br \/>\nTIR Karnesi \u00fczerinde G\u00fcmr\u00fck Genel Tebli\u011fi (TIR \u0130\u015flemleri) (Seri No:1) 39 uncu maddesi \u00e7er\u00e7evesinde<br \/>\ngerekli i\u015flemleri ger\u00e7ekle\u015ftirecek,\n<\/p>\n<p>\n6. Hareket g\u00fcmr\u00fck idaresince tatbik edilmeyen resmi m\u00fch\u00fcr de karnedeki ilgili alana \u00e7\u0131k\u0131\u015f g\u00fcmr\u00fck idaresi<br \/>\ntaraf\u0131ndan tatbik edilecek ve VOLET-1 ile VOLET-2 yapraklar\u0131 kopar\u0131larak TIR Karnesi s\u00fcr\u00fcc\u00fcs\u00fcne<br \/>\nverilmesi \u015feklinde ger\u00e7ekle\u015ftirilecektir.<\/p>\n<p>\nDi\u011fer taraftan, s\u00f6z konusu ta\u015f\u0131man\u0131n izinli g\u00f6nderici kapsam\u0131nda oldu\u011fu, TIR karnesinde ve sistemde yer alan<br \/>\nm\u00fch\u00fcr numaras\u0131n\u0131n \u0130GXXXXXXXX kodlu izinli g\u00f6ndericiye ait \u00f6zel tipte m\u00fch\u00fcr numaras\u0131 oldu\u011funun tespiti<br \/>\nile do\u011frulanmas\u0131 ise yine g\u00fcmr\u00fck idaresi taraf\u0131ndan ger\u00e7ekle\u015ftirilebilecektir.\n<\/p>\n<p>D\u00fczenlemeye ili\u015fkin G\u00fcmr\u00fckler Genel M\u00fcd\u00fcrl\u00fc\u011f\u00fcnce yay\u0131mlanan &#8220;\u0130zinli G\u00f6nderici \u0130\u015flemleri Y\u00fck\u00fcml\u00fc ve<br \/>\nMemur K\u0131lavuzu&#8221; ve \u0130zinli G\u00f6ndericilerin TIR Karnelerini nas\u0131l dolduraca\u011f\u0131na ili\u015fkin \u00f6rnek ekte yer<br \/>\nalmaktad\u0131r.<\/p>\n<p><a href=\"http:\/\/www.elazigtso.org.tr\/public\/docs_oda\/duyuru\/16.03\/Izinli_Gonderici_Uygulamasi_hk..pdf\" target=\"_blank\" rel=\"noopener\">Ek:\u0130zinli G\u00f6nderici Uygulamas\u0131<\/a><\/p>\n<p>\u00a0<\/p>\n<p>Bu duyuru 656 defa okundu. <\/p>\n<p>Ekleme Tarihi :2022-03-17 02:38:00 <\/p>\n<\/p><\/div>\n","protected":false},"excerpt":{"rendered":"<p>Say\u0131n \u00dcyemiz, TOBB taraf\u0131ndan Odam\u0131za g\u00f6nderilen yaz\u0131ya atfen,\u00a01975 TIR S\u00f6zle\u015fmesi ve 1 seri no.lu G\u00fcmr\u00fck Genel Tebli\u011fi (TIR \u0130\u015flemleri) \u00e7er\u00e7evesinde y\u00fcr\u00fct\u00fclen TIR Karnesi hareket, \u00e7\u0131k\u0131\u015f ve var\u0131\u015f i\u015flemleri ilgili g\u00fcmr\u00fck idarelerince y\u00fcr\u00fct\u00fclmektedir. G\u00fcmr\u00fck \u0130\u015flemlerinin Kolayla\u015ft\u0131r\u0131lmas\u0131 Y\u00f6netmeli\u011finde yap\u0131lan de\u011fi\u015fiklikle birlikte, TIR Karnesi hamillerinin i\u015flemlerini kolayla\u015ft\u0131rmak ad\u0131na uygulanmaya ba\u015flanan izinli g\u00f6nderici uygulamas\u0131 kapsam\u0131nda, TIR Karnelerinin, gerekli tescil [&hellip;]<\/p>\n","protected":false},"author":1,"featured_media":5650,"comment_status":"open","ping_status":"open","sticky":false,"template":"","format":"standard","meta":{"_jetpack_memberships_contains_paid_content":false,"footnotes":""},"categories":[3],"tags":[],"class_list":["post-5022","post","type-post","status-publish","format-standard","has-post-thumbnail","hentry","category-duyuru"],"jetpack_sharing_enabled":true,"jetpack_featured_media_url":"https:\/\/elazigtso.org.tr\/tr\/wp-content\/uploads\/2023\/07\/logo_news-80.jpg","_links":{"self":[{"href":"https:\/\/elazigtso.org.tr\/tr\/index.php\/wp-json\/wp\/v2\/posts\/5022","targetHints":{"allow":["GET"]}}],"collection":[{"href":"https:\/\/elazigtso.org.tr\/tr\/index.php\/wp-json\/wp\/v2\/posts"}],"about":[{"href":"https:\/\/elazigtso.org.tr\/tr\/index.php\/wp-json\/wp\/v2\/types\/post"}],"author":[{"embeddable":true,"href":"https:\/\/elazigtso.org.tr\/tr\/index.php\/wp-json\/wp\/v2\/users\/1"}],"replies":[{"embeddable":true,"href":"https:\/\/elazigtso.org.tr\/tr\/index.php\/wp-json\/wp\/v2\/comments?post=5022"}],"version-history":[{"count":0,"href":"https:\/\/elazigtso.org.tr\/tr\/index.php\/wp-json\/wp\/v2\/posts\/5022\/revisions"}],"wp:featuredmedia":[{"embeddable":true,"href":"https:\/\/elazigtso.org.tr\/tr\/index.php\/wp-json\/wp\/v2\/media\/5650"}],"wp:attachment":[{"href":"https:\/\/elazigtso.org.tr\/tr\/index.php\/wp-json\/wp\/v2\/media?parent=5022"}],"wp:term":[{"taxonomy":"category","embeddable":true,"href":"https:\/\/elazigtso.org.tr\/tr\/index.php\/wp-json\/wp\/v2\/categories?post=5022"},{"taxonomy":"post_tag","embeddable":true,"href":"https:\/\/elazigtso.org.tr\/tr\/index.php\/wp-json\/wp\/v2\/tags?post=5022"}],"curies":[{"name":"wp","href":"https:\/\/api.w.org\/{rel}","templated":true}]}}