{"id":5017,"date":"2023-07-26T13:47:34","date_gmt":"2023-07-26T10:47:34","guid":{"rendered":"http:\/\/elazigtso.com\/tr\/index.php\/2023\/07\/26\/durban-limani-hakkinda-bilgi-notu\/"},"modified":"2023-07-26T13:47:34","modified_gmt":"2023-07-26T10:47:34","slug":"durban-limani-hakkinda-bilgi-notu","status":"publish","type":"post","link":"https:\/\/elazigtso.org.tr\/tr\/index.php\/2023\/07\/26\/durban-limani-hakkinda-bilgi-notu\/","title":{"rendered":"Durban Liman\u0131 Hakk\u0131nda Bilgi Notu"},"content":{"rendered":"<\/p>\n<div class=\"content-detail\">\n<p>Say\u0131n \u00dcyemiz,<\/p>\n<p>TOBB taraf\u0131ndan Odam\u0131za g\u00f6nderilen yaz\u0131da,\u00a0Ticaret Bakanl\u0131\u011f\u0131&#8217;n\u0131n 03.03.2022 tarihli ve 72497255 say\u0131l\u0131 yaz\u0131s\u0131na atfen. T.C. Pretorya B\u00fcy\u00fckel\u00e7isi Ay\u015feg\u00fcl Kanda\u015f ve Ticaret M\u00fc\u015favirleri \u0130lker Eralp ve Beng\u00fc Okur Erdo\u011fan, Durban Liman\u0131 Direkt\u00f6r\u00fc Nompumelelo Dweba-Kwetana ve ekibinin kat\u0131l\u0131mlar\u0131 ile Durban Liman\u0131&#8217;na y\u00f6nelik yat\u0131r\u0131m f\u0131rsatlar\u0131n\u0131n de\u011ferlendirilmesi amac\u0131yla \u00e7evrimi\u00e7i bir toplant\u0131 ger\u00e7ekle\u015ftirildi\u011fi, ilgili toplant\u0131ya ili\u015fkin bir bilgi notu haz\u0131rland\u0131\u011f\u0131 bildirilmektedir. <\/p>\n<p>Bahse konu bilgi notu ekte sunulmaktad\u0131r.<\/p>\n<p><a href=\"http:\/\/www.elazigtso.org.tr\/public\/docs_oda\/duyuru\/16.03\/Durban_Liman_Hakknda_Bilgi_Notu.pdf\" target=\"_blank\" rel=\"noopener\">Ek:\u00a0Durban Liman\u0131 Hakk\u0131nda Bilgi Notu<\/a><\/p>\n<p>\u00a0<\/p>\n<p>Bu duyuru 732 defa okundu. <\/p>\n<p>Ekleme Tarihi :2022-03-17 02:23:00 <\/p>\n<\/p><\/div>\n","protected":false},"excerpt":{"rendered":"<p>Say\u0131n \u00dcyemiz, TOBB taraf\u0131ndan Odam\u0131za g\u00f6nderilen yaz\u0131da,\u00a0Ticaret Bakanl\u0131\u011f\u0131&#8217;n\u0131n 03.03.2022 tarihli ve 72497255 say\u0131l\u0131 yaz\u0131s\u0131na atfen. T.C. Pretorya B\u00fcy\u00fckel\u00e7isi Ay\u015feg\u00fcl Kanda\u015f ve Ticaret M\u00fc\u015favirleri \u0130lker Eralp ve Beng\u00fc Okur Erdo\u011fan, Durban Liman\u0131 Direkt\u00f6r\u00fc Nompumelelo Dweba-Kwetana ve ekibinin kat\u0131l\u0131mlar\u0131 ile Durban Liman\u0131&#8217;na y\u00f6nelik yat\u0131r\u0131m f\u0131rsatlar\u0131n\u0131n de\u011ferlendirilmesi amac\u0131yla \u00e7evrimi\u00e7i bir toplant\u0131 ger\u00e7ekle\u015ftirildi\u011fi, ilgili toplant\u0131ya ili\u015fkin bir bilgi notu [&hellip;]<\/p>\n","protected":false},"author":1,"featured_media":5650,"comment_status":"open","ping_status":"open","sticky":false,"template":"","format":"standard","meta":{"_jetpack_memberships_contains_paid_content":false,"footnotes":""},"categories":[3],"tags":[],"class_list":["post-5017","post","type-post","status-publish","format-standard","has-post-thumbnail","hentry","category-duyuru"],"jetpack_sharing_enabled":true,"jetpack_featured_media_url":"https:\/\/elazigtso.org.tr\/tr\/wp-content\/uploads\/2023\/07\/logo_news-80.jpg","_links":{"self":[{"href":"https:\/\/elazigtso.org.tr\/tr\/index.php\/wp-json\/wp\/v2\/posts\/5017","targetHints":{"allow":["GET"]}}],"collection":[{"href":"https:\/\/elazigtso.org.tr\/tr\/index.php\/wp-json\/wp\/v2\/posts"}],"about":[{"href":"https:\/\/elazigtso.org.tr\/tr\/index.php\/wp-json\/wp\/v2\/types\/post"}],"author":[{"embeddable":true,"href":"https:\/\/elazigtso.org.tr\/tr\/index.php\/wp-json\/wp\/v2\/users\/1"}],"replies":[{"embeddable":true,"href":"https:\/\/elazigtso.org.tr\/tr\/index.php\/wp-json\/wp\/v2\/comments?post=5017"}],"version-history":[{"count":0,"href":"https:\/\/elazigtso.org.tr\/tr\/index.php\/wp-json\/wp\/v2\/posts\/5017\/revisions"}],"wp:featuredmedia":[{"embeddable":true,"href":"https:\/\/elazigtso.org.tr\/tr\/index.php\/wp-json\/wp\/v2\/media\/5650"}],"wp:attachment":[{"href":"https:\/\/elazigtso.org.tr\/tr\/index.php\/wp-json\/wp\/v2\/media?parent=5017"}],"wp:term":[{"taxonomy":"category","embeddable":true,"href":"https:\/\/elazigtso.org.tr\/tr\/index.php\/wp-json\/wp\/v2\/categories?post=5017"},{"taxonomy":"post_tag","embeddable":true,"href":"https:\/\/elazigtso.org.tr\/tr\/index.php\/wp-json\/wp\/v2\/tags?post=5017"}],"curies":[{"name":"wp","href":"https:\/\/api.w.org\/{rel}","templated":true}]}}