{"id":5012,"date":"2023-07-26T13:43:29","date_gmt":"2023-07-26T10:43:29","guid":{"rendered":"http:\/\/elazigtso.com\/tr\/index.php\/2023\/07\/26\/urdun-2022-yili-fuarlari\/"},"modified":"2023-07-26T13:43:29","modified_gmt":"2023-07-26T10:43:29","slug":"urdun-2022-yili-fuarlari","status":"publish","type":"post","link":"https:\/\/elazigtso.org.tr\/tr\/index.php\/2023\/07\/26\/urdun-2022-yili-fuarlari\/","title":{"rendered":"\u00dcrd\u00fcn 2022 Y\u0131l\u0131 Fuarlar\u0131"},"content":{"rendered":"<\/p>\n<div class=\"content-detail\">\n<p>Say\u0131n \u00dcyemiz,<\/p>\n<p>TOBB taraf\u0131ndan Odam\u0131za g\u00f6nderilen yaz\u0131da,\u00a0Ticaret Bakanl\u0131\u011f\u0131&#8217;n\u0131n 02.03.2022 tarihli ve 72461315 say\u0131l\u0131 yaz\u0131s\u0131na atfen.\u00a0\u0130lgide kay\u0131tl\u0131 yaz\u0131da, \u00dcrd\u00fcn&#8217;\u00fcn Ankara B\u00fcy\u00fckel\u00e7ili\u011fi&#8217;nden al\u0131nan bir \u00f6rne\u011fi ekli Nota&#8217;ya atfen, \u00dcrd\u00fcn Yat\u0131r\u0131m Bakanl\u0131\u011f\u0131&#8217;n\u0131n 2022 y\u0131l\u0131 i\u00e7erisinde \u00e7e\u015fitli alanlarda fuarlar d\u00fczenleyece\u011fi bildirilmektedir. <\/p>\n<p>S\u00f6z konusu fuarlara ili\u015fkin liste ekteki Nota&#8217;da sunulmaktad\u0131r.<\/p>\n<p><a href=\"http:\/\/www.elazigtso.org.tr\/public\/docs_oda\/duyuru\/16.03\/rdn_2022_Yl_Fuarlar.pdf\" target=\"_blank\" rel=\"noopener\">Ek:\u00dcrd\u00fcn 2022 Y\u0131l\u0131 Fuarlar\u0131<\/a><\/p>\n<p>\u00a0<\/p>\n<p>Bu duyuru 784 defa okundu. <\/p>\n<p>Ekleme Tarihi :2022-03-17 02:05:00 <\/p>\n<\/p><\/div>\n","protected":false},"excerpt":{"rendered":"<p>Say\u0131n \u00dcyemiz, TOBB taraf\u0131ndan Odam\u0131za g\u00f6nderilen yaz\u0131da,\u00a0Ticaret Bakanl\u0131\u011f\u0131&#8217;n\u0131n 02.03.2022 tarihli ve 72461315 say\u0131l\u0131 yaz\u0131s\u0131na atfen.\u00a0\u0130lgide kay\u0131tl\u0131 yaz\u0131da, \u00dcrd\u00fcn&#8217;\u00fcn Ankara B\u00fcy\u00fckel\u00e7ili\u011fi&#8217;nden al\u0131nan bir \u00f6rne\u011fi ekli Nota&#8217;ya atfen, \u00dcrd\u00fcn Yat\u0131r\u0131m Bakanl\u0131\u011f\u0131&#8217;n\u0131n 2022 y\u0131l\u0131 i\u00e7erisinde \u00e7e\u015fitli alanlarda fuarlar d\u00fczenleyece\u011fi bildirilmektedir. S\u00f6z konusu fuarlara ili\u015fkin liste ekteki Nota&#8217;da sunulmaktad\u0131r. Ek:\u00dcrd\u00fcn 2022 Y\u0131l\u0131 Fuarlar\u0131 \u00a0 Bu duyuru 784 defa okundu. [&hellip;]<\/p>\n","protected":false},"author":1,"featured_media":5650,"comment_status":"open","ping_status":"open","sticky":false,"template":"","format":"standard","meta":{"_jetpack_memberships_contains_paid_content":false,"footnotes":""},"categories":[3],"tags":[],"class_list":["post-5012","post","type-post","status-publish","format-standard","has-post-thumbnail","hentry","category-duyuru"],"jetpack_sharing_enabled":true,"jetpack_featured_media_url":"https:\/\/elazigtso.org.tr\/tr\/wp-content\/uploads\/2023\/07\/logo_news-80.jpg","_links":{"self":[{"href":"https:\/\/elazigtso.org.tr\/tr\/index.php\/wp-json\/wp\/v2\/posts\/5012","targetHints":{"allow":["GET"]}}],"collection":[{"href":"https:\/\/elazigtso.org.tr\/tr\/index.php\/wp-json\/wp\/v2\/posts"}],"about":[{"href":"https:\/\/elazigtso.org.tr\/tr\/index.php\/wp-json\/wp\/v2\/types\/post"}],"author":[{"embeddable":true,"href":"https:\/\/elazigtso.org.tr\/tr\/index.php\/wp-json\/wp\/v2\/users\/1"}],"replies":[{"embeddable":true,"href":"https:\/\/elazigtso.org.tr\/tr\/index.php\/wp-json\/wp\/v2\/comments?post=5012"}],"version-history":[{"count":0,"href":"https:\/\/elazigtso.org.tr\/tr\/index.php\/wp-json\/wp\/v2\/posts\/5012\/revisions"}],"wp:featuredmedia":[{"embeddable":true,"href":"https:\/\/elazigtso.org.tr\/tr\/index.php\/wp-json\/wp\/v2\/media\/5650"}],"wp:attachment":[{"href":"https:\/\/elazigtso.org.tr\/tr\/index.php\/wp-json\/wp\/v2\/media?parent=5012"}],"wp:term":[{"taxonomy":"category","embeddable":true,"href":"https:\/\/elazigtso.org.tr\/tr\/index.php\/wp-json\/wp\/v2\/categories?post=5012"},{"taxonomy":"post_tag","embeddable":true,"href":"https:\/\/elazigtso.org.tr\/tr\/index.php\/wp-json\/wp\/v2\/tags?post=5012"}],"curies":[{"name":"wp","href":"https:\/\/api.w.org\/{rel}","templated":true}]}}