{"id":4995,"date":"2023-07-26T13:29:50","date_gmt":"2023-07-26T10:29:50","guid":{"rendered":"http:\/\/elazigtso.com\/tr\/index.php\/2023\/07\/26\/ekonomide-one-cikan-duzenlemeler\/"},"modified":"2023-07-26T13:29:50","modified_gmt":"2023-07-26T10:29:50","slug":"ekonomide-one-cikan-duzenlemeler","status":"publish","type":"post","link":"https:\/\/elazigtso.org.tr\/tr\/index.php\/2023\/07\/26\/ekonomide-one-cikan-duzenlemeler\/","title":{"rendered":"Ekonomide \u00d6ne \u00c7\u0131kan D\u00fczenlemeler"},"content":{"rendered":"<\/p>\n<div class=\"content-detail\">\n<p>Say\u0131n \u00dcyemiz,\u00a0<\/p>\n<p>T\u00fcrkiye Ekonomi Politikalar\u0131 Ara\u015ft\u0131rma Vakf\u0131 (TEPAV) taraf\u0131ndan haz\u0131rlanan ekonomiyle ilgili \u00f6nemli karar ve de\u011fi\u015fikliklerle ilgili metin a\u015fa\u011f\u0131daki gibidir;\u00a0<\/p>\n<p><span style=\"font-weight: 700\">1.<\/span>\u00a0A\u00e7\u0131k alanlarda maske takma zorunlulu\u011fu kald\u0131r\u0131ld\u0131. AVM, sinema ve ula\u015f\u0131mda HES kodu ve PCR zorunlulu\u011fu kalkt\u0131. \u0130\u00e7i\u015fleri Bakanl\u0131\u011f\u0131 taraf\u0131ndan Covid-19 tedbirleri kapsam\u0131nda haz\u0131rlanan genelge valiliklere g\u00f6nderildi. Genelgeye g\u00f6re, maske kullan\u0131m\u0131, HES kodu sorgulamas\u0131 ve negatif PCR test sonucu ibraz\u0131 istenilmesine dair h\u00fck\u00fcmlerin uygulanmas\u0131 03.03.2022 tarihi itibar\u0131yla sonland\u0131r\u0131ld\u0131. A\u00e7\u0131k alanlar ile sosyal mesafenin uygulanabildi\u011fi ve uygun havaland\u0131rma ko\u015fullar\u0131n\u0131n bulundu\u011fu kapal\u0131 yerlerde maske kullanma zorunlulu\u011fu uygulanmayacak. \u00d6te yandan, yeni bir karar al\u0131n\u0131ncaya kadar; okul, hastane, sinema, tiyatro gibi ki\u015filer aras\u0131nda gerekli sosyal mesafenin sa\u011flanamad\u0131\u011f\u0131 kapal\u0131 yerler ile otob\u00fcs, minib\u00fcs, servis, tren, metro, vapur, u\u00e7ak gibi her t\u00fcrl\u00fc toplu ula\u015f\u0131m ara\u00e7lar\u0131nda (\u015fehirleraras\u0131 dahil) maske kullan\u0131m zorunlulu\u011fu uygulanmas\u0131na devam edilecek.<\/p>\n<p><b>2. <\/b>Kur Korumal\u0131 Mevduatta (KKM) yurt i\u00e7i yerle\u015fik t\u00fczel ki\u015filer i\u00e7in vadesi gelen mevduatlarda<br \/>\nyenileme imk\u00e2n\u0131 getirildi, d\u00f6vizden TL\u2019ye d\u00f6n\u00fc\u015f i\u00e7in en k\u0131sa vade 6 aydan 3 aya indirildi. T\u00fcrkiye<br \/>\nCumhuriyet Merkez Bankas\u0131\u2019ndan Resmi Gazete\u2019de yay\u0131mlanan tebli\u011fe g\u00f6re, KKM\u2019de vadesi gelen<br \/>\nmevduatlar i\u00e7in yenileme imkan\u0131 getirildi. Vadesi geldi\u011finde KKM imk\u00e2n\u0131ndan yararlanmaya devam<br \/>\netmek isteyenler, ilk a\u00e7\u0131l\u0131\u015fta d\u00f6n\u00fc\u015f\u00fcm\u00fc yap\u0131lan d\u00f6viz tutar\u0131 ve d\u00f6n\u00fc\u015f\u00fcm kuru \u00fczerinden destekten<br \/>\nyararlanmaya devam edebilecek. Di\u011fer taraftan, yeni d\u00fczenleme ile yurt i\u00e7i yerle\u015fik t\u00fczel ki\u015filer i\u00e7in<br \/>\nKKM\u2019de d\u00f6vizden TL\u2019ye d\u00f6n\u00fc\u015f i\u00e7in en k\u0131sa vade 6 aydan 3 aya indirildi. B\u00f6ylelikle, \u015firketler<br \/>\nd\u00f6vizlerini 3 ayl\u0131k s\u00fcre i\u00e7in KKM\u2019ye d\u00f6n\u00fc\u015ft\u00fcrebilecek ve vade sonunda ise yenileme imk\u00e2n\u0131na sahip<br \/>\nolabilecek.<\/p>\n<p><b>3.<\/b> Vadesi ge\u00e7mi\u015f vergi bor\u00e7lar\u0131 i\u00e7in yeni d\u00fczenlemeye gidildi; hak sahiplerinin vadesi ge\u00e7mi\u015f vergi<br \/>\nbor\u00e7lar\u0131, \u00f6demenin tamam\u0131 beklenilmeksizin, Merkezi Y\u00f6netim kapsam\u0131ndaki kamu<br \/>\nidarelerinden olan alacaklar\u0131ndan mahsup edilebilecek. Hazine ve Maliye Bakanl\u0131\u011f\u0131 Muhasebat<br \/>\nGenel M\u00fcd\u00fcrl\u00fc\u011f\u00fc\u2019n\u00fcn \u00f6deme belgelerinde vadesi ge\u00e7mi\u015f vergi bor\u00e7lar\u0131 ile yasal tevkifat ve di\u011fer<br \/>\nkesintilerin mahsubuna ili\u015fkin Genel Tebli\u011fi uyar\u0131nca, hak sahibine ait hak edi\u015fin tamam\u0131na ili\u015fkin<br \/>\n\u00f6deme s\u00fcreci tamamlan\u0131ncaya kadar, hak sahibinin vadesi ge\u00e7mi\u015f vergi borcunu ve di\u011fer<br \/>\nkesintilerini kar\u015f\u0131layacak tutara kadar olan k\u0131sm\u0131 i\u00e7in \u00f6deme emri belgesi d\u00fczenlenerek mahsuben<br \/>\n\u00f6deme ger\u00e7ekle\u015ftirilebilecek. Bu kapsamdaki \u00f6demelere ili\u015fkin i\u015flemlerin elektronik ortamda<br \/>\ny\u00fcr\u00fct\u00fclmesine ili\u015fkin usul ve esaslar Bakanl\u0131k\u00e7a belirlenecek. Bakanl\u0131k ayr\u0131ca tebli\u011f kapsam\u0131ndaki<br \/>\ni\u015flemlerde kamu idareleri ve \u00f6deme t\u00fcrleri itibar\u0131yla farkl\u0131 uygulamalar belirlemeye yetkili olacak.<\/p>\n<p>Uygulama ile kamu alacaklar\u0131n\u0131n h\u0131zl\u0131 bir \u015fekilde mahsuben tahsil edilmesi, hak sahiplerinin<br \/>\n\u00f6demelerin tamam\u0131n\u0131 beklemelerinden kaynaklanan gecikme nedeniyle verginin zaman\u0131nda\u00a0\u00f6denmemesinden kaynakl\u0131 olarak faiz gibi y\u00fckler alt\u0131na girmelerinin \u00f6nlenmesi, vergi borcu<br \/>\nnedeniyle kamu ihalelerine kat\u0131lamamalar\u0131 gibi ma\u011fduriyetlerin engellenmesi hedeflenmektedir.<\/p>\n<p><b>4.<\/b> Hacizli ta\u015f\u0131n\u0131rlar\u0131n icra ve iflas kanunu kapsam\u0131nda elektronik ortamda yap\u0131lacak a\u00e7\u0131k art\u0131rma<br \/>\nsuretiyle sat\u0131\u015f i\u015flemlerine ili\u015fkin esaslar belirlendi. Adalet Bakanl\u0131\u011f\u0131&#8217;n\u0131n Resmi Gazete&#8217;de<br \/>\nyay\u0131mlanan y\u00f6netmeli\u011fine g\u00f6re, ta\u015f\u0131n\u0131r\u0131n sat\u0131\u015f\u0131 a\u00e7\u0131k art\u0131rma ile yap\u0131lacak. Birinci ve ikinci art\u0131rman\u0131n<br \/>\nyap\u0131laca\u011f\u0131 g\u00fcn ve saat aral\u0131\u011f\u0131, art\u0131rma ba\u015flang\u0131\u00e7 tarihinden en az 15 g\u00fcn \u00f6nce ilan edilecek.<br \/>\nElektronik Sat\u0131\u015f Portal\u0131nda yap\u0131lacak ilan ve \u015fartname art\u0131rman\u0131n bitimine kadar eri\u015fime a\u00e7\u0131k<br \/>\ntutulacak. \u0130kinci art\u0131rman\u0131n ba\u015flang\u0131\u00e7 tarihi, birinci art\u0131rman\u0131n bitimi tarihinden itibaren 1 ay\u0131<br \/>\nge\u00e7meyecek \u015fekilde belirlenecek. Elektronik Sat\u0131\u015f Portal\u0131nda yap\u0131lan a\u00e7\u0131k art\u0131rmada teklif verme<br \/>\ns\u00fcresi 7 g\u00fcn olarak belirlendi.\u00a0<\/p>\n<p><b>5.<\/b> Kanola, aspir, m\u0131s\u0131r, soya ve palm ya\u011flar\u0131nda g\u00fcmr\u00fck vergisi s\u0131f\u0131rland\u0131. Resmi Gazete\u2019de 4 Mart<br \/>\n2022 tarihinde yay\u0131nlanan \u201c\u0130thalat Rejimi Karar\u0131nda De\u011fi\u015fiklik Yap\u0131lmas\u0131na \u0130li\u015fkin Cumhurba\u015fkan\u0131<br \/>\nKarar\u0131\u201d uyar\u0131nca, ya\u011f ham maddesi, kanola tohumu ile ay\u00e7i\u00e7e\u011fi ya\u011f\u0131n\u0131n ikamesi olabilecek kanola,<br \/>\naspir, m\u0131s\u0131r, soya ve palm ya\u011flar\u0131nda uygulanan g\u00fcmr\u00fck vergisi oranlar\u0131 30 Haziran 2022 tarihine<br \/>\nkadar s\u0131f\u0131rland\u0131. Karar\u0131n, Rusya-Ukrayna Sava\u015f\u0131 ve Karadeniz Havzas\u0131&#8217;nda ya\u015fanan geli\u015fmelerin ya\u011fl\u0131<br \/>\ntohum ve bitkisel ya\u011f tedarikinde sorunlara yol a\u00e7mamas\u0131, temel g\u0131da \u00fcr\u00fcnlerinde arz g\u00fcvenli\u011fi ve<br \/>\nfiyat istikrar\u0131n\u0131n sa\u011flanmas\u0131 amac\u0131yla al\u0131nd\u0131\u011f\u0131 bildirildi.<\/p>\n<p><b> 6. <\/b>Tar\u0131m ve Orman Bakanl\u0131\u011f\u0131\u2019n\u0131n ihracat\u0131nda d\u00f6nemsel d\u00fczenleme yapma yetkisi kapsam\u0131na dahil<br \/>\nolan \u00fcr\u00fcnlerin listesi geni\u015fletildi; un, et ve ya\u011f kapsama eklendi. Resmi Gazete\u2019de yay\u0131nlanan<br \/>\ntebli\u011f ile Rusya ile Ukrayna aras\u0131ndaki sava\u015f sebebiyle arz s\u0131k\u0131nt\u0131s\u0131 ya\u015fan\u0131laca\u011f\u0131 d\u00fc\u015f\u00fcn\u00fclen baz\u0131 un<br \/>\nve ya\u011f \u00e7e\u015fitleri de listeye eklendi. Bu kapsamda Bakanl\u0131k; pirin\u00e7, bu\u011fday ve m\u0131s\u0131r unu, m\u0131s\u0131r irmi\u011fi,<br \/>\nbu\u011fday irmi\u011fi, a\u015furelik bu\u011fday, soya ya\u011f\u0131, ay\u00e7i\u00e7e\u011fi tohumu ya\u011f\u0131 ve m\u0131s\u0131r ihracat\u0131na da k\u0131s\u0131tlama<br \/>\ngetirebilecek. Tar\u0131m ve Orman Bakanl\u0131\u011f\u0131 iznine ba\u011flanan \u00fcr\u00fcnler aras\u0131nda ayr\u0131ca b\u00fcy\u00fckba\u015f ve<br \/>\nk\u00fc\u00e7\u00fckba\u015f hayvan eti de dahil edildi.<\/p>\n<p>Tar\u0131m ve Orman Bakanl\u0131\u011f\u0131\u2019na 27 Ocak 2022\u2019de verilen yetki kapsam\u0131nda; patates, domates, kuru<br \/>\nso\u011fan ve sar\u0131msak, fasulye, patl\u0131can, sivri biber, zeytin, portakal, k\u0131rm\u0131z\u0131 mercimek, limon, karpuz,<br \/>\nelma, zeytinya\u011f\u0131, tavuk eti, tavuk yumurtas\u0131 ve tereya\u011f\u0131 gibi 20 \u00fcr\u00fcn yer al\u0131yordu. S\u00f6z konusu<br \/>\nyetkilendirme sonras\u0131, 28 \u015eubat 2022 tarihinde zeytinya\u011f\u0131, fasulye ve k\u0131rm\u0131z\u0131 mercimek ihracat\u0131na<br \/>\nk\u0131s\u0131tlama getirilmi\u015fti. Son yenileme ile liste kapsam\u0131 37 \u00fcr\u00fcne geni\u015fletilmi\u015f oldu.<\/p>\n<p><b>7. <\/b>Bo\u015f b\u0131rak\u0131lan, at\u0131l durumda bulunan ve nadasa b\u0131rak\u0131lan arazilerde tar\u0131msal \u00fcretim ile kurutma<br \/>\nve i\u015fleme tesisi kurulu\u015funa proje bedelinin y\u00fczde 75&#8217;ine kadar hibe deste\u011fi verilecek. Resmi<br \/>\nGazete&#8217;de yay\u0131mlanan Tar\u0131m Arazilerinin Kullan\u0131m\u0131n\u0131n Etkinle\u015ftirilmesinin Desteklenmesine \u0130li\u015fkin<br \/>\nCumhurba\u015fkan\u0131 Karar\u0131na g\u00f6re, bo\u015f ve at\u0131l arazilerde hububat, baklagil ve ya\u011fl\u0131 tohumlu bitkilerin<br \/>\n\u00fcretimi, i\u015flemeli tar\u0131ma uygun olmayan arazilerde ise katma de\u011feri y\u00fcksek bitki t\u00fcrlerinin \u00fcretime<br \/>\nkazand\u0131r\u0131lmas\u0131 konular\u0131 hibe deste\u011fi kapsam\u0131na al\u0131nd\u0131. Hasat sonras\u0131 kay\u0131plar\u0131 azaltmak ve katma<br \/>\nde\u011feri art\u0131rmak amac\u0131yla birincil \u00fcretim sonras\u0131 kurutma ve i\u015fleme tesisleri kurulu\u015fu, a\u015f\u0131lama, \u00e7e\u015fit<br \/>\nde\u011fi\u015fimi ve benzeri teknik uygulamalarla bitki t\u00fcrlerinde birim alandan elde edilen verimi art\u0131rmaya<br \/>\ny\u00f6nelik uygulamalara proje bedelinin y\u00fczde 75&#8217;ine kadar hibe deste\u011fi sa\u011flanacak.<\/p>\n<p><b>8. Korunan Alanlar\u0131n Tespit, Tescil ve Onay\u0131na \u0130li\u015fkin Usul ve Esaslara Dair Y\u00f6netmelik\u2019te<br \/>\nde\u011fi\u015fikliklere gidildi.<\/b> \u00c7evre, \u015eehircilik ve \u0130klim De\u011fi\u015fikli\u011fi Bakanl\u0131\u011f\u0131 taraf\u0131ndan 5 Mart 2022 tarihli<br \/>\nResmi Gazete\u2019de yay\u0131nlanan y\u00f6netmelikle, kesin koruma alt\u0131ndaki alanlarda kesin yap\u0131 yasa\u011f\u0131<br \/>\nolmakla birlikte; faaliyetlerin niteli\u011fine, i\u00e7eri\u011fine ve zorunluluk haline ili\u015fkin b\u00f6lge komisyonlar\u0131<br \/>\ntaraf\u0131ndan yap\u0131lacak de\u011ferlendirmeye g\u00f6re:<\/p>\n<ul>\n<li>Kamu menfaati gere\u011fi zorunluluk arz eden hallerde mevcut yol g\u00fczerg\u00e2h\u0131 kullan\u0131lmas\u0131<br \/>\nko\u015fuluyla at\u0131ksu, i\u00e7me suyu, do\u011falgaz ve elektrik hatlar\u0131,<\/li>\n<li>Ulusal g\u00fcvenlik i\u00e7in zaruret arz eden tesisler,<\/li>\n<li>Orman yang\u0131n yolu a\u00e7\u0131lmas\u0131na, ormanlar\u0131n bak\u0131m ve onar\u0131m\u0131na, biyotik zararl\u0131larla ve abiyotik<br \/>\n(yang\u0131n, sel, f\u0131rt\u0131na) etkenlerle m\u00fccadele edilmesine y\u00f6nelik \u00e7al\u0131\u015fmalar,<\/li>\n<li>Dalyan ve lag\u00fcn ekosistemlerinde do\u011fal dengenin devaml\u0131l\u0131\u011f\u0131n\u0131n sa\u011flanmas\u0131 amac\u0131yla ilgili<br \/>\nkamu kurum g\u00f6r\u00fc\u015fleri do\u011frultusunda ve herhangi bir yap\u0131 yap\u0131lmamak \u015fart\u0131yla alan\u0131n<br \/>\n\u00f6zelli\u011finden kaynaklanan geleneksel avc\u0131l\u0131k y\u00f6ntemleriyle yap\u0131lan bal\u0131k\u00e7\u0131l\u0131k faaliyetleri<br \/>\nyap\u0131labilecek,<\/li>\n<\/ul>\n<p><b>9. Elektrik \u00dcretim A\u015e&#8217;ye (E\u00dcA\u015e) ait Tekirda\u011f Do\u011falgaz Kombine \u00c7evrim A ve B santralleri ve<br \/>\nsantrallere ait araziler ile devletin tasarrufu alt\u0131nda bulunan deniz alanlar\u0131 \u00f6zelle\u015ftirme<br \/>\nkapsam\u0131na al\u0131nd\u0131.<\/b> Resmi Gazete&#8217;de yay\u0131mlanan iki ayr\u0131 Cumhurba\u015fkan\u0131 karar\u0131na g\u00f6re, her iki santral<br \/>\nve santrallere ait ta\u015f\u0131nmazlar varl\u0131k sat\u0131\u015f y\u00f6ntemiyle, devletin h\u00fck\u00fcm ve tasarrufu alt\u0131nda bulunan<br \/>\nkara ve deniz alanlar\u0131 ise i\u015fletme hakk\u0131n\u0131n verilmesi y\u00f6ntemiyle \u00f6zelle\u015ftirilecek. \u0130lanlara g\u00f6re,<br \/>\nTekirda\u011f Do\u011falgaz Kombine \u00c7evrim A Santraline ait Marmara Ere\u011flisi&#8217;nde toplam 21 arazi ve<br \/>\nkoordinatlar\u0131 belirli 15 deniz alan\u0131, Tekirda\u011f Do\u011falgaz Kombine \u00c7evrim B Santraline ait 5 arazi ve<br \/>\nkoordinatlar\u0131 belirli 24 deniz alan\u0131 bulunuyor. Her iki \u00f6zelle\u015ftirme i\u015flemi 31 Aral\u0131k 2025 tarihine<br \/>\nkadar tamamlanacak.<\/p>\n<p><b>10. N\u00fckleer D\u00fczenleme Kanunu Resmi Gazete&#8217;de yay\u0131mlanarak y\u00fcr\u00fcrl\u00fc\u011fe girdi.<\/b> N\u00fckleer enerji ve<br \/>\niyonla\u015ft\u0131r\u0131c\u0131 radyasyona ili\u015fkin faaliyetler ve bu faaliyetlerle ilgili ki\u015fi, tesis, cihaz ve maddeler bu<br \/>\nKanun kapsam\u0131nda olacak. Kanunun amac\u0131, bar\u0131\u015f\u00e7\u0131l kullan\u0131m ilkesi esas al\u0131narak, n\u00fckleer enerji ve<br \/>\niyonla\u015ft\u0131r\u0131c\u0131 radyasyona ili\u015fkin faaliyetlerin y\u00fcr\u00fct\u00fclmesi s\u0131ras\u0131nda \u00e7al\u0131\u015fanlar\u0131n, halk\u0131n, \u00e7evrenin ve\u00a0gelecek nesillerin iyonla\u015ft\u0131r\u0131c\u0131 radyasyonun olas\u0131 zararl\u0131 etkilerinden korunmas\u0131na y\u00f6nelik<br \/>\nuygulanmas\u0131 gereken ilke ve esaslar ile taraflar\u0131n sorumluluklar\u0131n\u0131, bu faaliyetler \u00fczerinde<br \/>\nd\u00fczenleyici kontrol yetkisini haiz N\u00fckleer D\u00fczenleme Kurumunun yetki ve sorumluluklar\u0131n\u0131 ve<br \/>\nn\u00fckleer hadiselerden kaynaklanan n\u00fckleer zararlar hakk\u0131ndaki hukuki sorumlulu\u011fu belirlemek<br \/>\nolarak g\u00f6sterildi.<\/p>\n<p><b>11. Rekabet Kurumu taraf\u0131ndan dijital platformlar, yaz\u0131l\u0131m ve oyun yaz\u0131l\u0131m\u0131 ile sa\u011fl\u0131k teknolojileri<br \/>\nalanlar\u0131nda faaliyet g\u00f6steren teknoloji te\u015febb\u00fcslerine ili\u015fkin bildirim y\u00fck\u00fcml\u00fcl\u00fc\u011f\u00fc getirildi.<\/b><br \/>\nResmi Gazete&#8217;de yay\u0131mlanan tebli\u011fe g\u00f6re, birle\u015fme ve devralma i\u015flemleri bak\u0131m\u0131ndan bildirime<br \/>\nesas al\u0131nan ciro e\u015fikleri y\u00fckseltildi: \u0130\u015flem taraflar\u0131n\u0131n T\u00fcrkiye cirolar\u0131 toplam\u0131n\u0131n 750 milyon liray\u0131<br \/>\nve i\u015flem taraflar\u0131ndan en az ikisinin T\u00fcrkiye cirolar\u0131n\u0131n ayr\u0131 ayr\u0131 250 milyon liray\u0131 veya devralma<br \/>\ni\u015flemlerinde devre konu varl\u0131k ya da faaliyetin, birle\u015fme i\u015flemlerinde ise i\u015flem taraflar\u0131ndan en az<br \/>\nbirinin T\u00fcrkiye cirosunun 250 milyon liray\u0131 ve di\u011fer i\u015flem taraflar\u0131ndan en az birinin d\u00fcnya<br \/>\ncirosunun 3 milyar liray\u0131 a\u015fmas\u0131 halinde, s\u00f6z konusu i\u015flemin hukuki ge\u00e7erlilik kazanabilmesi i\u00e7in<br \/>\nRekabet Kurulundan izin al\u0131nmas\u0131 zorunlu olacak. T\u00fcrkiye co\u011frafi pazar\u0131nda faaliyet g\u00f6steren veya<br \/>\nAr-Ge faaliyeti olan ya da T\u00fcrkiye&#8217;deki kullan\u0131c\u0131lara hizmet sunan teknoloji te\u015febb\u00fcslerinin<br \/>\ndevral\u0131nmas\u0131na ili\u015fkin i\u015flemlerde ise 250 milyon liral\u0131k e\u015fikler aranmayacak. Tebli\u011fde, &#8220;teknoloji<br \/>\nte\u015febb\u00fcsleri&#8221;, dijital platformlar, yaz\u0131l\u0131m ve oyun yaz\u0131l\u0131m\u0131, finansal teknolojiler, biyoteknoloji,<br \/>\nfarmakoloji, tar\u0131m kimyasallar\u0131 ve sa\u011fl\u0131k teknolojileri alanlar\u0131nda faaliyet g\u00f6steren te\u015febb\u00fcsler veya<br \/>\nbunlara ili\u015fkin varl\u0131klar olarak tan\u0131mland\u0131.\u00a0<\/p>\n<p><b>12. T\u00fcketicilerin korunmas\u0131na y\u00f6nelik tedbirlerin al\u0131nmas\u0131n\u0131 da i\u00e7eren kanun teklifi, TBMM<br \/>\nBa\u015fkanl\u0131\u011f\u0131na sunuldu<\/b>. Teklif ile taksitli sat\u0131\u015f s\u00f6zle\u015fmelerinde t\u00fcketicinin temerr\u00fcde d\u00fc\u015fmesi<br \/>\nhalinde kalan borcun tamam\u0131n\u0131n muaccel hale gelmesine ili\u015fkin ko\u015fullar\u0131n t\u00fcketici lehine olacak<br \/>\n\u015fekilde de\u011fi\u015ftirilmesi, cayma s\u00fcresi i\u00e7erisinde kredi borcunun tamam\u0131n\u0131 erken \u00f6deyen t\u00fcketicilerin<br \/>\nde cayma hakk\u0131n\u0131 kulland\u0131klar\u0131 kabul edilerek iadesi gerekli \u00fccretlerin de iadesinin sa\u011flanmas\u0131,<br \/>\nbelirsiz s\u00fcreli kredi s\u00f6zle\u015fmelerinde faiz oran\u0131ndaki indirimin y\u00fcr\u00fcrl\u00fc\u011fe girmesi i\u00e7in otuz g\u00fcn<br \/>\n\u00f6ncesinde bildirim yap\u0131lmas\u0131 \u015fart\u0131n\u0131n kald\u0131r\u0131lmas\u0131, \u00f6n \u00f6demeli konutlar i\u00e7in s\u00f6zle\u015fmede belirlenen<br \/>\nteslim tarihine uyulmas\u0131n\u0131n zorunlu hale getirilmesi, platformlar arac\u0131l\u0131\u011f\u0131 ile t\u00fcketicilerin taraf<br \/>\noldu\u011fu mesafeli s\u00f6zle\u015fmelere ili\u015fkin olarak arac\u0131 hizmet sa\u011flay\u0131c\u0131lara \u00e7e\u015fitli sorumluluklar<br \/>\ngetirilmesi, ayni hakka konu devre tatil s\u00f6zle\u015fmelerinin sadece Kat M\u00fclkiyeti Kanunu&#8217;nda belirtilen<br \/>\nusul ve esaslar kapsam\u0131nda devre m\u00fclk s\u00f6zle\u015fmesi \u015feklinde kurulmas\u0131n\u0131n zorunlu k\u0131l\u0131nmas\u0131,<br \/>\nt\u00fcketicinin devre tatil s\u00f6zle\u015fmesinden cayma hakk\u0131na y\u00f6nelik d\u00fczenleme yap\u0131lmas\u0131, ekonomik<br \/>\n\u00f6mr\u00fc tamamlanmam\u0131\u015f \u00fcr\u00fcnlerin donan\u0131m, yaz\u0131l\u0131m veya fiziki \u00f6zelliklerinde iyile\u015ftirme yap\u0131larak<br \/>\nyeniden ekonomiye kazand\u0131r\u0131lmas\u0131, \u00fcretici ve ithalat\u00e7\u0131lara, t\u00fcm yetkili servis istasyonlar\u0131na ili\u015fkin<br \/>\nbilgilerini Ticaret Bakanl\u0131\u011f\u0131nca kurulan sisteme kaydetme zorunlulu\u011fu getirilmesi, Bakanl\u0131k\u00e7a<br \/>\nbelirlenen kullan\u0131m \u00f6mr\u00fc s\u00fcresince \u00fcretici ve ithalat\u00e7\u0131lar taraf\u0131ndan mala ili\u015fkin sat\u0131\u015f sonras\u0131<br \/>\nhizmetin sa\u011flanmamas\u0131 durumunda t\u00fcketicilere zarar\u0131n tazminini talep etme hakk\u0131 verilmesi,<br \/>\nTicaret Bakanl\u0131\u011f\u0131na t\u00fcketici hakem heyetlerini olu\u015fturman\u0131n yan\u0131 s\u0131ra bunlar\u0131n yetki alanlar\u0131 ile i\u015f<br \/>\nb\u00f6l\u00fcm\u00fcn\u00fc belirlemeye y\u00f6nelik yetki tan\u0131nmas\u0131, t\u00fcketici hakem heyetlerinin i\u015f\u00a0 durumu dikkate\u00a0al\u0131narak verimli ve etkin \u00e7al\u0131\u015fmas\u0131n\u0131n sa\u011flanmas\u0131 amac\u0131 ile baz\u0131 d\u00fczenlemeler yap\u0131lmas\u0131, idari para<br \/>\ncezalar\u0131n\u0131n yeniden d\u00fczenlenmesi \u00f6ng\u00f6r\u00fclmektedir.<\/p>\n<p><\/p>\n<p>\u00a0<\/p>\n<p>\u00a0<\/p>\n<p>\u00a0<\/p>\n<p>Bu duyuru 664 defa okundu. <\/p>\n<p>Ekleme Tarihi :2022-03-10 02:49:00 <\/p>\n<\/p><\/div>\n","protected":false},"excerpt":{"rendered":"<p>Say\u0131n \u00dcyemiz,\u00a0 T\u00fcrkiye Ekonomi Politikalar\u0131 Ara\u015ft\u0131rma Vakf\u0131 (TEPAV) taraf\u0131ndan haz\u0131rlanan ekonomiyle ilgili \u00f6nemli karar ve de\u011fi\u015fikliklerle ilgili metin a\u015fa\u011f\u0131daki gibidir;\u00a0 1.\u00a0A\u00e7\u0131k alanlarda maske takma zorunlulu\u011fu kald\u0131r\u0131ld\u0131. AVM, sinema ve ula\u015f\u0131mda HES kodu ve PCR zorunlulu\u011fu kalkt\u0131. \u0130\u00e7i\u015fleri Bakanl\u0131\u011f\u0131 taraf\u0131ndan Covid-19 tedbirleri kapsam\u0131nda haz\u0131rlanan genelge valiliklere g\u00f6nderildi. Genelgeye g\u00f6re, maske kullan\u0131m\u0131, HES kodu sorgulamas\u0131 ve negatif [&hellip;]<\/p>\n","protected":false},"author":1,"featured_media":5650,"comment_status":"open","ping_status":"open","sticky":false,"template":"","format":"standard","meta":{"_jetpack_memberships_contains_paid_content":false,"footnotes":""},"categories":[3],"tags":[],"class_list":["post-4995","post","type-post","status-publish","format-standard","has-post-thumbnail","hentry","category-duyuru"],"jetpack_sharing_enabled":true,"jetpack_featured_media_url":"https:\/\/elazigtso.org.tr\/tr\/wp-content\/uploads\/2023\/07\/logo_news-80.jpg","_links":{"self":[{"href":"https:\/\/elazigtso.org.tr\/tr\/index.php\/wp-json\/wp\/v2\/posts\/4995","targetHints":{"allow":["GET"]}}],"collection":[{"href":"https:\/\/elazigtso.org.tr\/tr\/index.php\/wp-json\/wp\/v2\/posts"}],"about":[{"href":"https:\/\/elazigtso.org.tr\/tr\/index.php\/wp-json\/wp\/v2\/types\/post"}],"author":[{"embeddable":true,"href":"https:\/\/elazigtso.org.tr\/tr\/index.php\/wp-json\/wp\/v2\/users\/1"}],"replies":[{"embeddable":true,"href":"https:\/\/elazigtso.org.tr\/tr\/index.php\/wp-json\/wp\/v2\/comments?post=4995"}],"version-history":[{"count":0,"href":"https:\/\/elazigtso.org.tr\/tr\/index.php\/wp-json\/wp\/v2\/posts\/4995\/revisions"}],"wp:featuredmedia":[{"embeddable":true,"href":"https:\/\/elazigtso.org.tr\/tr\/index.php\/wp-json\/wp\/v2\/media\/5650"}],"wp:attachment":[{"href":"https:\/\/elazigtso.org.tr\/tr\/index.php\/wp-json\/wp\/v2\/media?parent=4995"}],"wp:term":[{"taxonomy":"category","embeddable":true,"href":"https:\/\/elazigtso.org.tr\/tr\/index.php\/wp-json\/wp\/v2\/categories?post=4995"},{"taxonomy":"post_tag","embeddable":true,"href":"https:\/\/elazigtso.org.tr\/tr\/index.php\/wp-json\/wp\/v2\/tags?post=4995"}],"curies":[{"name":"wp","href":"https:\/\/api.w.org\/{rel}","templated":true}]}}