{"id":4993,"date":"2023-07-26T13:28:23","date_gmt":"2023-07-26T10:28:23","guid":{"rendered":"http:\/\/elazigtso.com\/tr\/index.php\/2023\/07\/26\/atik-beyani\/"},"modified":"2023-07-26T13:28:23","modified_gmt":"2023-07-26T10:28:23","slug":"atik-beyani","status":"publish","type":"post","link":"https:\/\/elazigtso.org.tr\/tr\/index.php\/2023\/07\/26\/atik-beyani\/","title":{"rendered":"At\u0131k Beyan\u0131"},"content":{"rendered":"<\/p>\n<div class=\"content-detail\">\n<p>Say\u0131n \u00dcyemiz,<\/p>\n<p>\u00c7evre, \u015eehircilik ve \u0130klim De\u011fi\u015fikli\u011fi \u0130l M\u00fcd\u00fcrl\u00fc\u011f\u00fc taraf\u0131ndan Odam\u0131za g\u00f6nderilen yaz\u0131ya atfen,\u00a0At\u0131k Y\u00f6netimi Y\u00f6netmeli\u011fi&#8217;nin 9. Maddesinin (\u011f) bendine g\u00f6re; faaliyetleri s\u0131ras\u0131nda tehlikeli ve\/veya tehlikesiz at\u0131k olu\u015fturanlar At\u0131k Beyan Formunu bir \u00f6nceki y\u0131la ait bilgileri i\u00e7erecek \u015fekilde her y\u0131l ocak ay\u0131ndan ba\u015flamak \u00fczere en ge\u00e7 Mart ay\u0131 sonuna kadar Bakanl\u0131k\u00e7a haz\u0131rlanan \u00e7evrimi\u00e7i uygulamalar\u0131 Entegre \u00c7evre Bilgi Sistemi (E\u00c7BS)\/At\u0131k Beyan Sistemi (TABS) kullanarak doldurmak, onaylamak, \u00e7\u0131kt\u0131s\u0131n\u0131 almak ve be\u015f y\u0131l boyunca bir n\u00fcshas\u0131n\u0131 saklamakla y\u00fck\u00fcml\u00fcd\u00fcrler.<\/p>\n<p>Bu kapsamda;<\/p>\n<p>31.03.2022 tarihine kadar, TABS kullan\u0131larak 01\/01\/2021-31\/12\/2021 tarihleri aras\u0131nda geri<br \/>\nkazan\u0131m\/bertarafa g\u00f6nderilen ve stokta kalan t\u0131bbi at\u0131klar, bitkisel at\u0131k ya\u011flar, \u00f6mr\u00fcn\u00fc tamamlam\u0131\u015f<br \/>\nlastikler, at\u0131k madeni ya\u011flar vb. ile t\u00fcm tehlikeli ve tehlikesiz at\u0131klar i\u00e7in at\u0131k beyan formunun<br \/>\ndoldurulmas\u0131 ve onaylanmas\u0131, imzal\u0131 ve ka\u015feli bir \u00f6rne\u011finin denetimlerde ibraz edilmek \u00fczere<br \/>\nsaklanmas\u0131, ayr\u0131ca daha \u00f6nce E\u00c7BS kayd\u0131 bulunup 2021 y\u0131l\u0131 i\u00e7erisinde faaliyet g\u00f6stermemi\u015f\/at\u0131\u011f\u0131<br \/>\nolu\u015fmam\u0131\u015f ilgililerin de at\u0131k beyan formunu bo\u015f olmak \u00fczere kaydederek onaylamas\u0131 gerekmektedir.<\/p>\n<p>At\u0131klar\u0131n\u0131 Bakanl\u0131\u011f\u0131m\u0131zca lisansland\u0131r\u0131lm\u0131\u015f geri kazan\u0131m\/bertaraf tesislerine sevk etmeyen<br \/>\nve\/veya beyan y\u00fck\u00fcml\u00fcl\u00fc\u011f\u00fcn\u00fc yerine getirmeyen ki\u015fi\/kurum\/kurulu\u015flara 2872 Say\u0131l\u0131 \u00c7evre<br \/>\nKanunu&#8217;nun ilgili maddeleri gere\u011fince i\u015flem yap\u0131lacakt\u0131r.<\/p>\n<p>\u00a0<\/p>\n<p>Bu duyuru 851 defa okundu. <\/p>\n<p>Ekleme Tarihi :2022-03-07 10:56:00 <\/p>\n<\/p><\/div>\n","protected":false},"excerpt":{"rendered":"<p>Say\u0131n \u00dcyemiz, \u00c7evre, \u015eehircilik ve \u0130klim De\u011fi\u015fikli\u011fi \u0130l M\u00fcd\u00fcrl\u00fc\u011f\u00fc taraf\u0131ndan Odam\u0131za g\u00f6nderilen yaz\u0131ya atfen,\u00a0At\u0131k Y\u00f6netimi Y\u00f6netmeli\u011fi&#8217;nin 9. Maddesinin (\u011f) bendine g\u00f6re; faaliyetleri s\u0131ras\u0131nda tehlikeli ve\/veya tehlikesiz at\u0131k olu\u015fturanlar At\u0131k Beyan Formunu bir \u00f6nceki y\u0131la ait bilgileri i\u00e7erecek \u015fekilde her y\u0131l ocak ay\u0131ndan ba\u015flamak \u00fczere en ge\u00e7 Mart ay\u0131 sonuna kadar Bakanl\u0131k\u00e7a haz\u0131rlanan \u00e7evrimi\u00e7i uygulamalar\u0131 Entegre [&hellip;]<\/p>\n","protected":false},"author":1,"featured_media":5650,"comment_status":"open","ping_status":"open","sticky":false,"template":"","format":"standard","meta":{"_jetpack_memberships_contains_paid_content":false,"footnotes":""},"categories":[3],"tags":[],"class_list":["post-4993","post","type-post","status-publish","format-standard","has-post-thumbnail","hentry","category-duyuru"],"jetpack_sharing_enabled":true,"jetpack_featured_media_url":"https:\/\/elazigtso.org.tr\/tr\/wp-content\/uploads\/2023\/07\/logo_news-80.jpg","_links":{"self":[{"href":"https:\/\/elazigtso.org.tr\/tr\/index.php\/wp-json\/wp\/v2\/posts\/4993","targetHints":{"allow":["GET"]}}],"collection":[{"href":"https:\/\/elazigtso.org.tr\/tr\/index.php\/wp-json\/wp\/v2\/posts"}],"about":[{"href":"https:\/\/elazigtso.org.tr\/tr\/index.php\/wp-json\/wp\/v2\/types\/post"}],"author":[{"embeddable":true,"href":"https:\/\/elazigtso.org.tr\/tr\/index.php\/wp-json\/wp\/v2\/users\/1"}],"replies":[{"embeddable":true,"href":"https:\/\/elazigtso.org.tr\/tr\/index.php\/wp-json\/wp\/v2\/comments?post=4993"}],"version-history":[{"count":0,"href":"https:\/\/elazigtso.org.tr\/tr\/index.php\/wp-json\/wp\/v2\/posts\/4993\/revisions"}],"wp:featuredmedia":[{"embeddable":true,"href":"https:\/\/elazigtso.org.tr\/tr\/index.php\/wp-json\/wp\/v2\/media\/5650"}],"wp:attachment":[{"href":"https:\/\/elazigtso.org.tr\/tr\/index.php\/wp-json\/wp\/v2\/media?parent=4993"}],"wp:term":[{"taxonomy":"category","embeddable":true,"href":"https:\/\/elazigtso.org.tr\/tr\/index.php\/wp-json\/wp\/v2\/categories?post=4993"},{"taxonomy":"post_tag","embeddable":true,"href":"https:\/\/elazigtso.org.tr\/tr\/index.php\/wp-json\/wp\/v2\/tags?post=4993"}],"curies":[{"name":"wp","href":"https:\/\/api.w.org\/{rel}","templated":true}]}}