{"id":4964,"date":"2023-07-26T12:57:31","date_gmt":"2023-07-26T09:57:31","guid":{"rendered":"http:\/\/elazigtso.com\/tr\/index.php\/2023\/07\/26\/automechanika-buenos-aires-2022-fuari\/"},"modified":"2023-07-26T12:57:31","modified_gmt":"2023-07-26T09:57:31","slug":"automechanika-buenos-aires-2022-fuari","status":"publish","type":"post","link":"https:\/\/elazigtso.org.tr\/tr\/index.php\/2023\/07\/26\/automechanika-buenos-aires-2022-fuari\/","title":{"rendered":"Automechanika Buenos Aires 2022 Fuar\u0131"},"content":{"rendered":"<\/p>\n<div class=\"content-detail\">\n<p>Say\u0131n \u00dcyemiz,<\/p>\n<p>TOBB taraf\u0131ndan Odam\u0131za g\u00f6nderilen yaz\u0131da,\u00a0\u0130stanbul Ticaret Odas\u0131&#8217;n\u0131n 16.02.2022 tarihli ve 84329644\/17477 say\u0131l\u0131 yaz\u0131s\u0131na atfen,\u00a0Arjantin&#8217;in Buenos Aires \u015fehrinde iki y\u0131lda bir d\u00fczenlenen ve otomotiv sekt\u00f6r\u00fcndeki \u00f6nemli fuarlardan biri olarak kabul edilen Automechanika Buenos Aires 2022 Fuar\u0131 T\u00fcrkiye milli i\u015ftirak organizasyonunun 11-14 Ekim 2022 tarihleri aras\u0131nda \u0130stanbul Ticaret Odas\u0131 taraf\u0131ndan d\u00fczenlenece\u011fi bildirilmektedir.<\/p>\n<p>Yaz\u0131da devamla s\u00f6z konusu fuar\u0131n T\u00fcrkiye Milli \u0130\u015ftirak m\u00b2 kat\u0131l\u0131m bedelinin t\u00fcm ana hizmetler dahil 9.975 TL<br \/>\nve te\u015fvik kapsam\u0131nda oldu\u011fu belirtilmektedir.\n<\/p>\n<p>S\u00f6z konusu Fuara ili\u015fkin detayl\u0131 bilgilere ve kat\u0131l\u0131m s\u00f6zle\u015fmesine ekte ula\u015f\u0131labilmektedir.\u00a0<\/p>\n<p><a href=\"http:\/\/www.elazigtso.org.tr\/public\/docs_oda\/duyuru\/Automechanika_Buenos_Aires_2022.pdf\" target=\"_blank\" rel=\"noopener\">Ek:Automechanika Buenos Aires 2022 Fuar\u0131<\/a><\/p>\n<p>\u00a0<\/p>\n<p>Bu duyuru 645 defa okundu. <\/p>\n<p>Ekleme Tarihi :2022-02-25 11:24:00 <\/p>\n<\/p><\/div>\n","protected":false},"excerpt":{"rendered":"<p>Say\u0131n \u00dcyemiz, TOBB taraf\u0131ndan Odam\u0131za g\u00f6nderilen yaz\u0131da,\u00a0\u0130stanbul Ticaret Odas\u0131&#8217;n\u0131n 16.02.2022 tarihli ve 84329644\/17477 say\u0131l\u0131 yaz\u0131s\u0131na atfen,\u00a0Arjantin&#8217;in Buenos Aires \u015fehrinde iki y\u0131lda bir d\u00fczenlenen ve otomotiv sekt\u00f6r\u00fcndeki \u00f6nemli fuarlardan biri olarak kabul edilen Automechanika Buenos Aires 2022 Fuar\u0131 T\u00fcrkiye milli i\u015ftirak organizasyonunun 11-14 Ekim 2022 tarihleri aras\u0131nda \u0130stanbul Ticaret Odas\u0131 taraf\u0131ndan d\u00fczenlenece\u011fi bildirilmektedir. Yaz\u0131da devamla s\u00f6z [&hellip;]<\/p>\n","protected":false},"author":1,"featured_media":5650,"comment_status":"open","ping_status":"open","sticky":false,"template":"","format":"standard","meta":{"_jetpack_memberships_contains_paid_content":false,"footnotes":""},"categories":[3],"tags":[],"class_list":["post-4964","post","type-post","status-publish","format-standard","has-post-thumbnail","hentry","category-duyuru"],"jetpack_sharing_enabled":true,"jetpack_featured_media_url":"https:\/\/elazigtso.org.tr\/tr\/wp-content\/uploads\/2023\/07\/logo_news-80.jpg","_links":{"self":[{"href":"https:\/\/elazigtso.org.tr\/tr\/index.php\/wp-json\/wp\/v2\/posts\/4964","targetHints":{"allow":["GET"]}}],"collection":[{"href":"https:\/\/elazigtso.org.tr\/tr\/index.php\/wp-json\/wp\/v2\/posts"}],"about":[{"href":"https:\/\/elazigtso.org.tr\/tr\/index.php\/wp-json\/wp\/v2\/types\/post"}],"author":[{"embeddable":true,"href":"https:\/\/elazigtso.org.tr\/tr\/index.php\/wp-json\/wp\/v2\/users\/1"}],"replies":[{"embeddable":true,"href":"https:\/\/elazigtso.org.tr\/tr\/index.php\/wp-json\/wp\/v2\/comments?post=4964"}],"version-history":[{"count":0,"href":"https:\/\/elazigtso.org.tr\/tr\/index.php\/wp-json\/wp\/v2\/posts\/4964\/revisions"}],"wp:featuredmedia":[{"embeddable":true,"href":"https:\/\/elazigtso.org.tr\/tr\/index.php\/wp-json\/wp\/v2\/media\/5650"}],"wp:attachment":[{"href":"https:\/\/elazigtso.org.tr\/tr\/index.php\/wp-json\/wp\/v2\/media?parent=4964"}],"wp:term":[{"taxonomy":"category","embeddable":true,"href":"https:\/\/elazigtso.org.tr\/tr\/index.php\/wp-json\/wp\/v2\/categories?post=4964"},{"taxonomy":"post_tag","embeddable":true,"href":"https:\/\/elazigtso.org.tr\/tr\/index.php\/wp-json\/wp\/v2\/tags?post=4964"}],"curies":[{"name":"wp","href":"https:\/\/api.w.org\/{rel}","templated":true}]}}