{"id":4960,"date":"2023-07-26T12:53:15","date_gmt":"2023-07-26T09:53:15","guid":{"rendered":"http:\/\/elazigtso.com\/tr\/index.php\/2023\/07\/26\/kazak-turk-is-forumu-nur-sultan\/"},"modified":"2023-07-26T12:53:15","modified_gmt":"2023-07-26T09:53:15","slug":"kazak-turk-is-forumu-nur-sultan","status":"publish","type":"post","link":"https:\/\/elazigtso.org.tr\/tr\/index.php\/2023\/07\/26\/kazak-turk-is-forumu-nur-sultan\/","title":{"rendered":"Kazak &#8211; T\u00fcrk \u0130\u015f Forumu &#8211; Nur Sultan"},"content":{"rendered":"<\/p>\n<div class=\"content-detail\">\n<p>Say\u0131n \u00dcyemiz,<\/p>\n<p>TOBB taraf\u0131ndan Odam\u0131za g\u00f6nderilen yaz\u0131da,\u00a0D\u0131\u015f Ekonomik \u0130li\u015fkiler Kurulu&#8217;nun 23.02.2022 tarih ve KAZ\/2022 &#8211; 0154 say\u0131l\u0131 yaz\u0131s\u0131na atfen. T\u00fcrkiye-Kazakistan H\u00fck\u00fcmetler aras\u0131 Karma Ekonomik Komisyonu (KEK) 12. D\u00f6nem Toplant\u0131s\u0131 vesilesiyle KEK E\u015f Ba\u015fkan\u0131 T.C. Cumhurba\u015fkan\u0131 Yard\u0131mc\u0131m\u0131z Say\u0131n Fuat Oktay&#8217;\u0131n yapaca\u011f\u0131 Kazakistan ziyareti kapsam\u0131nda, 4 Mart 2022, Cuma g\u00fcn\u00fc Nur-Sultan&#8217;da T\u00fcrkiye-Kazakistan \u0130\u015f Forumu&#8217;nun d\u00fczenlenece\u011fi bildirilmektedir.<\/p>\n<p>S\u00f6z konusu \u0130\u015f Forumuna kat\u0131lmay\u0131 arzu eden firma ve kurum temsilcilerinin 28 \u015eubat 2022, Pazartesi g\u00fcn\u00fc saat 18:00&#8217;e kadar ba\u011flant\u0131dan (https:\/\/portal.deik.org.tr\/KatilimFormu\/1368\/18132 ) DE\u0130K2022 referans koduyla indirimli olarak kay\u0131t olu\u015fturabilirler.<\/p>\n<p><\/p>\n<p>\u00a0<\/p>\n<p>Bu duyuru 658 defa okundu. <\/p>\n<p>Ekleme Tarihi :2022-02-24 10:12:00 <\/p>\n<\/p><\/div>\n","protected":false},"excerpt":{"rendered":"<p>Say\u0131n \u00dcyemiz, TOBB taraf\u0131ndan Odam\u0131za g\u00f6nderilen yaz\u0131da,\u00a0D\u0131\u015f Ekonomik \u0130li\u015fkiler Kurulu&#8217;nun 23.02.2022 tarih ve KAZ\/2022 &#8211; 0154 say\u0131l\u0131 yaz\u0131s\u0131na atfen. T\u00fcrkiye-Kazakistan H\u00fck\u00fcmetler aras\u0131 Karma Ekonomik Komisyonu (KEK) 12. D\u00f6nem Toplant\u0131s\u0131 vesilesiyle KEK E\u015f Ba\u015fkan\u0131 T.C. Cumhurba\u015fkan\u0131 Yard\u0131mc\u0131m\u0131z Say\u0131n Fuat Oktay&#8217;\u0131n yapaca\u011f\u0131 Kazakistan ziyareti kapsam\u0131nda, 4 Mart 2022, Cuma g\u00fcn\u00fc Nur-Sultan&#8217;da T\u00fcrkiye-Kazakistan \u0130\u015f Forumu&#8217;nun d\u00fczenlenece\u011fi bildirilmektedir. S\u00f6z [&hellip;]<\/p>\n","protected":false},"author":1,"featured_media":5650,"comment_status":"open","ping_status":"open","sticky":false,"template":"","format":"standard","meta":{"_jetpack_memberships_contains_paid_content":false,"footnotes":""},"categories":[3],"tags":[],"class_list":["post-4960","post","type-post","status-publish","format-standard","has-post-thumbnail","hentry","category-duyuru"],"jetpack_sharing_enabled":true,"jetpack_featured_media_url":"https:\/\/elazigtso.org.tr\/tr\/wp-content\/uploads\/2023\/07\/logo_news-80.jpg","_links":{"self":[{"href":"https:\/\/elazigtso.org.tr\/tr\/index.php\/wp-json\/wp\/v2\/posts\/4960","targetHints":{"allow":["GET"]}}],"collection":[{"href":"https:\/\/elazigtso.org.tr\/tr\/index.php\/wp-json\/wp\/v2\/posts"}],"about":[{"href":"https:\/\/elazigtso.org.tr\/tr\/index.php\/wp-json\/wp\/v2\/types\/post"}],"author":[{"embeddable":true,"href":"https:\/\/elazigtso.org.tr\/tr\/index.php\/wp-json\/wp\/v2\/users\/1"}],"replies":[{"embeddable":true,"href":"https:\/\/elazigtso.org.tr\/tr\/index.php\/wp-json\/wp\/v2\/comments?post=4960"}],"version-history":[{"count":0,"href":"https:\/\/elazigtso.org.tr\/tr\/index.php\/wp-json\/wp\/v2\/posts\/4960\/revisions"}],"wp:featuredmedia":[{"embeddable":true,"href":"https:\/\/elazigtso.org.tr\/tr\/index.php\/wp-json\/wp\/v2\/media\/5650"}],"wp:attachment":[{"href":"https:\/\/elazigtso.org.tr\/tr\/index.php\/wp-json\/wp\/v2\/media?parent=4960"}],"wp:term":[{"taxonomy":"category","embeddable":true,"href":"https:\/\/elazigtso.org.tr\/tr\/index.php\/wp-json\/wp\/v2\/categories?post=4960"},{"taxonomy":"post_tag","embeddable":true,"href":"https:\/\/elazigtso.org.tr\/tr\/index.php\/wp-json\/wp\/v2\/tags?post=4960"}],"curies":[{"name":"wp","href":"https:\/\/api.w.org\/{rel}","templated":true}]}}