{"id":4953,"date":"2023-07-26T12:45:17","date_gmt":"2023-07-26T09:45:17","guid":{"rendered":"http:\/\/elazigtso.com\/tr\/index.php\/2023\/07\/26\/irak-basrada-duzenlenecek-cicek-fuari\/"},"modified":"2023-07-26T12:45:17","modified_gmt":"2023-07-26T09:45:17","slug":"irak-basrada-duzenlenecek-cicek-fuari","status":"publish","type":"post","link":"https:\/\/elazigtso.org.tr\/tr\/index.php\/2023\/07\/26\/irak-basrada-duzenlenecek-cicek-fuari\/","title":{"rendered":"Irak\/Basra&#8217;da D\u00fczenlenecek \u00c7i\u00e7ek Fuar\u0131"},"content":{"rendered":"<\/p>\n<div class=\"content-detail\">\n<p>Say\u0131n \u00dcyemiz,<\/p>\n<p>TOBB taraf\u0131ndan Odam\u0131za g\u00f6nderilen yaz\u0131da,\u00a0Ticaret Bakanl\u0131\u011f\u0131&#8217;n\u0131n 15.02.2022 tarihli ve E-52229414-724.01.01-00071964608 say\u0131l\u0131 yaz\u0131s\u0131na atfen,\u00a0Basra Valili\u011fi taraf\u0131ndan, Basra Uluslararas\u0131 Stadyumu&#8217;nda 1-2 Mart 2022 tarihlerinde Uluslararas\u0131 \u00c7icek Fuar\u0131&#8217;n\u0131n d\u00fczenlenece\u011fi ve s\u00f6z konusu fuara peyzaj ve bah\u00e7e d\u00fczenlemesi hizmetleri yapan firmalar ile belediyelerin davet edildi\u011finin Basra Ba\u015fkonsoloslu\u011fumuza iletildi\u011fi belirtilmektedir.<\/p>\n<p>Yaz\u0131da devamla, bahse konu fuara ilgi duyabilecek firmalar\u0131n, Basra Valili\u011fi&#8217;ne y\u00f6nlendirilmek \u00fczere an\u0131lan<br \/>\nBa\u015fkonsoloslu\u011fumuz ile temas edebilece\u011fi ifade edilmektedir.<\/p>\n<p>\u00a0<\/p>\n<p>\u00a0<\/p>\n<p>Bu duyuru 620 defa okundu. <\/p>\n<p>Ekleme Tarihi :2022-02-17 10:07:00 <\/p>\n<\/p><\/div>\n","protected":false},"excerpt":{"rendered":"<p>Say\u0131n \u00dcyemiz, TOBB taraf\u0131ndan Odam\u0131za g\u00f6nderilen yaz\u0131da,\u00a0Ticaret Bakanl\u0131\u011f\u0131&#8217;n\u0131n 15.02.2022 tarihli ve E-52229414-724.01.01-00071964608 say\u0131l\u0131 yaz\u0131s\u0131na atfen,\u00a0Basra Valili\u011fi taraf\u0131ndan, Basra Uluslararas\u0131 Stadyumu&#8217;nda 1-2 Mart 2022 tarihlerinde Uluslararas\u0131 \u00c7icek Fuar\u0131&#8217;n\u0131n d\u00fczenlenece\u011fi ve s\u00f6z konusu fuara peyzaj ve bah\u00e7e d\u00fczenlemesi hizmetleri yapan firmalar ile belediyelerin davet edildi\u011finin Basra Ba\u015fkonsoloslu\u011fumuza iletildi\u011fi belirtilmektedir. Yaz\u0131da devamla, bahse konu fuara ilgi duyabilecek firmalar\u0131n, [&hellip;]<\/p>\n","protected":false},"author":1,"featured_media":5650,"comment_status":"open","ping_status":"open","sticky":false,"template":"","format":"standard","meta":{"_jetpack_memberships_contains_paid_content":false,"footnotes":""},"categories":[3],"tags":[],"class_list":["post-4953","post","type-post","status-publish","format-standard","has-post-thumbnail","hentry","category-duyuru"],"jetpack_sharing_enabled":true,"jetpack_featured_media_url":"https:\/\/elazigtso.org.tr\/tr\/wp-content\/uploads\/2023\/07\/logo_news-80.jpg","_links":{"self":[{"href":"https:\/\/elazigtso.org.tr\/tr\/index.php\/wp-json\/wp\/v2\/posts\/4953","targetHints":{"allow":["GET"]}}],"collection":[{"href":"https:\/\/elazigtso.org.tr\/tr\/index.php\/wp-json\/wp\/v2\/posts"}],"about":[{"href":"https:\/\/elazigtso.org.tr\/tr\/index.php\/wp-json\/wp\/v2\/types\/post"}],"author":[{"embeddable":true,"href":"https:\/\/elazigtso.org.tr\/tr\/index.php\/wp-json\/wp\/v2\/users\/1"}],"replies":[{"embeddable":true,"href":"https:\/\/elazigtso.org.tr\/tr\/index.php\/wp-json\/wp\/v2\/comments?post=4953"}],"version-history":[{"count":0,"href":"https:\/\/elazigtso.org.tr\/tr\/index.php\/wp-json\/wp\/v2\/posts\/4953\/revisions"}],"wp:featuredmedia":[{"embeddable":true,"href":"https:\/\/elazigtso.org.tr\/tr\/index.php\/wp-json\/wp\/v2\/media\/5650"}],"wp:attachment":[{"href":"https:\/\/elazigtso.org.tr\/tr\/index.php\/wp-json\/wp\/v2\/media?parent=4953"}],"wp:term":[{"taxonomy":"category","embeddable":true,"href":"https:\/\/elazigtso.org.tr\/tr\/index.php\/wp-json\/wp\/v2\/categories?post=4953"},{"taxonomy":"post_tag","embeddable":true,"href":"https:\/\/elazigtso.org.tr\/tr\/index.php\/wp-json\/wp\/v2\/tags?post=4953"}],"curies":[{"name":"wp","href":"https:\/\/api.w.org\/{rel}","templated":true}]}}