{"id":4943,"date":"2023-07-26T12:35:14","date_gmt":"2023-07-26T09:35:14","guid":{"rendered":"http:\/\/elazigtso.com\/tr\/index.php\/2023\/07\/26\/turkiye-yatirim-platformu-bilgilendirme-toplantisi-daveti\/"},"modified":"2023-07-26T12:35:14","modified_gmt":"2023-07-26T09:35:14","slug":"turkiye-yatirim-platformu-bilgilendirme-toplantisi-daveti","status":"publish","type":"post","link":"https:\/\/elazigtso.org.tr\/tr\/index.php\/2023\/07\/26\/turkiye-yatirim-platformu-bilgilendirme-toplantisi-daveti\/","title":{"rendered":"T\u00fcrkiye Yat\u0131r\u0131m Platformu Bilgilendirme Toplant\u0131s\u0131 Daveti"},"content":{"rendered":"<\/p>\n<div class=\"content-detail\">\n<p style=\"margin-right: auto;margin-bottom: 26px;margin-left: auto;line-height: 1.8 !important\">Say\u0131n \u00dcyemiz,<\/p>\n<p style=\"margin-right: auto;margin-bottom: 26px;margin-left: auto;line-height: 1.8 !important\">D\u0131\u015fi\u015fleri Bakan Yard\u0131mc\u0131s\u0131, AB Ba\u015fkan\u0131, Kat\u0131l\u0131m \u00d6ncesi Yard\u0131m Arac\u0131 (IPA) Ulusal Koordinat\u00f6r\u00fc (NIPAC) B\u00fcy\u00fckel\u00e7i Say\u0131n Faruk Kaymakc\u0131 ba\u015fkanl\u0131\u011f\u0131nda, Avrupa Komisyonu DG NEAR Genel M\u00fcd\u00fcr Vekili Say\u0131n Maciej Popowski ve Avrupa Komisyonu temsilcilerinin yan\u0131 s\u0131ra, AB T\u00fcrkiye Delegasyonu temsilcilerinin kat\u0131l\u0131m\u0131yla\u00a0<b>16 \u015eubat 2022 tarihinde saat 15:30\u2019da<\/b>\u00a0\u00f6zel sekt\u00f6r kurulu\u015flar\u0131na y\u00f6nelik \u00e7evrimi\u00e7i, \u201cT\u00fcrkiye Yat\u0131r\u0131m Platformu Bilgilendirme Toplant\u0131s\u0131\u201d ger\u00e7ekle\u015ftirilecektir.<\/p>\n<p style=\"margin-right: auto;margin-bottom: 26px;margin-left: auto;line-height: 1.8 !important\">Toplant\u0131 davet bilgisi<br \/><a href=\"https:\/\/zoom.us\/j\/98600422120?pwd=SnhyR0RtR1dpNnE4ckpnUFllZnlBQT09\" target=\"_blank\" rel=\"noreferrer noopener\">https:\/\/zoom.us\/j\/98600422120?pwd=SnhyR0RtR1dpNnE4ckpnUFllZnlBQT09<\/a><\/p>\n<p style=\"margin-right: auto;margin-bottom: 26px;margin-left: auto;line-height: 1.8 !important\"><b>Toplant\u0131 ID: 986 0042 2120<br \/>Toplant\u0131 \u015eifresi: 018148<\/b><\/p>\n<p style=\"margin-right: auto;margin-bottom: 26px;margin-left: auto;line-height: 1.8 !important\">\u00dcyelerimize \u00f6nemle duyurulur.<\/p>\n<p>\u00a0<\/p>\n<p>Bu duyuru 692 defa okundu. <\/p>\n<p>Ekleme Tarihi :2022-02-15 02:39:00 <\/p>\n<\/p><\/div>\n","protected":false},"excerpt":{"rendered":"<p>Say\u0131n \u00dcyemiz, D\u0131\u015fi\u015fleri Bakan Yard\u0131mc\u0131s\u0131, AB Ba\u015fkan\u0131, Kat\u0131l\u0131m \u00d6ncesi Yard\u0131m Arac\u0131 (IPA) Ulusal Koordinat\u00f6r\u00fc (NIPAC) B\u00fcy\u00fckel\u00e7i Say\u0131n Faruk Kaymakc\u0131 ba\u015fkanl\u0131\u011f\u0131nda, Avrupa Komisyonu DG NEAR Genel M\u00fcd\u00fcr Vekili Say\u0131n Maciej Popowski ve Avrupa Komisyonu temsilcilerinin yan\u0131 s\u0131ra, AB T\u00fcrkiye Delegasyonu temsilcilerinin kat\u0131l\u0131m\u0131yla\u00a016 \u015eubat 2022 tarihinde saat 15:30\u2019da\u00a0\u00f6zel sekt\u00f6r kurulu\u015flar\u0131na y\u00f6nelik \u00e7evrimi\u00e7i, \u201cT\u00fcrkiye Yat\u0131r\u0131m Platformu Bilgilendirme Toplant\u0131s\u0131\u201d [&hellip;]<\/p>\n","protected":false},"author":1,"featured_media":5650,"comment_status":"open","ping_status":"open","sticky":false,"template":"","format":"standard","meta":{"_jetpack_memberships_contains_paid_content":false,"footnotes":""},"categories":[3],"tags":[],"class_list":["post-4943","post","type-post","status-publish","format-standard","has-post-thumbnail","hentry","category-duyuru"],"jetpack_sharing_enabled":true,"jetpack_featured_media_url":"https:\/\/elazigtso.org.tr\/tr\/wp-content\/uploads\/2023\/07\/logo_news-80.jpg","_links":{"self":[{"href":"https:\/\/elazigtso.org.tr\/tr\/index.php\/wp-json\/wp\/v2\/posts\/4943","targetHints":{"allow":["GET"]}}],"collection":[{"href":"https:\/\/elazigtso.org.tr\/tr\/index.php\/wp-json\/wp\/v2\/posts"}],"about":[{"href":"https:\/\/elazigtso.org.tr\/tr\/index.php\/wp-json\/wp\/v2\/types\/post"}],"author":[{"embeddable":true,"href":"https:\/\/elazigtso.org.tr\/tr\/index.php\/wp-json\/wp\/v2\/users\/1"}],"replies":[{"embeddable":true,"href":"https:\/\/elazigtso.org.tr\/tr\/index.php\/wp-json\/wp\/v2\/comments?post=4943"}],"version-history":[{"count":0,"href":"https:\/\/elazigtso.org.tr\/tr\/index.php\/wp-json\/wp\/v2\/posts\/4943\/revisions"}],"wp:featuredmedia":[{"embeddable":true,"href":"https:\/\/elazigtso.org.tr\/tr\/index.php\/wp-json\/wp\/v2\/media\/5650"}],"wp:attachment":[{"href":"https:\/\/elazigtso.org.tr\/tr\/index.php\/wp-json\/wp\/v2\/media?parent=4943"}],"wp:term":[{"taxonomy":"category","embeddable":true,"href":"https:\/\/elazigtso.org.tr\/tr\/index.php\/wp-json\/wp\/v2\/categories?post=4943"},{"taxonomy":"post_tag","embeddable":true,"href":"https:\/\/elazigtso.org.tr\/tr\/index.php\/wp-json\/wp\/v2\/tags?post=4943"}],"curies":[{"name":"wp","href":"https:\/\/api.w.org\/{rel}","templated":true}]}}