{"id":4940,"date":"2023-07-26T12:33:04","date_gmt":"2023-07-26T09:33:04","guid":{"rendered":"http:\/\/elazigtso.com\/tr\/index.php\/2023\/07\/26\/nebu-expo-for-gold-jewelery\/"},"modified":"2023-07-26T12:33:04","modified_gmt":"2023-07-26T09:33:04","slug":"nebu-expo-for-gold-jewelery","status":"publish","type":"post","link":"https:\/\/elazigtso.org.tr\/tr\/index.php\/2023\/07\/26\/nebu-expo-for-gold-jewelery\/","title":{"rendered":"Nebu Expo for Gold &amp; Jewelery"},"content":{"rendered":"<\/p>\n<div class=\"content-detail\">\n<p>Say\u0131n \u00dcyemiz,<\/p>\n<p>TOBB taraf\u0131ndan Odam\u0131za g\u00f6nderilen yaz\u0131da,\u00a0M\u0131s\u0131r Ba\u015fkonsoloslu\u011fu&#8217;nun 01.02.2022 tarihli yaz\u0131s\u0131na atfen,\u00a0&#8220;Nebu Expo for Gold &amp; Jewellery&#8221; sergi ve konferans\u0131n\u0131n 19 \u2013 21 \u015eubat 2022 tarihleri aras\u0131nda Kahire Royal Maxim Palace Kempinski Hotel&#8217;de, 25&#8217;in \u00fczerinde b\u00fcy\u00fck alt\u0131n \u015firketinin kat\u0131l\u0131m\u0131yla ger\u00e7ekle\u015ftirilece\u011fi bildirilmektedir.<\/p>\n<p>\u0130lgili etkinli\u011fin bro\u015f\u00fcr\u00fc ve kat plan\u0131 ekte iletilmekte olup, konuya ili\u015fkin a\u015fa\u011f\u0131da sunulan e-posta ve web sitesi<br \/>\n\u00fczerinden bilgi al\u0131nmas\u0131 m\u00fcmk\u00fcnd\u00fcr:\n<\/p>\n<p>E-posta: nebuexpo.gold@gmail.com<\/p>\n<\/p>\n<p>Web sitesi: <a href=\"http:\/\/www.nebugoldexpo.com\">www.nebugoldexpo.com<\/a><\/p>\n<p><a href=\"http:\/\/www.elazigtso.org.tr\/public\/docs_oda\/duyuru\/Nebu_Expo_For_Gold_Jewelery.pdf\" target=\"_blank\" rel=\"noopener\">Ek: Nebu Expo for Gold &amp; Jewelery<\/a><\/p>\n<p>\u00a0<\/p>\n<p>Bu duyuru 618 defa okundu. <\/p>\n<p>Ekleme Tarihi :2022-02-11 11:06:00 <\/p>\n<\/p><\/div>\n","protected":false},"excerpt":{"rendered":"<p>Say\u0131n \u00dcyemiz, TOBB taraf\u0131ndan Odam\u0131za g\u00f6nderilen yaz\u0131da,\u00a0M\u0131s\u0131r Ba\u015fkonsoloslu\u011fu&#8217;nun 01.02.2022 tarihli yaz\u0131s\u0131na atfen,\u00a0&#8220;Nebu Expo for Gold &amp; Jewellery&#8221; sergi ve konferans\u0131n\u0131n 19 \u2013 21 \u015eubat 2022 tarihleri aras\u0131nda Kahire Royal Maxim Palace Kempinski Hotel&#8217;de, 25&#8217;in \u00fczerinde b\u00fcy\u00fck alt\u0131n \u015firketinin kat\u0131l\u0131m\u0131yla ger\u00e7ekle\u015ftirilece\u011fi bildirilmektedir. \u0130lgili etkinli\u011fin bro\u015f\u00fcr\u00fc ve kat plan\u0131 ekte iletilmekte olup, konuya ili\u015fkin a\u015fa\u011f\u0131da sunulan e-posta [&hellip;]<\/p>\n","protected":false},"author":1,"featured_media":5650,"comment_status":"open","ping_status":"open","sticky":false,"template":"","format":"standard","meta":{"_jetpack_memberships_contains_paid_content":false,"footnotes":""},"categories":[3],"tags":[],"class_list":["post-4940","post","type-post","status-publish","format-standard","has-post-thumbnail","hentry","category-duyuru"],"jetpack_sharing_enabled":true,"jetpack_featured_media_url":"https:\/\/elazigtso.org.tr\/tr\/wp-content\/uploads\/2023\/07\/logo_news-80.jpg","_links":{"self":[{"href":"https:\/\/elazigtso.org.tr\/tr\/index.php\/wp-json\/wp\/v2\/posts\/4940","targetHints":{"allow":["GET"]}}],"collection":[{"href":"https:\/\/elazigtso.org.tr\/tr\/index.php\/wp-json\/wp\/v2\/posts"}],"about":[{"href":"https:\/\/elazigtso.org.tr\/tr\/index.php\/wp-json\/wp\/v2\/types\/post"}],"author":[{"embeddable":true,"href":"https:\/\/elazigtso.org.tr\/tr\/index.php\/wp-json\/wp\/v2\/users\/1"}],"replies":[{"embeddable":true,"href":"https:\/\/elazigtso.org.tr\/tr\/index.php\/wp-json\/wp\/v2\/comments?post=4940"}],"version-history":[{"count":0,"href":"https:\/\/elazigtso.org.tr\/tr\/index.php\/wp-json\/wp\/v2\/posts\/4940\/revisions"}],"wp:featuredmedia":[{"embeddable":true,"href":"https:\/\/elazigtso.org.tr\/tr\/index.php\/wp-json\/wp\/v2\/media\/5650"}],"wp:attachment":[{"href":"https:\/\/elazigtso.org.tr\/tr\/index.php\/wp-json\/wp\/v2\/media?parent=4940"}],"wp:term":[{"taxonomy":"category","embeddable":true,"href":"https:\/\/elazigtso.org.tr\/tr\/index.php\/wp-json\/wp\/v2\/categories?post=4940"},{"taxonomy":"post_tag","embeddable":true,"href":"https:\/\/elazigtso.org.tr\/tr\/index.php\/wp-json\/wp\/v2\/tags?post=4940"}],"curies":[{"name":"wp","href":"https:\/\/api.w.org\/{rel}","templated":true}]}}