{"id":4938,"date":"2023-07-26T12:31:05","date_gmt":"2023-07-26T09:31:05","guid":{"rendered":"http:\/\/elazigtso.com\/tr\/index.php\/2023\/07\/26\/icdt-fuar-daveti\/"},"modified":"2023-07-26T12:31:05","modified_gmt":"2023-07-26T09:31:05","slug":"icdt-fuar-daveti","status":"publish","type":"post","link":"https:\/\/elazigtso.org.tr\/tr\/index.php\/2023\/07\/26\/icdt-fuar-daveti\/","title":{"rendered":"ICDT\/Fuar daveti"},"content":{"rendered":"<\/p>\n<div class=\"content-detail\">\n<p>Say\u0131n \u00dcyemiz,<\/p>\n<p>TOBB taraf\u0131ndan Odam\u0131za g\u00f6nderilen yaz\u0131da,\u00a0D\u0131\u015fi\u015fleri Bakanl\u0131\u011f\u0131&#8217;n\u0131n 07.02.2022 tarihli ve 33951020 say\u0131l\u0131 yaz\u0131s\u0131na atfen,\u00a0ilgili \u0130SEDAK kararlar\u0131 \u0131\u015f\u0131\u011f\u0131nda, Senegal Ticaret ve KOB\u0130&#8217;ler Bakanl\u0131\u011f\u0131, ICDT ve Senegal D\u0131\u015f Ticaret Uluslararas\u0131 Merkezi&#8217;nin i\u015fbirli\u011fiyle, 17&#8217;inci \u0130\u0130T \u00dcye Devletler Ticaret Fuar\u0131&#8217;n\u0131n 13-19 Haziran 2022 tarihleri aras\u0131nda Dakar&#8217;da d\u00fczenlenece\u011fi bildirilmekte olup, konuya ili\u015fkin olarak \u0130slam Ticareti Geli\u015ftirme Merkezi (ICDT) Genel Direkt\u00f6r\u00fc Latifa El Bouabdellaoui&#8217;nin Say\u0131n Ticaret Bakan\u0131m\u0131z\u0131 muhatap mektubu iletilmektedir.<\/p>\n<p>Bahse konu mektup ve kat\u0131l\u0131m detaylar\u0131n\u0131 i\u00e7eren dok\u00fcmanlar ekte sunulmaktad\u0131r.<\/p>\n<p><a href=\"http:\/\/www.elazigtso.org.tr\/public\/docs_oda\/duyuru\/ICDT_Fuardaveti.pdf\" target=\"_blank\" rel=\"noopener\">Ek:ICDT\/Fuar daveti<\/a><\/p>\n<p>\u00a0<\/p>\n<p>Bu duyuru 483 defa okundu. <\/p>\n<p>Ekleme Tarihi :2022-02-11 10:53:00 <\/p>\n<\/p><\/div>\n","protected":false},"excerpt":{"rendered":"<p>Say\u0131n \u00dcyemiz, TOBB taraf\u0131ndan Odam\u0131za g\u00f6nderilen yaz\u0131da,\u00a0D\u0131\u015fi\u015fleri Bakanl\u0131\u011f\u0131&#8217;n\u0131n 07.02.2022 tarihli ve 33951020 say\u0131l\u0131 yaz\u0131s\u0131na atfen,\u00a0ilgili \u0130SEDAK kararlar\u0131 \u0131\u015f\u0131\u011f\u0131nda, Senegal Ticaret ve KOB\u0130&#8217;ler Bakanl\u0131\u011f\u0131, ICDT ve Senegal D\u0131\u015f Ticaret Uluslararas\u0131 Merkezi&#8217;nin i\u015fbirli\u011fiyle, 17&#8217;inci \u0130\u0130T \u00dcye Devletler Ticaret Fuar\u0131&#8217;n\u0131n 13-19 Haziran 2022 tarihleri aras\u0131nda Dakar&#8217;da d\u00fczenlenece\u011fi bildirilmekte olup, konuya ili\u015fkin olarak \u0130slam Ticareti Geli\u015ftirme Merkezi (ICDT) Genel [&hellip;]<\/p>\n","protected":false},"author":1,"featured_media":5650,"comment_status":"open","ping_status":"open","sticky":false,"template":"","format":"standard","meta":{"_jetpack_memberships_contains_paid_content":false,"footnotes":""},"categories":[3],"tags":[],"class_list":["post-4938","post","type-post","status-publish","format-standard","has-post-thumbnail","hentry","category-duyuru"],"jetpack_sharing_enabled":true,"jetpack_featured_media_url":"https:\/\/elazigtso.org.tr\/tr\/wp-content\/uploads\/2023\/07\/logo_news-80.jpg","_links":{"self":[{"href":"https:\/\/elazigtso.org.tr\/tr\/index.php\/wp-json\/wp\/v2\/posts\/4938","targetHints":{"allow":["GET"]}}],"collection":[{"href":"https:\/\/elazigtso.org.tr\/tr\/index.php\/wp-json\/wp\/v2\/posts"}],"about":[{"href":"https:\/\/elazigtso.org.tr\/tr\/index.php\/wp-json\/wp\/v2\/types\/post"}],"author":[{"embeddable":true,"href":"https:\/\/elazigtso.org.tr\/tr\/index.php\/wp-json\/wp\/v2\/users\/1"}],"replies":[{"embeddable":true,"href":"https:\/\/elazigtso.org.tr\/tr\/index.php\/wp-json\/wp\/v2\/comments?post=4938"}],"version-history":[{"count":0,"href":"https:\/\/elazigtso.org.tr\/tr\/index.php\/wp-json\/wp\/v2\/posts\/4938\/revisions"}],"wp:featuredmedia":[{"embeddable":true,"href":"https:\/\/elazigtso.org.tr\/tr\/index.php\/wp-json\/wp\/v2\/media\/5650"}],"wp:attachment":[{"href":"https:\/\/elazigtso.org.tr\/tr\/index.php\/wp-json\/wp\/v2\/media?parent=4938"}],"wp:term":[{"taxonomy":"category","embeddable":true,"href":"https:\/\/elazigtso.org.tr\/tr\/index.php\/wp-json\/wp\/v2\/categories?post=4938"},{"taxonomy":"post_tag","embeddable":true,"href":"https:\/\/elazigtso.org.tr\/tr\/index.php\/wp-json\/wp\/v2\/tags?post=4938"}],"curies":[{"name":"wp","href":"https:\/\/api.w.org\/{rel}","templated":true}]}}