{"id":4935,"date":"2023-07-26T12:27:03","date_gmt":"2023-07-26T09:27:03","guid":{"rendered":"http:\/\/elazigtso.com\/tr\/index.php\/2023\/07\/26\/d-8-proje-destek-fonu\/"},"modified":"2023-07-26T12:27:03","modified_gmt":"2023-07-26T09:27:03","slug":"d-8-proje-destek-fonu","status":"publish","type":"post","link":"https:\/\/elazigtso.org.tr\/tr\/index.php\/2023\/07\/26\/d-8-proje-destek-fonu\/","title":{"rendered":"D-8 Proje Destek Fonu"},"content":{"rendered":"<\/p>\n<div class=\"content-detail\">\n<p>Say\u0131n \u00dcyemiz,\u00a0<\/p>\n<p>TOBB taraf\u0131ndan Odam\u0131za g\u00f6nderilen yaz\u0131da,\u00a0D\u0131\u015fi\u015fleri Bakanl\u0131\u011f\u0131\u2019n\u0131n 04.02.2022 tarih ve 33946988 say\u0131l\u0131 yaz\u0131s\u0131na atfen,\u00a0\u00dclkemiz ile Banglade\u015f, Endonezya, \u0130ran, Malezya, M\u0131s\u0131r, Nijerya ve Pakistan&#8217;dan olu\u015fan Geli\u015fen Sekiz \u00dclke (D-8) Ekonomik \u0130\u015fbirli\u011fi Te\u015fkilat\u0131, \u00fcye \u00fclkeler aras\u0131nda kalk\u0131nmaya y\u00f6nelik i\u015fbirli\u011fini geli\u015ftirmek, ekonomik ve sosyal ili\u015fkileri zenginle\u015ftirmek amac\u0131yla 1997 y\u0131l\u0131nda kurulmu\u015f olan bir \u00f6rg\u00fctt\u00fcr.<\/p>\n<p>Birli\u011fimiz, D-8 marj\u0131nda kurulmu\u015f olan D-8 Ticaret ve Sanayi Odalar\u0131&#8217;n\u0131n (D-8 TSO) kurucu \u00fcyesidir. \u00dclkemizin D-8 2017-2021 d\u00f6nem ba\u015fkanl\u0131\u011f\u0131 \u00e7er\u00e7evesinde, D-8 TSO D\u00f6nem ba\u015fkanl\u0131\u011f\u0131 da Birli\u011fimizce y\u00fcr\u00fct\u00fclm\u00fc\u015ft\u00fcr. 20 Ekim 2018 tarihinde d\u00fczenlenen 9. D-8 Zirvesi&#8217;nde D-8 proje faaliyetlerinde kullan\u0131lmak \u00fczere Proje Destek Fonu olu\u015fturma fikri ortaya \u00e7\u0131km\u0131\u015ft\u0131r.<\/p>\n<p>Bu \u00e7er\u00e7evede, ilgide kay\u0131tl\u0131 yaz\u0131da, D-8 Sekretaryas\u0131&#8217;ndan al\u0131nan Nota&#8217;ya atfen, D-8 \u00e7er\u00e7evesindeki<br \/>\ntar\u0131m, sanayi, ticaret, enerji, turizm, ula\u015ft\u0131rma ve sa\u011fl\u0131k alanlar\u0131nda proje ve programlar\u0131n uygulanmas\u0131<br \/>\ni\u00e7in yap\u0131lacak \u00f6n fizibilite ve fizibilite \u00e7al\u0131\u015fmalar\u0131n\u0131n desteklenmesi amac\u0131yla D-8 Proje Destek Fonu&#8217;nun<br \/>\nkuruldu\u011fu ve bu Fondan istifade etmek isteyen D-8 \u00dcyesi \u00fclkelerin proje tekliflerini D-8 Sekretaryas\u0131&#8217;na<br \/>\niletmeleri gerekti\u011fi ifade edilmektedir.\n<\/p>\n<p>D-8 Komisyonu taraf\u0131ndan se\u00e7ilecek olan projede; en az 3 D-8 \u00fcyesi \u00fclkenin yer almas\u0131 gerekmektedir.<br \/>\n\u00d6n fizibilite ve fizibilite \u00e7al\u0131\u015fmalar\u0131 i\u00e7in D-8 taraf\u0131ndan, proje ba\u015f\u0131na en fazla 20.000 Avro kadar bir<br \/>\nfinansman sa\u011flanmas\u0131, uygulama s\u00fcresinin ise en fazla 12 ay olmas\u0131 \u00f6ng\u00f6r\u00fclmektedir.\n<\/p>\n<p>D-8 Proje Destek Fonu&#8217;nun Ba\u015fvuru \u015eartnamesi ile Proje Teklif Formu ekte sunulmakta olup, an\u0131lan<br \/>\nFondan yararlanmak isteyen firmalar\u0131n 30 Nisan 2022 tarihine kadar Proje Teklif Formu&#8217;nu doldurarak<br \/>\nD-8 Sekretaryas\u0131&#8217;n\u0131n yetkilisine (Mr. Sheikh Mohammad Moinuddin, IT Expert, E-posta:<br \/>\nmoin.uddin@developing8.org; Cep: 0506 395 61 83) iletmesi gerekmektedir.<\/p>\n<p><a href=\"http:\/\/www.elazigtso.org.tr\/public\/docs_oda\/duyuru\/D-8ProjeDestekFonu%20%281%29.pdf\" target=\"_blank\" rel=\"noopener\">Ek:D-8 Proje Destek Fonu<\/a><\/p>\n<p>\u00a0<\/p>\n<p>Bu duyuru 482 defa okundu. <\/p>\n<p>Ekleme Tarihi :2022-02-11 10:44:00 <\/p>\n<\/p><\/div>\n","protected":false},"excerpt":{"rendered":"<p>Say\u0131n \u00dcyemiz,\u00a0 TOBB taraf\u0131ndan Odam\u0131za g\u00f6nderilen yaz\u0131da,\u00a0D\u0131\u015fi\u015fleri Bakanl\u0131\u011f\u0131\u2019n\u0131n 04.02.2022 tarih ve 33946988 say\u0131l\u0131 yaz\u0131s\u0131na atfen,\u00a0\u00dclkemiz ile Banglade\u015f, Endonezya, \u0130ran, Malezya, M\u0131s\u0131r, Nijerya ve Pakistan&#8217;dan olu\u015fan Geli\u015fen Sekiz \u00dclke (D-8) Ekonomik \u0130\u015fbirli\u011fi Te\u015fkilat\u0131, \u00fcye \u00fclkeler aras\u0131nda kalk\u0131nmaya y\u00f6nelik i\u015fbirli\u011fini geli\u015ftirmek, ekonomik ve sosyal ili\u015fkileri zenginle\u015ftirmek amac\u0131yla 1997 y\u0131l\u0131nda kurulmu\u015f olan bir \u00f6rg\u00fctt\u00fcr. Birli\u011fimiz, D-8 marj\u0131nda kurulmu\u015f [&hellip;]<\/p>\n","protected":false},"author":1,"featured_media":5650,"comment_status":"open","ping_status":"open","sticky":false,"template":"","format":"standard","meta":{"_jetpack_memberships_contains_paid_content":false,"footnotes":""},"categories":[3],"tags":[],"class_list":["post-4935","post","type-post","status-publish","format-standard","has-post-thumbnail","hentry","category-duyuru"],"jetpack_sharing_enabled":true,"jetpack_featured_media_url":"https:\/\/elazigtso.org.tr\/tr\/wp-content\/uploads\/2023\/07\/logo_news-80.jpg","_links":{"self":[{"href":"https:\/\/elazigtso.org.tr\/tr\/index.php\/wp-json\/wp\/v2\/posts\/4935","targetHints":{"allow":["GET"]}}],"collection":[{"href":"https:\/\/elazigtso.org.tr\/tr\/index.php\/wp-json\/wp\/v2\/posts"}],"about":[{"href":"https:\/\/elazigtso.org.tr\/tr\/index.php\/wp-json\/wp\/v2\/types\/post"}],"author":[{"embeddable":true,"href":"https:\/\/elazigtso.org.tr\/tr\/index.php\/wp-json\/wp\/v2\/users\/1"}],"replies":[{"embeddable":true,"href":"https:\/\/elazigtso.org.tr\/tr\/index.php\/wp-json\/wp\/v2\/comments?post=4935"}],"version-history":[{"count":0,"href":"https:\/\/elazigtso.org.tr\/tr\/index.php\/wp-json\/wp\/v2\/posts\/4935\/revisions"}],"wp:featuredmedia":[{"embeddable":true,"href":"https:\/\/elazigtso.org.tr\/tr\/index.php\/wp-json\/wp\/v2\/media\/5650"}],"wp:attachment":[{"href":"https:\/\/elazigtso.org.tr\/tr\/index.php\/wp-json\/wp\/v2\/media?parent=4935"}],"wp:term":[{"taxonomy":"category","embeddable":true,"href":"https:\/\/elazigtso.org.tr\/tr\/index.php\/wp-json\/wp\/v2\/categories?post=4935"},{"taxonomy":"post_tag","embeddable":true,"href":"https:\/\/elazigtso.org.tr\/tr\/index.php\/wp-json\/wp\/v2\/tags?post=4935"}],"curies":[{"name":"wp","href":"https:\/\/api.w.org\/{rel}","templated":true}]}}