{"id":4933,"date":"2023-07-26T12:25:06","date_gmt":"2023-07-26T09:25:06","guid":{"rendered":"http:\/\/elazigtso.com\/tr\/index.php\/2023\/07\/26\/21-devlet-turk-sanatlari-yarismasi\/"},"modified":"2023-07-26T12:25:06","modified_gmt":"2023-07-26T09:25:06","slug":"21-devlet-turk-sanatlari-yarismasi","status":"publish","type":"post","link":"https:\/\/elazigtso.org.tr\/tr\/index.php\/2023\/07\/26\/21-devlet-turk-sanatlari-yarismasi\/","title":{"rendered":"21. Devlet T\u00fcrk Sanatlar\u0131 Yar\u0131\u015fmas\u0131"},"content":{"rendered":"<\/p>\n<div class=\"content-detail\">\n<p>Say\u0131n \u00dcyemiz,<\/p>\n<p>Elaz\u0131\u011f Valili\u011fi\u00a0\u0130l K\u00fclt\u00fcr ve Turizm M\u00fcd\u00fcrl\u00fc\u011f\u00fc taraf\u0131ndan Odam\u0131za g\u00f6nderilen yaz\u0131ya atfen,\u00a0Bakanl\u0131\u011f\u0131m\u0131z G\u00fczel Sanatlar Genel M\u00fcd\u00fcrl\u00fc\u011f\u00fcnden al\u0131nan 21.01.2022 tarih ve 103.01.03-2119716 say\u0131l\u0131 yaz\u0131ya istinaden Bakanl\u0131\u011f\u0131m\u0131z taraf\u0131ndan &#8220;H\u00fcsn-i Hat&#8221;, &#8220;Tezhip&#8221;, &#8220;Minyat\u00fcr,&#8221; &#8220;\u00c7ini&#8221;, &#8220;Ebru&#8221;,&#8221;Kalemi\u015fi&#8221;,&#8221;Kat\u0131&#8221; kategorilerinde 21. Devlet T\u00fcrk Sanatlar\u0131 Yar\u0131\u015fmas\u0131 d\u00fczenlenecektir.<\/p>\n<p>S\u00f6z konusu yar\u0131\u015fmaya ili\u015fkin bilgi ve \u015fartname https:\/\/gorselsanat.ktb.gov.tr adresinde yer<br \/>\nalmaktad\u0131r.<\/p>\n<p>\u00a0<\/p>\n<p>Bu duyuru 371 defa okundu. <\/p>\n<p>Ekleme Tarihi :2022-02-10 10:17:00 <\/p>\n<\/p><\/div>\n","protected":false},"excerpt":{"rendered":"<p>Say\u0131n \u00dcyemiz, Elaz\u0131\u011f Valili\u011fi\u00a0\u0130l K\u00fclt\u00fcr ve Turizm M\u00fcd\u00fcrl\u00fc\u011f\u00fc taraf\u0131ndan Odam\u0131za g\u00f6nderilen yaz\u0131ya atfen,\u00a0Bakanl\u0131\u011f\u0131m\u0131z G\u00fczel Sanatlar Genel M\u00fcd\u00fcrl\u00fc\u011f\u00fcnden al\u0131nan 21.01.2022 tarih ve 103.01.03-2119716 say\u0131l\u0131 yaz\u0131ya istinaden Bakanl\u0131\u011f\u0131m\u0131z taraf\u0131ndan &#8220;H\u00fcsn-i Hat&#8221;, &#8220;Tezhip&#8221;, &#8220;Minyat\u00fcr,&#8221; &#8220;\u00c7ini&#8221;, &#8220;Ebru&#8221;,&#8221;Kalemi\u015fi&#8221;,&#8221;Kat\u0131&#8221; kategorilerinde 21. Devlet T\u00fcrk Sanatlar\u0131 Yar\u0131\u015fmas\u0131 d\u00fczenlenecektir. S\u00f6z konusu yar\u0131\u015fmaya ili\u015fkin bilgi ve \u015fartname https:\/\/gorselsanat.ktb.gov.tr adresinde yer almaktad\u0131r. \u00a0 Bu duyuru 371 [&hellip;]<\/p>\n","protected":false},"author":1,"featured_media":5650,"comment_status":"open","ping_status":"open","sticky":false,"template":"","format":"standard","meta":{"_jetpack_memberships_contains_paid_content":false,"footnotes":""},"categories":[3],"tags":[],"class_list":["post-4933","post","type-post","status-publish","format-standard","has-post-thumbnail","hentry","category-duyuru"],"jetpack_sharing_enabled":true,"jetpack_featured_media_url":"https:\/\/elazigtso.org.tr\/tr\/wp-content\/uploads\/2023\/07\/logo_news-80.jpg","_links":{"self":[{"href":"https:\/\/elazigtso.org.tr\/tr\/index.php\/wp-json\/wp\/v2\/posts\/4933","targetHints":{"allow":["GET"]}}],"collection":[{"href":"https:\/\/elazigtso.org.tr\/tr\/index.php\/wp-json\/wp\/v2\/posts"}],"about":[{"href":"https:\/\/elazigtso.org.tr\/tr\/index.php\/wp-json\/wp\/v2\/types\/post"}],"author":[{"embeddable":true,"href":"https:\/\/elazigtso.org.tr\/tr\/index.php\/wp-json\/wp\/v2\/users\/1"}],"replies":[{"embeddable":true,"href":"https:\/\/elazigtso.org.tr\/tr\/index.php\/wp-json\/wp\/v2\/comments?post=4933"}],"version-history":[{"count":0,"href":"https:\/\/elazigtso.org.tr\/tr\/index.php\/wp-json\/wp\/v2\/posts\/4933\/revisions"}],"wp:featuredmedia":[{"embeddable":true,"href":"https:\/\/elazigtso.org.tr\/tr\/index.php\/wp-json\/wp\/v2\/media\/5650"}],"wp:attachment":[{"href":"https:\/\/elazigtso.org.tr\/tr\/index.php\/wp-json\/wp\/v2\/media?parent=4933"}],"wp:term":[{"taxonomy":"category","embeddable":true,"href":"https:\/\/elazigtso.org.tr\/tr\/index.php\/wp-json\/wp\/v2\/categories?post=4933"},{"taxonomy":"post_tag","embeddable":true,"href":"https:\/\/elazigtso.org.tr\/tr\/index.php\/wp-json\/wp\/v2\/tags?post=4933"}],"curies":[{"name":"wp","href":"https:\/\/api.w.org\/{rel}","templated":true}]}}