{"id":4930,"date":"2023-07-26T12:23:01","date_gmt":"2023-07-26T09:23:01","guid":{"rendered":"http:\/\/elazigtso.com\/tr\/index.php\/2023\/07\/26\/tehlikeli-narenciye-zararlisinin-israilde-tespiti\/"},"modified":"2023-07-26T12:23:01","modified_gmt":"2023-07-26T09:23:01","slug":"tehlikeli-narenciye-zararlisinin-israilde-tespiti","status":"publish","type":"post","link":"https:\/\/elazigtso.org.tr\/tr\/index.php\/2023\/07\/26\/tehlikeli-narenciye-zararlisinin-israilde-tespiti\/","title":{"rendered":"Tehlikeli Narenciye Zararl\u0131s\u0131n\u0131n \u0130srail\u2019de Tespiti"},"content":{"rendered":"<\/p>\n<div class=\"content-detail\">\n<p>Say\u0131n \u00dcyemiz,<\/p>\n<p>TOBB taraf\u0131ndan Odam\u0131za g\u00f6nderilen yaz\u0131da,\u00a0Cumhurba\u015fkanl\u0131\u011f\u0131&#8217;ndan al\u0131nan 29.01.2022 tarihli ve 375 say\u0131l\u0131 yaz\u0131, a\u015fa\u011f\u0131da bir \u00f6rne\u011fi sunulan ilgi yaz\u0131da, \u0130srail Tar\u0131m ve K\u0131rsal Kalk\u0131nma Bakanl\u0131\u011f\u0131&#8217;n\u0131n 26 Ocak 2022 tarihinde yapt\u0131\u011f\u0131 a\u00e7\u0131klamaya atfen, narenciye bah\u00e7e sahalar\u0131na zarar veren &#8220;ye\u015fillenme&#8221; hastal\u0131\u011f\u0131n\u0131n \u0130srail&#8217;de g\u00f6r\u00fcld\u00fc\u011f\u00fc a\u00e7\u0131klanm\u0131\u015f olup, s\u00f6z konusu hastal\u0131\u011fa neden olan b\u00f6ceklerin t\u00fcm \u00fclke sath\u0131na yay\u0131lm\u0131\u015f olabilece\u011finin tahmin edildi\u011fi ifade edilmi\u015ftir.<\/p>\n<p>Yaz\u0131da devamla, \u0130srail&#8217;e \u00fcr\u00fcn ta\u015f\u0131yan TIR kamyonlar\u0131n\u0131n \u00fclkemizde narenciye havzas\u0131 olan Mersin&#8217;den<br \/>\n\u0130srail&#8217;deki narenciye ekimi yap\u0131ld\u0131\u011f\u0131 bilinen noktalara mal ta\u015f\u0131malar\u0131 sebebiyle, an\u0131lan hastal\u0131\u011f\u0131n ilgili<br \/>\nkurum\/kurulu\u015flar\u0131n dikkatine sunulmas\u0131 talep edilmi\u015ftir.<\/p>\n<p>1. \u0130srail Tar\u0131m ve K\u0131rsal Kalk\u0131nma Bakanl\u0131\u011f\u0131&#8217;nca, 26 Ocak tarihinde yap\u0131lan a\u00e7\u0131klamada<br \/>\n\u00f6zetle, vekt\u00f6r b\u00f6cekler veya enfekte a\u015f\u0131 dallar\u0131yla bula\u015ft\u0131\u011f\u0131 bilinen, zirai ila\u00e7lamayla<br \/>\n\u00f6nlenemeyen ve \u00f6rne\u011fin Florida gibi b\u00f6lgelerde narenciye bah\u00e7e sahalar\u0131n\u0131n t\u00fcmden<br \/>\ns\u00f6k\u00fclmesine neden olan &#8220;ye\u015fillenme&#8221; hastal\u0131\u011f\u0131n\u0131n, \u0130srail&#8217;de de tespit edildi\u011fi bildirilmektedir.<\/p>\n<p>A\u00e7\u0131klamada, hastal\u0131\u011fa neden olan b\u00f6ceklerin ilk olarak Tel Aviv ile Hayfa aras\u0131ndaki Emek<br \/>\nHefer havzas\u0131nda tespit edildi\u011fi, ancak zararl\u0131 b\u00f6ceklerin t\u00fcm \u00fclke sath\u0131na yay\u0131lm\u0131\u015f<br \/>\nolabilece\u011finin tahmin edildi\u011fi bildirilmektedir.\n<\/p>\n<p>2. \u0130srail ile narenciye alan\u0131ndaki ticaretimizin artmas\u0131 ihtimali \u00e7er\u00e7evesinde ve \u0130srail&#8217;e ihra\u00e7<br \/>\n\u00fcr\u00fcnlerimizi ta\u015f\u0131yan TIR kamyonlar\u0131n\u0131n \u00fclkemizde narenciye havzas\u0131 olan Mersin&#8217;den hareket<br \/>\nediyor ve \u0130srail&#8217;de narenciye ekimi yap\u0131ld\u0131\u011f\u0131 bilinen noktalara mal ta\u015f\u0131yor olduklar\u0131 cihetle, keyfiyetin ilgili kurum ve kurulu\u015flar\u0131m\u0131z\u0131n dikkatine getirilmesinde fayda g\u00f6r\u00fclmektedir.<\/p>\n<p>\nSayg\u0131yla arz olunur.\u00a0<\/p>\n<p>\u00a0<\/p>\n<p>Bu duyuru 776 defa okundu. <\/p>\n<p>Ekleme Tarihi :2022-02-10 01:21:00 <\/p>\n<\/p><\/div>\n","protected":false},"excerpt":{"rendered":"<p>Say\u0131n \u00dcyemiz, TOBB taraf\u0131ndan Odam\u0131za g\u00f6nderilen yaz\u0131da,\u00a0Cumhurba\u015fkanl\u0131\u011f\u0131&#8217;ndan al\u0131nan 29.01.2022 tarihli ve 375 say\u0131l\u0131 yaz\u0131, a\u015fa\u011f\u0131da bir \u00f6rne\u011fi sunulan ilgi yaz\u0131da, \u0130srail Tar\u0131m ve K\u0131rsal Kalk\u0131nma Bakanl\u0131\u011f\u0131&#8217;n\u0131n 26 Ocak 2022 tarihinde yapt\u0131\u011f\u0131 a\u00e7\u0131klamaya atfen, narenciye bah\u00e7e sahalar\u0131na zarar veren &#8220;ye\u015fillenme&#8221; hastal\u0131\u011f\u0131n\u0131n \u0130srail&#8217;de g\u00f6r\u00fcld\u00fc\u011f\u00fc a\u00e7\u0131klanm\u0131\u015f olup, s\u00f6z konusu hastal\u0131\u011fa neden olan b\u00f6ceklerin t\u00fcm \u00fclke sath\u0131na yay\u0131lm\u0131\u015f olabilece\u011finin [&hellip;]<\/p>\n","protected":false},"author":1,"featured_media":5650,"comment_status":"open","ping_status":"open","sticky":false,"template":"","format":"standard","meta":{"_jetpack_memberships_contains_paid_content":false,"footnotes":""},"categories":[3],"tags":[],"class_list":["post-4930","post","type-post","status-publish","format-standard","has-post-thumbnail","hentry","category-duyuru"],"jetpack_sharing_enabled":true,"jetpack_featured_media_url":"https:\/\/elazigtso.org.tr\/tr\/wp-content\/uploads\/2023\/07\/logo_news-80.jpg","_links":{"self":[{"href":"https:\/\/elazigtso.org.tr\/tr\/index.php\/wp-json\/wp\/v2\/posts\/4930","targetHints":{"allow":["GET"]}}],"collection":[{"href":"https:\/\/elazigtso.org.tr\/tr\/index.php\/wp-json\/wp\/v2\/posts"}],"about":[{"href":"https:\/\/elazigtso.org.tr\/tr\/index.php\/wp-json\/wp\/v2\/types\/post"}],"author":[{"embeddable":true,"href":"https:\/\/elazigtso.org.tr\/tr\/index.php\/wp-json\/wp\/v2\/users\/1"}],"replies":[{"embeddable":true,"href":"https:\/\/elazigtso.org.tr\/tr\/index.php\/wp-json\/wp\/v2\/comments?post=4930"}],"version-history":[{"count":0,"href":"https:\/\/elazigtso.org.tr\/tr\/index.php\/wp-json\/wp\/v2\/posts\/4930\/revisions"}],"wp:featuredmedia":[{"embeddable":true,"href":"https:\/\/elazigtso.org.tr\/tr\/index.php\/wp-json\/wp\/v2\/media\/5650"}],"wp:attachment":[{"href":"https:\/\/elazigtso.org.tr\/tr\/index.php\/wp-json\/wp\/v2\/media?parent=4930"}],"wp:term":[{"taxonomy":"category","embeddable":true,"href":"https:\/\/elazigtso.org.tr\/tr\/index.php\/wp-json\/wp\/v2\/categories?post=4930"},{"taxonomy":"post_tag","embeddable":true,"href":"https:\/\/elazigtso.org.tr\/tr\/index.php\/wp-json\/wp\/v2\/tags?post=4930"}],"curies":[{"name":"wp","href":"https:\/\/api.w.org\/{rel}","templated":true}]}}