{"id":4927,"date":"2023-07-26T12:19:39","date_gmt":"2023-07-26T09:19:39","guid":{"rendered":"http:\/\/elazigtso.com\/tr\/index.php\/2023\/07\/26\/balkan-is-odulleri-2022\/"},"modified":"2023-07-26T12:19:39","modified_gmt":"2023-07-26T09:19:39","slug":"balkan-is-odulleri-2022","status":"publish","type":"post","link":"https:\/\/elazigtso.org.tr\/tr\/index.php\/2023\/07\/26\/balkan-is-odulleri-2022\/","title":{"rendered":"Balkan \u0130\u015f \u00d6d\u00fclleri 2022"},"content":{"rendered":"<\/p>\n<div class=\"content-detail\">\n<p>Say\u0131n \u00dcyemiz,<\/p>\n<p>TOBB taraf\u0131ndan Odam\u0131za g\u00f6nderilen yaz\u0131da,\u00a0Bulgaristan Ticaret ve Sanayi Odas\u0131&#8217;n\u0131n 01.02.2022 tarih ve 82 say\u0131l\u0131 yaz\u0131s\u0131na atfen,\u00a0Balkan Odalar Birli\u011fi&#8217;nin de katk\u0131lar\u0131yla d\u00fczenlenen 8. Balkan \u0130\u015f \u00d6d\u00fclleri&#8217;nin, 25 Mart 2022 tarihinde, Kosova&#8217;n\u0131n ba\u015fkenti Piri\u015ftine&#8217;deki Emerald Otel&#8217;de ger\u00e7ekle\u015ftirilece\u011fi bildirilmektedir. \u00d6d\u00fcl t\u00f6reninin Balkan \u00fclkelerindeki ba\u015far\u0131l\u0131 i\u015f ve sanayi \u00e7evrelerini bir araya getirmeyi ama\u00e7lamaktad\u0131r.<\/p>\n<p>T\u00f6ren ile ilgili detayl\u0131 bilgi http:\/\/vipcompr.com\/balkan-business-awards-will-honor-business-leaders-2022\/<br \/>\nadresinde yer almaktad\u0131r. Organizasyon ile ilgili detayl\u0131 bilgi i\u00e7in ise Bulgaristan Ticaret ve Sanayi Odas\u0131<br \/>\n(+359 2 8117 489; m.markova@bcci.bg) ile irtibata ge\u00e7ilebilir.<\/p>\n<p>\u00a0<\/p>\n<p>Bu duyuru 819 defa okundu. <\/p>\n<p>Ekleme Tarihi :2022-02-09 10:12:00 <\/p>\n<\/p><\/div>\n","protected":false},"excerpt":{"rendered":"<p>Say\u0131n \u00dcyemiz, TOBB taraf\u0131ndan Odam\u0131za g\u00f6nderilen yaz\u0131da,\u00a0Bulgaristan Ticaret ve Sanayi Odas\u0131&#8217;n\u0131n 01.02.2022 tarih ve 82 say\u0131l\u0131 yaz\u0131s\u0131na atfen,\u00a0Balkan Odalar Birli\u011fi&#8217;nin de katk\u0131lar\u0131yla d\u00fczenlenen 8. Balkan \u0130\u015f \u00d6d\u00fclleri&#8217;nin, 25 Mart 2022 tarihinde, Kosova&#8217;n\u0131n ba\u015fkenti Piri\u015ftine&#8217;deki Emerald Otel&#8217;de ger\u00e7ekle\u015ftirilece\u011fi bildirilmektedir. \u00d6d\u00fcl t\u00f6reninin Balkan \u00fclkelerindeki ba\u015far\u0131l\u0131 i\u015f ve sanayi \u00e7evrelerini bir araya getirmeyi ama\u00e7lamaktad\u0131r. T\u00f6ren ile ilgili detayl\u0131 [&hellip;]<\/p>\n","protected":false},"author":1,"featured_media":5650,"comment_status":"open","ping_status":"open","sticky":false,"template":"","format":"standard","meta":{"_jetpack_memberships_contains_paid_content":false,"footnotes":""},"categories":[3],"tags":[],"class_list":["post-4927","post","type-post","status-publish","format-standard","has-post-thumbnail","hentry","category-duyuru"],"jetpack_sharing_enabled":true,"jetpack_featured_media_url":"https:\/\/elazigtso.org.tr\/tr\/wp-content\/uploads\/2023\/07\/logo_news-80.jpg","_links":{"self":[{"href":"https:\/\/elazigtso.org.tr\/tr\/index.php\/wp-json\/wp\/v2\/posts\/4927","targetHints":{"allow":["GET"]}}],"collection":[{"href":"https:\/\/elazigtso.org.tr\/tr\/index.php\/wp-json\/wp\/v2\/posts"}],"about":[{"href":"https:\/\/elazigtso.org.tr\/tr\/index.php\/wp-json\/wp\/v2\/types\/post"}],"author":[{"embeddable":true,"href":"https:\/\/elazigtso.org.tr\/tr\/index.php\/wp-json\/wp\/v2\/users\/1"}],"replies":[{"embeddable":true,"href":"https:\/\/elazigtso.org.tr\/tr\/index.php\/wp-json\/wp\/v2\/comments?post=4927"}],"version-history":[{"count":0,"href":"https:\/\/elazigtso.org.tr\/tr\/index.php\/wp-json\/wp\/v2\/posts\/4927\/revisions"}],"wp:featuredmedia":[{"embeddable":true,"href":"https:\/\/elazigtso.org.tr\/tr\/index.php\/wp-json\/wp\/v2\/media\/5650"}],"wp:attachment":[{"href":"https:\/\/elazigtso.org.tr\/tr\/index.php\/wp-json\/wp\/v2\/media?parent=4927"}],"wp:term":[{"taxonomy":"category","embeddable":true,"href":"https:\/\/elazigtso.org.tr\/tr\/index.php\/wp-json\/wp\/v2\/categories?post=4927"},{"taxonomy":"post_tag","embeddable":true,"href":"https:\/\/elazigtso.org.tr\/tr\/index.php\/wp-json\/wp\/v2\/tags?post=4927"}],"curies":[{"name":"wp","href":"https:\/\/api.w.org\/{rel}","templated":true}]}}