{"id":4924,"date":"2023-07-26T12:17:37","date_gmt":"2023-07-26T09:17:37","guid":{"rendered":"http:\/\/elazigtso.com\/tr\/index.php\/2023\/07\/26\/anufood-china-2022-fuari\/"},"modified":"2023-07-26T12:17:37","modified_gmt":"2023-07-26T09:17:37","slug":"anufood-china-2022-fuari","status":"publish","type":"post","link":"https:\/\/elazigtso.org.tr\/tr\/index.php\/2023\/07\/26\/anufood-china-2022-fuari\/","title":{"rendered":"ANUFOOD China 2022 Fuar\u0131"},"content":{"rendered":"<\/p>\n<div class=\"content-detail\">\n<p>Say\u0131n \u00dcyemiz,<\/p>\n<p>TOBB taraf\u0131ndan Odam\u0131za g\u00f6nderilen yaz\u0131da,\u00a0\u0130stanbul Ticaret Odas\u0131&#8217;n\u0131n 03.02.2022 tarih ve 11912 say\u0131l\u0131 yaz\u0131s\u0131na atfen,\u00a0Almanya&#8217;n\u0131n K\u00f6ln \u015fehrinde ilk kez 1951 y\u0131l\u0131nda d\u00fczenlenen ve bu tarihten itibaren her 2 y\u0131lda bir organize edilen d\u00fcnyan\u0131n en \u00f6nemli uluslararas\u0131 g\u0131da fuarlar\u0131ndan ANUGA Fuar\u0131, T\u00fcrkiye milli i\u015ftirak organizasyonunun \u0130stanbul Ticaret Odas\u0131 taraf\u0131ndan ger\u00e7ekle\u015ftirilece\u011fi bildirilmektedir.<\/p>\n<p>Anuga deneyimini \u00c7in Halk Cumhuriyeti&#8217;nin en fazla g\u0131da ithalat\u0131 ger\u00e7ekle\u015ftirilen Guandong eyaletinin<br \/>\nShenzhen \u015fehrinde, 20-22 Nisan 2022 tarihleri aras\u0131nda d\u00fczenlenecek ANUFOOD China Fuar\u0131&#8217;na yans\u0131tacak<br \/>\nolup, fuarda 34 \u00fclkeden firmalar\u0131n kat\u0131l\u0131m sa\u011flayaca\u011f\u0131 bildirilmektedir.<\/p>\n<p>\u0130stanbul Ticaret Odas\u0131&#8217;n\u0131n \u00f6zel deste\u011fi ile 20.000 TL olarak belirlenen kat\u0131l\u0131m bedeline, <b>firma tan\u0131t\u0131m\u0131, \u00fcr\u00fcn<br \/>\ng\u00f6nderimi, sanal fuar kat\u0131l\u0131m\u0131 ve al\u0131c\u0131lar ile online g\u00f6r\u00fc\u015fme organizasyonu<\/b> dahildir.<\/p>\n<p>Konu ile ilgili detayl\u0131 bilgi i\u00e7in irtibat noktalar\u0131 a\u015fa\u011f\u0131da iletilmektedir.<\/p>\n<p><b><br \/>\n\u0130rtibat Noktalar\u0131:<\/b>\n<\/p>\n<p>&#8211; \u0130dil Aslanta\u015f; 0212 455 61 13; idil.aslantas@ito.org.tr\n<\/p>\n<p>&#8211; \u015eeyma Ceren Yurtta\u015f; 0212 455 65 07; seyma.yurttas@ito.org.tr\n<\/p>\n<p>&#8211; Aylin Odaba\u015f; 0212 455 61 07 &#8211; 0533 959 30 57; aylin.odabas@ito.org.tr<\/p>\n<p>\u00a0<\/p>\n<p>Bu duyuru 718 defa okundu. <\/p>\n<p>Ekleme Tarihi :2022-02-08 11:20:00 <\/p>\n<\/p><\/div>\n","protected":false},"excerpt":{"rendered":"<p>Say\u0131n \u00dcyemiz, TOBB taraf\u0131ndan Odam\u0131za g\u00f6nderilen yaz\u0131da,\u00a0\u0130stanbul Ticaret Odas\u0131&#8217;n\u0131n 03.02.2022 tarih ve 11912 say\u0131l\u0131 yaz\u0131s\u0131na atfen,\u00a0Almanya&#8217;n\u0131n K\u00f6ln \u015fehrinde ilk kez 1951 y\u0131l\u0131nda d\u00fczenlenen ve bu tarihten itibaren her 2 y\u0131lda bir organize edilen d\u00fcnyan\u0131n en \u00f6nemli uluslararas\u0131 g\u0131da fuarlar\u0131ndan ANUGA Fuar\u0131, T\u00fcrkiye milli i\u015ftirak organizasyonunun \u0130stanbul Ticaret Odas\u0131 taraf\u0131ndan ger\u00e7ekle\u015ftirilece\u011fi bildirilmektedir. Anuga deneyimini \u00c7in Halk [&hellip;]<\/p>\n","protected":false},"author":1,"featured_media":5650,"comment_status":"open","ping_status":"open","sticky":false,"template":"","format":"standard","meta":{"_jetpack_memberships_contains_paid_content":false,"footnotes":""},"categories":[3],"tags":[],"class_list":["post-4924","post","type-post","status-publish","format-standard","has-post-thumbnail","hentry","category-duyuru"],"jetpack_sharing_enabled":true,"jetpack_featured_media_url":"https:\/\/elazigtso.org.tr\/tr\/wp-content\/uploads\/2023\/07\/logo_news-80.jpg","_links":{"self":[{"href":"https:\/\/elazigtso.org.tr\/tr\/index.php\/wp-json\/wp\/v2\/posts\/4924","targetHints":{"allow":["GET"]}}],"collection":[{"href":"https:\/\/elazigtso.org.tr\/tr\/index.php\/wp-json\/wp\/v2\/posts"}],"about":[{"href":"https:\/\/elazigtso.org.tr\/tr\/index.php\/wp-json\/wp\/v2\/types\/post"}],"author":[{"embeddable":true,"href":"https:\/\/elazigtso.org.tr\/tr\/index.php\/wp-json\/wp\/v2\/users\/1"}],"replies":[{"embeddable":true,"href":"https:\/\/elazigtso.org.tr\/tr\/index.php\/wp-json\/wp\/v2\/comments?post=4924"}],"version-history":[{"count":0,"href":"https:\/\/elazigtso.org.tr\/tr\/index.php\/wp-json\/wp\/v2\/posts\/4924\/revisions"}],"wp:featuredmedia":[{"embeddable":true,"href":"https:\/\/elazigtso.org.tr\/tr\/index.php\/wp-json\/wp\/v2\/media\/5650"}],"wp:attachment":[{"href":"https:\/\/elazigtso.org.tr\/tr\/index.php\/wp-json\/wp\/v2\/media?parent=4924"}],"wp:term":[{"taxonomy":"category","embeddable":true,"href":"https:\/\/elazigtso.org.tr\/tr\/index.php\/wp-json\/wp\/v2\/categories?post=4924"},{"taxonomy":"post_tag","embeddable":true,"href":"https:\/\/elazigtso.org.tr\/tr\/index.php\/wp-json\/wp\/v2\/tags?post=4924"}],"curies":[{"name":"wp","href":"https:\/\/api.w.org\/{rel}","templated":true}]}}