{"id":4914,"date":"2023-07-26T12:10:25","date_gmt":"2023-07-26T09:10:25","guid":{"rendered":"http:\/\/elazigtso.com\/tr\/index.php\/2023\/07\/26\/agit-kapsaminda-mal-malzeme-hizmet-alimlari\/"},"modified":"2023-07-26T12:10:25","modified_gmt":"2023-07-26T09:10:25","slug":"agit-kapsaminda-mal-malzeme-hizmet-alimlari","status":"publish","type":"post","link":"https:\/\/elazigtso.org.tr\/tr\/index.php\/2023\/07\/26\/agit-kapsaminda-mal-malzeme-hizmet-alimlari\/","title":{"rendered":"AG\u0130T Kapsam\u0131nda Mal\/ Malzeme\/ Hizmet Al\u0131mlar\u0131"},"content":{"rendered":"<\/p>\n<div class=\"content-detail\">\n<p>Say\u0131n \u00dcyemiz,<\/p>\n<p>TOBB taraf\u0131ndan Odam\u0131za g\u00f6nderilen yaz\u0131da,\u00a0Ticaret Bakanl\u0131\u011f\u0131&#8217;n\u0131n 02.02.2022 tarihli ve 71550025 say\u0131l\u0131 yaz\u0131s\u0131na atfen,\u00a0Viyana&#8217;n\u0131n yan\u0131 s\u0131ra, AG\u0130T otonom kurumlar\u0131n\u0131n yerle\u015fik oldu\u011fu Var\u015fova, Lahey ve Prag&#8217;a ilave olarak, Balkanlardan Orta Asya \u00fclkelerine yay\u0131lan \u00e7ok say\u0131daki alan misyonunca baz\u0131 malzeme ve hizmet ihtiya\u00e7lar\u0131n\u0131n do\u011frudan teklif al\u0131narak veya ihale usul\u00fc tedarik edildi\u011fi bildirilmektedir. <\/p>\n<p>Ta\u015f\u0131t, tan\u0131t\u0131m malzemesi, s\u00f6zle\u015fmeli hizmet al\u0131m\u0131 ve elektronik malzeme gibi \u00e7ok \u00e7e\u015fitli tedarik ilanlar\u0131n\u0131n AG\u0130T web sitesi (https:\/\/procurement.osce.org) \u00fczerinden kamuya a\u00e7\u0131k \u015fekilde duyuruldu\u011fu, AG\u0130T&#8217;in tedarik ihtiya\u00e7lar\u0131ndan haberdar olmak isteyen firmalar i\u00e7in AG\u0130T &#8220;tedarik\u00e7iler veri taban\u0131&#8221; na kay\u0131t imkan\u0131n\u0131n bulundu\u011fu ve kay\u0131t ko\u015fullar\u0131na &#8220;https:\/\/procurement.osce.org\/registration-vendor&#8221; ba\u011flant\u0131s\u0131ndan ula\u015f\u0131labilece\u011fi belirtilmektedir. <\/p>\n<p>Ek olarak, AG\u0130T&#8217;in \u00f6zellikle Ukrayna \u00d6zel G\u00f6zlem Misyonu&#8217;nun ihtiyac\u0131na y\u00f6nelik a\u00e7\u0131lan ihaleler aras\u0131nda &#8220;insans\u0131z hava ara\u00e7lar\u0131&#8221; (\u0130HA) ve \u0130HA ba\u011flant\u0131l\u0131 farkl\u0131 savunma sanayii \u00fcr\u00fcnleri hizmetleri de bulundu\u011fu ifade edilmektedir.<\/p>\n<p>\u00a0<\/p>\n<p>Bu duyuru 488 defa okundu. <\/p>\n<p>Ekleme Tarihi :2022-02-07 02:16:00 <\/p>\n<\/p><\/div>\n","protected":false},"excerpt":{"rendered":"<p>Say\u0131n \u00dcyemiz, TOBB taraf\u0131ndan Odam\u0131za g\u00f6nderilen yaz\u0131da,\u00a0Ticaret Bakanl\u0131\u011f\u0131&#8217;n\u0131n 02.02.2022 tarihli ve 71550025 say\u0131l\u0131 yaz\u0131s\u0131na atfen,\u00a0Viyana&#8217;n\u0131n yan\u0131 s\u0131ra, AG\u0130T otonom kurumlar\u0131n\u0131n yerle\u015fik oldu\u011fu Var\u015fova, Lahey ve Prag&#8217;a ilave olarak, Balkanlardan Orta Asya \u00fclkelerine yay\u0131lan \u00e7ok say\u0131daki alan misyonunca baz\u0131 malzeme ve hizmet ihtiya\u00e7lar\u0131n\u0131n do\u011frudan teklif al\u0131narak veya ihale usul\u00fc tedarik edildi\u011fi bildirilmektedir. Ta\u015f\u0131t, tan\u0131t\u0131m malzemesi, s\u00f6zle\u015fmeli [&hellip;]<\/p>\n","protected":false},"author":1,"featured_media":5650,"comment_status":"open","ping_status":"open","sticky":false,"template":"","format":"standard","meta":{"_jetpack_memberships_contains_paid_content":false,"footnotes":""},"categories":[3],"tags":[],"class_list":["post-4914","post","type-post","status-publish","format-standard","has-post-thumbnail","hentry","category-duyuru"],"jetpack_sharing_enabled":true,"jetpack_featured_media_url":"https:\/\/elazigtso.org.tr\/tr\/wp-content\/uploads\/2023\/07\/logo_news-80.jpg","_links":{"self":[{"href":"https:\/\/elazigtso.org.tr\/tr\/index.php\/wp-json\/wp\/v2\/posts\/4914","targetHints":{"allow":["GET"]}}],"collection":[{"href":"https:\/\/elazigtso.org.tr\/tr\/index.php\/wp-json\/wp\/v2\/posts"}],"about":[{"href":"https:\/\/elazigtso.org.tr\/tr\/index.php\/wp-json\/wp\/v2\/types\/post"}],"author":[{"embeddable":true,"href":"https:\/\/elazigtso.org.tr\/tr\/index.php\/wp-json\/wp\/v2\/users\/1"}],"replies":[{"embeddable":true,"href":"https:\/\/elazigtso.org.tr\/tr\/index.php\/wp-json\/wp\/v2\/comments?post=4914"}],"version-history":[{"count":0,"href":"https:\/\/elazigtso.org.tr\/tr\/index.php\/wp-json\/wp\/v2\/posts\/4914\/revisions"}],"wp:featuredmedia":[{"embeddable":true,"href":"https:\/\/elazigtso.org.tr\/tr\/index.php\/wp-json\/wp\/v2\/media\/5650"}],"wp:attachment":[{"href":"https:\/\/elazigtso.org.tr\/tr\/index.php\/wp-json\/wp\/v2\/media?parent=4914"}],"wp:term":[{"taxonomy":"category","embeddable":true,"href":"https:\/\/elazigtso.org.tr\/tr\/index.php\/wp-json\/wp\/v2\/categories?post=4914"},{"taxonomy":"post_tag","embeddable":true,"href":"https:\/\/elazigtso.org.tr\/tr\/index.php\/wp-json\/wp\/v2\/tags?post=4914"}],"curies":[{"name":"wp","href":"https:\/\/api.w.org\/{rel}","templated":true}]}}