{"id":4908,"date":"2023-07-26T11:27:08","date_gmt":"2023-07-26T08:27:08","guid":{"rendered":"http:\/\/elazigtso.com\/tr\/index.php\/2023\/07\/26\/bosna-hersekte-2022-yilinda-duzenlenecek-uluslararasi-fuar-ve-etkinlikler\/"},"modified":"2023-07-26T11:27:08","modified_gmt":"2023-07-26T08:27:08","slug":"bosna-hersekte-2022-yilinda-duzenlenecek-uluslararasi-fuar-ve-etkinlikler","status":"publish","type":"post","link":"https:\/\/elazigtso.org.tr\/tr\/index.php\/2023\/07\/26\/bosna-hersekte-2022-yilinda-duzenlenecek-uluslararasi-fuar-ve-etkinlikler\/","title":{"rendered":"Bosna Hersek&#8217;te 2022 Y\u0131l\u0131nda D\u00fczenlenecek Uluslararas\u0131 Fuar ve Etkinlikler"},"content":{"rendered":"<\/p>\n<div class=\"content-detail\">\n<p>Say\u0131n \u00dcyemiz,<\/p>\n<p>TOBB taraf\u0131ndan Odam\u0131za g\u00f6nderilen yaz\u0131da,\u00a0Bosna Hersek B\u00fcy\u00fckel\u00e7ili\u011fi&#8217;nin 28.01.2022 tarihli epostas\u0131na atfen, Bosna Hersek&#8217;te 2022 y\u0131l\u0131nda d\u00fczenlenecek olan uluslararas\u0131 fuar ve etkinliklerin takvimi iletilmekte olup, an\u0131lan takvimin bir \u00f6rne\u011fi ekte sunulmaktad\u0131r.<\/p>\n<p><a href=\"http:\/\/www.elazigtso.org.tr\/public\/docs_oda\/Bosna_Hersek_2022_fuar.pdf\" target=\"_blank\" rel=\"noopener\">Ek:Bosna Hersek&#8217;te 2022 Y\u0131l\u0131nda D\u00fczenlenecek Uluslararas\u0131 Fuar ve Etkinlikler<\/a><\/p>\n<p>\u00a0<\/p>\n<p>Bu duyuru 824 defa okundu. <\/p>\n<p>Ekleme Tarihi :2022-02-02 03:36:00 <\/p>\n<\/p><\/div>\n","protected":false},"excerpt":{"rendered":"<p>Say\u0131n \u00dcyemiz, TOBB taraf\u0131ndan Odam\u0131za g\u00f6nderilen yaz\u0131da,\u00a0Bosna Hersek B\u00fcy\u00fckel\u00e7ili\u011fi&#8217;nin 28.01.2022 tarihli epostas\u0131na atfen, Bosna Hersek&#8217;te 2022 y\u0131l\u0131nda d\u00fczenlenecek olan uluslararas\u0131 fuar ve etkinliklerin takvimi iletilmekte olup, an\u0131lan takvimin bir \u00f6rne\u011fi ekte sunulmaktad\u0131r. Ek:Bosna Hersek&#8217;te 2022 Y\u0131l\u0131nda D\u00fczenlenecek Uluslararas\u0131 Fuar ve Etkinlikler \u00a0 Bu duyuru 824 defa okundu. Ekleme Tarihi :2022-02-02 03:36:00<\/p>\n","protected":false},"author":1,"featured_media":5650,"comment_status":"open","ping_status":"open","sticky":false,"template":"","format":"standard","meta":{"_jetpack_memberships_contains_paid_content":false,"footnotes":""},"categories":[3],"tags":[],"class_list":["post-4908","post","type-post","status-publish","format-standard","has-post-thumbnail","hentry","category-duyuru"],"jetpack_sharing_enabled":true,"jetpack_featured_media_url":"https:\/\/elazigtso.org.tr\/tr\/wp-content\/uploads\/2023\/07\/logo_news-80.jpg","_links":{"self":[{"href":"https:\/\/elazigtso.org.tr\/tr\/index.php\/wp-json\/wp\/v2\/posts\/4908","targetHints":{"allow":["GET"]}}],"collection":[{"href":"https:\/\/elazigtso.org.tr\/tr\/index.php\/wp-json\/wp\/v2\/posts"}],"about":[{"href":"https:\/\/elazigtso.org.tr\/tr\/index.php\/wp-json\/wp\/v2\/types\/post"}],"author":[{"embeddable":true,"href":"https:\/\/elazigtso.org.tr\/tr\/index.php\/wp-json\/wp\/v2\/users\/1"}],"replies":[{"embeddable":true,"href":"https:\/\/elazigtso.org.tr\/tr\/index.php\/wp-json\/wp\/v2\/comments?post=4908"}],"version-history":[{"count":0,"href":"https:\/\/elazigtso.org.tr\/tr\/index.php\/wp-json\/wp\/v2\/posts\/4908\/revisions"}],"wp:featuredmedia":[{"embeddable":true,"href":"https:\/\/elazigtso.org.tr\/tr\/index.php\/wp-json\/wp\/v2\/media\/5650"}],"wp:attachment":[{"href":"https:\/\/elazigtso.org.tr\/tr\/index.php\/wp-json\/wp\/v2\/media?parent=4908"}],"wp:term":[{"taxonomy":"category","embeddable":true,"href":"https:\/\/elazigtso.org.tr\/tr\/index.php\/wp-json\/wp\/v2\/categories?post=4908"},{"taxonomy":"post_tag","embeddable":true,"href":"https:\/\/elazigtso.org.tr\/tr\/index.php\/wp-json\/wp\/v2\/tags?post=4908"}],"curies":[{"name":"wp","href":"https:\/\/api.w.org\/{rel}","templated":true}]}}