{"id":4903,"date":"2023-07-26T11:23:00","date_gmt":"2023-07-26T08:23:00","guid":{"rendered":"http:\/\/elazigtso.com\/tr\/index.php\/2023\/07\/26\/istanbul-kirtasiye-ofis-fuari\/"},"modified":"2023-07-26T11:23:00","modified_gmt":"2023-07-26T08:23:00","slug":"istanbul-kirtasiye-ofis-fuari","status":"publish","type":"post","link":"https:\/\/elazigtso.org.tr\/tr\/index.php\/2023\/07\/26\/istanbul-kirtasiye-ofis-fuari\/","title":{"rendered":"\u0130stanbul K\u0131rtasiye Ofis Fuar\u0131"},"content":{"rendered":"<\/p>\n<div class=\"content-detail\">\n<p>Say\u0131n \u00dcyemiz,<\/p>\n<p>TOBB taraf\u0131ndan Odam\u0131za g\u00f6nderilen yaz\u0131ya atfen,\u00a0T\u00fcm K\u0131rtasiyeciler Derne\u011fi himayelerinde 16-20 \u015eubat 2022 tarihleri aras\u0131nda; T\u00dcYAP Fuar ve Kongre Merkezi&#8217;nde &#8220;\u0130stanbul K\u0131rtasiye Ofis Fuar\u0131&#8221; d\u00fczenlenecektir. <\/p>\n<p>An\u0131lan fuar k\u0131rtasiye sekt\u00f6r\u00fcndeki firmalar\u0131n m\u00fc\u015fterilere ula\u015fmas\u0131n\u0131, sekt\u00f6rdeki yeni \u00fcr\u00fcnler ve teknolojiler hakk\u0131nda bilgi sahibi olmas\u0131n\u0131 sa\u011flayacakt\u0131r.<\/p>\n<p>\u00a0<\/p>\n<p>Bu duyuru 608 defa okundu. <\/p>\n<p>Ekleme Tarihi :2022-01-28 04:36:00 <\/p>\n<\/p><\/div>\n","protected":false},"excerpt":{"rendered":"<p>Say\u0131n \u00dcyemiz, TOBB taraf\u0131ndan Odam\u0131za g\u00f6nderilen yaz\u0131ya atfen,\u00a0T\u00fcm K\u0131rtasiyeciler Derne\u011fi himayelerinde 16-20 \u015eubat 2022 tarihleri aras\u0131nda; T\u00dcYAP Fuar ve Kongre Merkezi&#8217;nde &#8220;\u0130stanbul K\u0131rtasiye Ofis Fuar\u0131&#8221; d\u00fczenlenecektir. An\u0131lan fuar k\u0131rtasiye sekt\u00f6r\u00fcndeki firmalar\u0131n m\u00fc\u015fterilere ula\u015fmas\u0131n\u0131, sekt\u00f6rdeki yeni \u00fcr\u00fcnler ve teknolojiler hakk\u0131nda bilgi sahibi olmas\u0131n\u0131 sa\u011flayacakt\u0131r. \u00a0 Bu duyuru 608 defa okundu. Ekleme Tarihi :2022-01-28 04:36:00<\/p>\n","protected":false},"author":1,"featured_media":5650,"comment_status":"open","ping_status":"open","sticky":false,"template":"","format":"standard","meta":{"_jetpack_memberships_contains_paid_content":false,"footnotes":""},"categories":[3],"tags":[],"class_list":["post-4903","post","type-post","status-publish","format-standard","has-post-thumbnail","hentry","category-duyuru"],"jetpack_sharing_enabled":true,"jetpack_featured_media_url":"https:\/\/elazigtso.org.tr\/tr\/wp-content\/uploads\/2023\/07\/logo_news-80.jpg","_links":{"self":[{"href":"https:\/\/elazigtso.org.tr\/tr\/index.php\/wp-json\/wp\/v2\/posts\/4903","targetHints":{"allow":["GET"]}}],"collection":[{"href":"https:\/\/elazigtso.org.tr\/tr\/index.php\/wp-json\/wp\/v2\/posts"}],"about":[{"href":"https:\/\/elazigtso.org.tr\/tr\/index.php\/wp-json\/wp\/v2\/types\/post"}],"author":[{"embeddable":true,"href":"https:\/\/elazigtso.org.tr\/tr\/index.php\/wp-json\/wp\/v2\/users\/1"}],"replies":[{"embeddable":true,"href":"https:\/\/elazigtso.org.tr\/tr\/index.php\/wp-json\/wp\/v2\/comments?post=4903"}],"version-history":[{"count":0,"href":"https:\/\/elazigtso.org.tr\/tr\/index.php\/wp-json\/wp\/v2\/posts\/4903\/revisions"}],"wp:featuredmedia":[{"embeddable":true,"href":"https:\/\/elazigtso.org.tr\/tr\/index.php\/wp-json\/wp\/v2\/media\/5650"}],"wp:attachment":[{"href":"https:\/\/elazigtso.org.tr\/tr\/index.php\/wp-json\/wp\/v2\/media?parent=4903"}],"wp:term":[{"taxonomy":"category","embeddable":true,"href":"https:\/\/elazigtso.org.tr\/tr\/index.php\/wp-json\/wp\/v2\/categories?post=4903"},{"taxonomy":"post_tag","embeddable":true,"href":"https:\/\/elazigtso.org.tr\/tr\/index.php\/wp-json\/wp\/v2\/tags?post=4903"}],"curies":[{"name":"wp","href":"https:\/\/api.w.org\/{rel}","templated":true}]}}