{"id":4901,"date":"2023-07-26T11:21:00","date_gmt":"2023-07-26T08:21:00","guid":{"rendered":"http:\/\/elazigtso.com\/tr\/index.php\/2023\/07\/26\/dis-ticaret-bilgilendirme-seminerleri-2022-yili-programi\/"},"modified":"2023-07-26T11:21:00","modified_gmt":"2023-07-26T08:21:00","slug":"dis-ticaret-bilgilendirme-seminerleri-2022-yili-programi","status":"publish","type":"post","link":"https:\/\/elazigtso.org.tr\/tr\/index.php\/2023\/07\/26\/dis-ticaret-bilgilendirme-seminerleri-2022-yili-programi\/","title":{"rendered":"D\u0131\u015f Ticaret Bilgilendirme Seminerleri 2022 Y\u0131l\u0131 Program\u0131"},"content":{"rendered":"<\/p>\n<div class=\"content-detail\">\n<p style=\"line-height: 22px\">Say\u0131n \u00dcyemiz,<\/p>\n<p style=\"line-height: 22px\">TOBB taraf\u0131ndan Odam\u0131za g\u00f6nderilen yaz\u0131da,\u00a0Ticaret Bakanl\u0131\u011f\u0131&#8217;ndan al\u0131nan 05.01.2022 tarihli ve 70694125 say\u0131l\u0131 yaz\u0131na atfen. \u0130lgi&#8217;de kay\u0131tl\u0131 ve ekte bir \u00f6rne\u011fi sunulan yaz\u0131da, 2022 y\u0131l\u0131 D\u0131\u015f Ticaret Bilgilendirme Seminerleri Program\u0131 iletilmektedir. Yaz\u0131da, seminerlerin ilk alt\u0131 ay boyunca \u00e7evrimi\u00e7i olarak yap\u0131laca\u011f\u0131 bildirilmekle birlikte, y\u0131l\u0131n di\u011fer yar\u0131s\u0131nda ger\u00e7ekle\u015fecek seminerlerin pandeminin seyrine ba\u011fl\u0131 olarak fiziki veya \u00e7evrimi\u00e7i yap\u0131l\u0131p yap\u0131lmayaca\u011f\u0131n\u0131n ayr\u0131ca de\u011ferlendirilece\u011fi a\u00e7\u0131klanm\u0131\u015ft\u0131r. Yaz\u0131da devamla, seminerlere kapsaml\u0131 kat\u0131l\u0131m sa\u011flanmas\u0131 i\u00e7in t\u00fcm ileti\u015fim kanallar\u0131 arac\u0131l\u0131\u011f\u0131yla duyuru yap\u0131lmas\u0131n\u0131n ve seminer duyuru metinlerinin seminer konular\u0131n\u0131n \u00f6nemini i\u00e7erecek \u015fekilde d\u00fczenlenmesinin yararl\u0131 olaca\u011f\u0131n\u0131n d\u00fc\u015f\u00fcn\u00fcld\u00fc\u011f\u00fc belirtilmi\u015ftir. Seminer organizasyonlar\u0131nda dikkat edilmesi gereken hususlar yaz\u0131 ekinde ayr\u0131ca iletilmekte olup, seminer tarihinden \u00f6nce Odalar\u0131m\u0131za seminer program\u0131 ve i\u00e7eri\u011fine ili\u015fkin bilgiler Birli\u011fimizce resmi yaz\u0131yla iletilecektir.<\/p>\n<p style=\"line-height: 22px\"><a href=\"http:\/\/www.elazigtso.org.tr\/public\/docs_oda\/D%C4%B1s_Ticaret_Bilgilendirme_Seminerleri_2022_Yili_Programi.pdf\" target=\"_blank\" rel=\"noopener\">Ek:\u00a0D\u0131\u015f Ticaret Bilgilendirme Seminerleri 2022 Y\u0131l\u0131 Program\u0131<\/a><\/p>\n<p>\u00a0<\/p>\n<p>Bu duyuru 693 defa okundu. <\/p>\n<p>Ekleme Tarihi :2022-01-28 04:02:00 <\/p>\n<\/p><\/div>\n","protected":false},"excerpt":{"rendered":"<p>Say\u0131n \u00dcyemiz, TOBB taraf\u0131ndan Odam\u0131za g\u00f6nderilen yaz\u0131da,\u00a0Ticaret Bakanl\u0131\u011f\u0131&#8217;ndan al\u0131nan 05.01.2022 tarihli ve 70694125 say\u0131l\u0131 yaz\u0131na atfen. \u0130lgi&#8217;de kay\u0131tl\u0131 ve ekte bir \u00f6rne\u011fi sunulan yaz\u0131da, 2022 y\u0131l\u0131 D\u0131\u015f Ticaret Bilgilendirme Seminerleri Program\u0131 iletilmektedir. Yaz\u0131da, seminerlerin ilk alt\u0131 ay boyunca \u00e7evrimi\u00e7i olarak yap\u0131laca\u011f\u0131 bildirilmekle birlikte, y\u0131l\u0131n di\u011fer yar\u0131s\u0131nda ger\u00e7ekle\u015fecek seminerlerin pandeminin seyrine ba\u011fl\u0131 olarak fiziki veya \u00e7evrimi\u00e7i [&hellip;]<\/p>\n","protected":false},"author":1,"featured_media":5650,"comment_status":"open","ping_status":"open","sticky":false,"template":"","format":"standard","meta":{"_jetpack_memberships_contains_paid_content":false,"footnotes":""},"categories":[3],"tags":[],"class_list":["post-4901","post","type-post","status-publish","format-standard","has-post-thumbnail","hentry","category-duyuru"],"jetpack_sharing_enabled":true,"jetpack_featured_media_url":"https:\/\/elazigtso.org.tr\/tr\/wp-content\/uploads\/2023\/07\/logo_news-80.jpg","_links":{"self":[{"href":"https:\/\/elazigtso.org.tr\/tr\/index.php\/wp-json\/wp\/v2\/posts\/4901","targetHints":{"allow":["GET"]}}],"collection":[{"href":"https:\/\/elazigtso.org.tr\/tr\/index.php\/wp-json\/wp\/v2\/posts"}],"about":[{"href":"https:\/\/elazigtso.org.tr\/tr\/index.php\/wp-json\/wp\/v2\/types\/post"}],"author":[{"embeddable":true,"href":"https:\/\/elazigtso.org.tr\/tr\/index.php\/wp-json\/wp\/v2\/users\/1"}],"replies":[{"embeddable":true,"href":"https:\/\/elazigtso.org.tr\/tr\/index.php\/wp-json\/wp\/v2\/comments?post=4901"}],"version-history":[{"count":0,"href":"https:\/\/elazigtso.org.tr\/tr\/index.php\/wp-json\/wp\/v2\/posts\/4901\/revisions"}],"wp:featuredmedia":[{"embeddable":true,"href":"https:\/\/elazigtso.org.tr\/tr\/index.php\/wp-json\/wp\/v2\/media\/5650"}],"wp:attachment":[{"href":"https:\/\/elazigtso.org.tr\/tr\/index.php\/wp-json\/wp\/v2\/media?parent=4901"}],"wp:term":[{"taxonomy":"category","embeddable":true,"href":"https:\/\/elazigtso.org.tr\/tr\/index.php\/wp-json\/wp\/v2\/categories?post=4901"},{"taxonomy":"post_tag","embeddable":true,"href":"https:\/\/elazigtso.org.tr\/tr\/index.php\/wp-json\/wp\/v2\/tags?post=4901"}],"curies":[{"name":"wp","href":"https:\/\/api.w.org\/{rel}","templated":true}]}}