{"id":4900,"date":"2023-07-26T11:19:13","date_gmt":"2023-07-26T08:19:13","guid":{"rendered":"http:\/\/elazigtso.com\/tr\/index.php\/2023\/07\/26\/bazi-tarim-urunlerinin-ihracatina-iliskin-teblig\/"},"modified":"2023-07-26T11:19:13","modified_gmt":"2023-07-26T08:19:13","slug":"bazi-tarim-urunlerinin-ihracatina-iliskin-teblig","status":"publish","type":"post","link":"https:\/\/elazigtso.org.tr\/tr\/index.php\/2023\/07\/26\/bazi-tarim-urunlerinin-ihracatina-iliskin-teblig\/","title":{"rendered":"Baz\u0131 Tar\u0131m \u00dcr\u00fcnlerinin \u0130hracat\u0131na \u0130li\u015fkin Tebli\u011f"},"content":{"rendered":"<\/p>\n<div class=\"content-detail\">\n<p>Say\u0131n \u00dcyemiz,<\/p>\n<p>TOBB taraf\u0131ndan Odam\u0131za g\u00f6nderilen yaz\u0131da,\u00a027 Ocak 2022 tarihli ve 31732 say\u0131l\u0131 Resmi Gazete&#8217;de yay\u0131mlanan ve ekte bir \u00f6rne\u011fi sunulan Baz\u0131 Tar\u0131m \u00dcr\u00fcnlerinin \u0130hracat\u0131na \u0130li\u015fkin Tebli\u011f ile, Tebli\u011f&#8217;de yer alan tar\u0131m \u00fcr\u00fcnleri ihracat\u0131nda gerekti\u011finde d\u00f6nemsel d\u00fczenlemeler yapmaya Tar\u0131m ve Orman Bakanl\u0131\u011f\u0131&#8217;n\u0131n yetkilendirildi\u011fi a\u00e7\u0131klanm\u0131\u015ft\u0131r.<\/p>\n<p><a href=\"http:\/\/www.elazigtso.org.tr\/public\/docs_oda\/Bazi_Tarim_Urunlerinin_Ihracatina_Iliskin_Teblig.pdf\" target=\"_blank\" rel=\"noopener\">Ek:\u00a0Baz\u0131 Tar\u0131m \u00dcr\u00fcnlerinin \u0130hracat\u0131na \u0130li\u015fkin Tebli\u011f<\/a><\/p>\n<p>\u00a0<\/p>\n<p>Bu duyuru 583 defa okundu. <\/p>\n<p>Ekleme Tarihi :2022-01-27 03:50:00 <\/p>\n<\/p><\/div>\n","protected":false},"excerpt":{"rendered":"<p>Say\u0131n \u00dcyemiz, TOBB taraf\u0131ndan Odam\u0131za g\u00f6nderilen yaz\u0131da,\u00a027 Ocak 2022 tarihli ve 31732 say\u0131l\u0131 Resmi Gazete&#8217;de yay\u0131mlanan ve ekte bir \u00f6rne\u011fi sunulan Baz\u0131 Tar\u0131m \u00dcr\u00fcnlerinin \u0130hracat\u0131na \u0130li\u015fkin Tebli\u011f ile, Tebli\u011f&#8217;de yer alan tar\u0131m \u00fcr\u00fcnleri ihracat\u0131nda gerekti\u011finde d\u00f6nemsel d\u00fczenlemeler yapmaya Tar\u0131m ve Orman Bakanl\u0131\u011f\u0131&#8217;n\u0131n yetkilendirildi\u011fi a\u00e7\u0131klanm\u0131\u015ft\u0131r. Ek:\u00a0Baz\u0131 Tar\u0131m \u00dcr\u00fcnlerinin \u0130hracat\u0131na \u0130li\u015fkin Tebli\u011f \u00a0 Bu duyuru 583 defa [&hellip;]<\/p>\n","protected":false},"author":1,"featured_media":5650,"comment_status":"open","ping_status":"open","sticky":false,"template":"","format":"standard","meta":{"_jetpack_memberships_contains_paid_content":false,"footnotes":""},"categories":[3],"tags":[],"class_list":["post-4900","post","type-post","status-publish","format-standard","has-post-thumbnail","hentry","category-duyuru"],"jetpack_sharing_enabled":true,"jetpack_featured_media_url":"https:\/\/elazigtso.org.tr\/tr\/wp-content\/uploads\/2023\/07\/logo_news-80.jpg","_links":{"self":[{"href":"https:\/\/elazigtso.org.tr\/tr\/index.php\/wp-json\/wp\/v2\/posts\/4900","targetHints":{"allow":["GET"]}}],"collection":[{"href":"https:\/\/elazigtso.org.tr\/tr\/index.php\/wp-json\/wp\/v2\/posts"}],"about":[{"href":"https:\/\/elazigtso.org.tr\/tr\/index.php\/wp-json\/wp\/v2\/types\/post"}],"author":[{"embeddable":true,"href":"https:\/\/elazigtso.org.tr\/tr\/index.php\/wp-json\/wp\/v2\/users\/1"}],"replies":[{"embeddable":true,"href":"https:\/\/elazigtso.org.tr\/tr\/index.php\/wp-json\/wp\/v2\/comments?post=4900"}],"version-history":[{"count":0,"href":"https:\/\/elazigtso.org.tr\/tr\/index.php\/wp-json\/wp\/v2\/posts\/4900\/revisions"}],"wp:featuredmedia":[{"embeddable":true,"href":"https:\/\/elazigtso.org.tr\/tr\/index.php\/wp-json\/wp\/v2\/media\/5650"}],"wp:attachment":[{"href":"https:\/\/elazigtso.org.tr\/tr\/index.php\/wp-json\/wp\/v2\/media?parent=4900"}],"wp:term":[{"taxonomy":"category","embeddable":true,"href":"https:\/\/elazigtso.org.tr\/tr\/index.php\/wp-json\/wp\/v2\/categories?post=4900"},{"taxonomy":"post_tag","embeddable":true,"href":"https:\/\/elazigtso.org.tr\/tr\/index.php\/wp-json\/wp\/v2\/tags?post=4900"}],"curies":[{"name":"wp","href":"https:\/\/api.w.org\/{rel}","templated":true}]}}