{"id":4891,"date":"2023-07-26T11:15:07","date_gmt":"2023-07-26T08:15:07","guid":{"rendered":"http:\/\/elazigtso.com\/tr\/index.php\/2023\/07\/26\/teknofest-2022\/"},"modified":"2023-07-26T11:15:07","modified_gmt":"2023-07-26T08:15:07","slug":"teknofest-2022","status":"publish","type":"post","link":"https:\/\/elazigtso.org.tr\/tr\/index.php\/2023\/07\/26\/teknofest-2022\/","title":{"rendered":"TEKNOFEST 2022"},"content":{"rendered":"<\/p>\n<div class=\"content-detail\">\n<p>Say\u0131n \u00dcyemiz,<\/p>\n<p>TOBB taraf\u0131ndan Odam\u0131za g\u00f6nderilen yaz\u0131da,\u00a0Sanayi ve Teknoloji Bakanl\u0131\u011f\u0131&#8217;ndan iletilen yaz\u0131ya atfen, Bakanl\u0131k \u00f6nc\u00fcl\u00fc\u011f\u00fcnde hayata ge\u00e7irilen ve bu y\u0131l be\u015fincisi ger\u00e7ekle\u015ftirilecek olan TEKNOFEST Havac\u0131l\u0131k, Uzay ve Teknoloji Festivali&#8217;nin 30 A\u011fustos-4 Eyl\u00fcl 2022 tarihleri aras\u0131nda Samsun&#8217;da d\u00fczenlenece\u011fi bildirilmektedir.<\/p>\n<p>Teknoloji ve bilime y\u00f6nelik toplumda fark\u0131ndal\u0131k olu\u015fturmay\u0131 ve T\u00fcrkiye&#8217;nin bilim ve m\u00fchendislik alanlar\u0131nda<br \/>\nyeti\u015fmi\u015f insan kayna\u011f\u0131n\u0131 art\u0131rmay\u0131 hedefleyen TEKNOFEST, gen\u00e7lerin gelece\u011fin teknolojileri \u00fczerinde<br \/>\n\u00e7al\u0131\u015fmalar\u0131n\u0131 desteklemek i\u00e7in roketlerden otonom s\u00fcr\u00fc\u015f sistemlerine, insans\u0131z hava ara\u00e7lar\u0131ndan sualt\u0131<br \/>\nsistemlerine teknolojinin bir\u00e7ok alan\u0131nda d\u00fczenlenen yar\u0131\u015fmalar ba\u015fta olmak \u00fczere, \u00e7e\u015fitli etkinliklere ev<br \/>\nsahipli\u011fi yapmaktad\u0131r.\n<\/p>\n<p>Teknofest 2022 heyecan\u0131, festival kapsam\u0131nda d\u00fczenlenecek teknoloji yar\u0131\u015fmalar\u0131 i\u00e7in a\u00e7\u0131lan ba\u015fvurular ile<br \/>\nba\u015flam\u0131\u015f bulunmaktad\u0131r. Festivalin hedeflerine ula\u015fmas\u0131nda, \u00f6zellikle yar\u0131\u015fmalar\u0131n m\u00fcmk\u00fcn oldu\u011funca fazla<br \/>\ngence duyurulmas\u0131 b\u00fcy\u00fck \u00f6nem arz etmektedir.\n<\/p>\n<p>An\u0131lan yar\u0131\u015fmalara ba\u015fvuru i\u00e7in belirlenen son tarih 28 \u015eubat 2022 olup, Teknofest 2022&#8217;e ve ba\u015fvurular\u0131<br \/>\nba\u015flayan teknoloji yar\u0131\u015fmalar\u0131na dair Festival Tan\u0131t\u0131m Metni a\u015fa\u011f\u0131da yer almaktad\u0131r.\n<\/p>\n<p>Detayl\u0131 bilgi ve ba\u015fvuru ko\u015fullar\u0131na https:\/\/teknofest.org\/tr\/ adresinden ula\u015f\u0131labilmektedir.<\/p>\n<p><b>TEKNOFEST 2022 TANITIM METN\u0130<\/b><\/p>\n<p>\nD\u00fcnyan\u0131n en b\u00fcy\u00fck havac\u0131l\u0131k, uzay ve teknoloji festivali TEKNOFEST, T.C Sanayi ve<br \/>\nTeknoloji Bakanl\u0131\u011f\u0131 ve T\u00fcrkiye Teknoloji Tak\u0131m\u0131 Vakf\u0131 y\u00fcr\u00fct\u00fcc\u00fcl\u00fc\u011f\u00fcnde, T\u00fcrkiye\u2019nin \u00f6nde<br \/>\ngelen teknoloji \u015firketleri, kamu, medya kurulu\u015flar\u0131 ve \u00fcniversitelerin destekleriyle<br \/>\nd\u00fczenlenmektedir. Teknoloji ve bilime y\u00f6nelik toplumda fark\u0131ndal\u0131k olu\u015fturmay\u0131 ve<br \/>\nT\u00fcrkiye\u2019nin bilim ve m\u00fchendislik alanlar\u0131nda yeti\u015fmi\u015f insan kayna\u011f\u0131n\u0131 art\u0131rmay\u0131 hedefleyen<br \/>\nTEKNOFEST, gen\u00e7lerin gelece\u011fin teknolojileri \u00fczerinde \u00e7al\u0131\u015fmalar\u0131n\u0131 desteklemek i\u00e7in<br \/>\nroketlerden otonom s\u00fcr\u00fc\u015f sistemlerine, insans\u0131z hava ara\u00e7lar\u0131ndan sualt\u0131 sistemlerine<br \/>\nteknolojinin bir\u00e7ok alan\u0131nda d\u00fczenlenen yar\u0131\u015fmalar ba\u015fta olmak \u00fczere, \u00e7e\u015fitli etkinliklere ev<br \/>\nsahipli\u011fi yapmaktad\u0131r.\n<\/p>\n<p>TEKNOFEST 2022 heyecan\u0131, festival kapsam\u0131nda ger\u00e7ekle\u015ftirilecek \u201cTeknoloji Yar\u0131\u015fmalar\u0131\u201d<br \/>\ni\u00e7in a\u00e7\u0131lan ba\u015fvurular ile ya\u015fanmaya ba\u015flam\u0131\u015ft\u0131r. Toplumun her kesiminden binlerce gencin<br \/>\nmerakla bekledi\u011fi ve ilgiyle takip etti\u011fi TEKNOFEST Teknoloji yar\u0131\u015fmalar\u0131na ge\u00e7ti\u011fimiz y\u0131l<br \/>\n81 il ve 111 \u00fclkeden 44.912 tak\u0131m, 200 bin gen\u00e7 ba\u015fvuruda bulunmu\u015f olup, ba\u015fvurular<br \/>\naras\u0131ndan 13.000 finalistin belirlendi\u011fi yar\u0131\u015fmalarda gen\u00e7ler k\u0131yas\u0131ya m\u00fccadele etme \u015fans\u0131n\u0131<br \/>\nyakalam\u0131\u015ft\u0131r. Bu y\u0131l TEKNOFEST Teknoloji yar\u0131\u015fmalar\u0131na yine ilkokul seviyesinden ortaokul,<br \/>\nlise, \u00fcniversite, lisans\u00fcst\u00fc ve mezun seviyesine kadar nitelikli binlerce gencimiz hayallerini<br \/>\nger\u00e7ekle\u015ftirmek i\u00e7in birbirinden farkl\u0131 kategorilerde d\u00fczenlenen teknoloji yar\u0131\u015fmalar\u0131na<br \/>\nkat\u0131labilecektir. Her y\u0131l bir \u00f6nceki y\u0131la g\u00f6re daha fazla yar\u0131\u015fma kategorisinin a\u00e7\u0131ld\u0131\u011f\u0131 ve T\u00fcrkiye<br \/>\ntarihinin en b\u00fcy\u00fck \u00f6d\u00fcll\u00fc teknoloji yar\u0131\u015fmalar\u0131 olan TEKNOFEST Teknoloji Yar\u0131\u015fmalar\u0131 bu<br \/>\ny\u0131l 39 farkl\u0131 kategoride d\u00fczenlenecek olup, yar\u0131\u015fmalara ba\u015fvuru i\u00e7in belirlenen<b> son tarih 28<br \/>\n\u015eubat 2022<\/b>\u2019dir. TEKNOFEST 2021\u2019den farkl\u0131 olarak Dikey \u0130ni\u015f Roket Yar\u0131\u015fmas\u0131, Engelsiz<br \/>\nYa\u015fam Teknolojileri Yar\u0131\u015fmas\u0131, Lise \u00d6\u011frencileri \u0130klim De\u011fi\u015fikli\u011fi Ara\u015ft\u0131rma Yar\u0131\u015fmas\u0131 ve<br \/>\nHyperloop Geli\u015ftirme Yar\u0131\u015fmas\u0131 bu y\u0131l ilk kez d\u00fczenlenecektir.\n<\/p>\n<p>Gen\u00e7lerin mill\u00ee teknoloji \u00fcretme ve geli\u015ftirme konusunda ilgilerinin artt\u0131r\u0131lmas\u0131 hedeflenerek<br \/>\nbu alanlarda \u00e7al\u0131\u015fan binlerce gencin projesine destek olmak i\u00e7in \u00f6n eleme a\u015famas\u0131n\u0131 ge\u00e7en<br \/>\ntak\u0131mlara malzeme deste\u011fi sa\u011flanacakt\u0131r. TEKNOFEST\u2019te yar\u0131\u015f\u0131p dereceye girmeye hak<br \/>\nkazanan tak\u0131mlar ise 6 Milyon TL&#8217;nin \u00fczerinde \u00f6d\u00fcl\u00fcn sahibi olacakt\u0131r.\n<\/p>\n<p>Bir y\u0131l \u0130stanbul bir y\u0131l Anadolu\u2019nun ba\u015fka bir \u015fehrinde d\u00fczenlenen Teknofest be\u015finci y\u0131l\u0131nda<br \/>\nSamsun\u2019a ta\u015f\u0131nmaktad\u0131r. 30 A\u011fustos &#8211; 4 Eyl\u00fcl tarihleri aras\u0131nda Samsun\u2019da ger\u00e7ekle\u015fecek<br \/>\nolan Havac\u0131l\u0131k, Uzay ve Teknoloji Festivali TEKNOFEST\u2019in bir par\u00e7as\u0131 olmak ve yar\u0131\u015fma<br \/>\nba\u015fvurular\u0131n\u0131 ger\u00e7ekle\u015ftirmek i\u00e7in teknolojiye ilgi duyanlar https:\/\/www.teknofest.org\/tr\/<br \/>\nadresine davet edilmektedir.\n<\/p>\n<p>TEKNOFEST Teknoloji yar\u0131\u015fmalar\u0131nda ilkokul seviyesinden ortaokul, lise, \u00fcniversite,<br \/>\nlisans\u00fcst\u00fc ve mezun seviyesine kadar nitelikli binlerce gencimizin ba\u015fvurabilece\u011fi baz\u0131 yar\u0131\u015fma<br \/>\nba\u015fl\u0131klar\u0131 \u015fu \u015fekildedir:\n<\/p>\n<p><b>\u0130lkokul ve Ortaokul \u00f6\u011frencileri i\u00e7in;<\/b>\n<\/p>\n<p>\u2022 Ak\u0131ll\u0131 Ula\u015f\u0131m Yar\u0131\u015fmas\u0131\n<\/p>\n<p>\u2022 E\u011fitim Teknolojileri Yar\u0131\u015fmas\u0131\n<\/p>\n<p>\u2022 Engelsiz Ya\u015fam Teknolojileri Yar\u0131\u015fmas\u0131\n<\/p>\n<p>\u2022 Hack Karadeniz<br \/>\n*HOHQ7DULK6D\n<\/p>\n<p>\u2022 \u0130nsanl\u0131k Yarar\u0131na Teknoloji Yar\u0131\u015fmas\u0131\n<\/p>\n<p>\u2022 T\u00fcrk\u00e7e Do\u011fal Dil \u0130\u015fleme Yar\u0131\u015fmas\u0131\n<\/p>\n<p>\u2022 T\u00fcrkiye Drone \u015eampiyonas\u0131\n<\/p>\n<p>\u2022 World Drone Cup\n<\/p>\n<p><b>Lise \u00f6\u011frencileri i\u00e7in;<br \/>\n<\/b><\/p>\n<p>\u2022 Ak\u0131ll\u0131 Ula\u015f\u0131m Yar\u0131\u015fmas\u0131\n<\/p>\n<p>\u2022 Biyoteknoloji \u0130novasyon Yar\u0131\u015fmas\u0131\n<\/p>\n<p>\u2022 \u00c7evre ve Enerji Teknolojileri Yar\u0131\u015fmas\u0131\n<\/p>\n<p>\u2022 E\u011fitim Teknolojileri Yar\u0131\u015fmas\u0131\n<\/p>\n<p>\u2022 Engelsiz Ya\u015fam Teknolojileri Yar\u0131\u015fmas\u0131\n<\/p>\n<p>\u2022 Hack Karadeniz\n<\/p>\n<p>\u2022 \u0130nsanl\u0131k Yarar\u0131na Teknoloji Yar\u0131\u015fmas\u0131\n<\/p>\n<p>\u2022 \u0130nsans\u0131z Sualt\u0131 Sistemleri Yar\u0131\u015fmas\u0131\n<\/p>\n<p>\u2022 Karma S\u00fcr\u00fc Sim\u00fclasyon Yar\u0131\u015fmas\u0131\n<\/p>\n<p>\u2022 Lise \u00d6\u011frencileri \u0130klim De\u011fi\u015fikli\u011fi Ara\u015ft\u0131rma Projeleri Yar\u0131\u015fmas\u0131\n<\/p>\n<p>\u2022 Lise \u00d6\u011frencileri Kutup Ara\u015ft\u0131rma Projeleri Yar\u0131\u015fmas\u0131\n<\/p>\n<p>\u2022 Liseler Aras\u0131 Efficiency Challenge Elektrikli Ara\u00e7 Yar\u0131\u015fmas\u0131\n<\/p>\n<p>\u2022 Liseler Aras\u0131 \u0130nsans\u0131z Hava Ara\u00e7lar\u0131 Yar\u0131\u015fmas\u0131\n<\/p>\n<p>\u2022 Pardus 21 Hata Yakalama ve \u00d6neri Yar\u0131\u015fmas\u0131\n<\/p>\n<p>\u2022 Robotaksi-Binek Otonom Ara\u00e7 Yar\u0131\u015fmas\u0131\n<\/p>\n<p>\u2022 Robotik Yar\u0131\u015fmalar\u0131\n<\/p>\n<p>\u2022 Roket Yar\u0131\u015fmas\u0131\n<\/p>\n<p>\u2022 Sa\u011fl\u0131kta Yapay Zeka Yar\u0131\u015fmas\u0131\n<\/p>\n<p>\u2022 Sanayide Dijital Teknolojiler Yar\u0131\u015fmas\u0131\n<\/p>\n<p>\u2022 Sava\u015fan \u0130HA Yar\u0131\u015fmas\u0131\n<\/p>\n<p>\u2022 Tar\u0131m Teknolojileri Yar\u0131\u015fmas\u0131\n<\/p>\n<p>\u2022 TAKE OFF Uluslararas\u0131 Giri\u015fim Zirvesi\n<\/p>\n<p>\u2022 Travel Hackathon\n<\/p>\n<p>\u2022 Turizm Teknolojileri Yar\u0131\u015fmas\u0131\n<\/p>\n<p>\u2022 T\u00fcrk\u00e7e Do\u011fal Dil \u0130\u015fleme Yar\u0131\u015fmas\u0131\n<\/p>\n<p>\u2022 T\u00fcrkiye Drone \u015eampiyonas\u0131\n<\/p>\n<p>\u2022 U\u00e7an Araba Yar\u0131\u015fmas\u0131\n<\/p>\n<p>\u2022 Ula\u015f\u0131mda Yapay Zeka Yar\u0131\u015fmas\u0131\n<\/p>\n<p>\u2022 Uluslararas\u0131 Serbest G\u00f6rev \u0130HA Yar\u0131\u015fmas\u0131\n<\/p>\n<p>\u2022 World Drone Cup\n<\/p>\n<p><b>Lisans ve Lisans\u00fcst\u00fc \u00f6\u011frencileri i\u00e7in;<\/b><\/p>\n<p>\n\u2022 Ak\u0131ll\u0131 Ula\u015f\u0131m Yar\u0131\u015fmas\u0131\n<\/p>\n<p>\u2022 Biyoteknoloji \u0130novasyon Yar\u0131\u015fmas\u0131\n<\/p>\n<p>\u2022 \u00c7evre ve Enerji Teknolojileri Yar\u0131\u015fmas\u0131\n<\/p>\n<p>\u2022 Dikey \u0130ni\u015f Roket Yar\u0131\u015fmas\u0131\n<\/p>\n<p>\u2022 E\u011fitim Teknolojileri Yar\u0131\u015fmas\u0131<br \/>\n*HOHQ7DULK6D\n<\/p>\n<p>\u2022 Engelsiz Ya\u015fam Teknolojileri Yar\u0131\u015fmas\u0131\n<\/p>\n<p>\u2022 Hack Karadeniz\n<\/p>\n<p>\u2022 Helikopter Tasar\u0131m Yar\u0131\u015fmas\u0131\n<\/p>\n<p>\u2022 Hyperloop Geli\u015ftirme Yar\u0131\u015fmas\u0131\n<\/p>\n<p>\u2022 \u0130leti\u015fim Teknolojileri Yar\u0131\u015fmas\u0131\n<\/p>\n<p>\u2022 \u0130nsanl\u0131k Yarar\u0131na Teknoloji Yar\u0131\u015fmas\u0131\n<\/p>\n<p>\u2022 \u0130nsans\u0131z Su Alt\u0131 Sistemleri Yar\u0131\u015fmas\u0131\n<\/p>\n<p>\u2022 Jet Motor Tasar\u0131m Yar\u0131\u015fmas\u0131\n<\/p>\n<p>\u2022 Karma S\u00fcr\u00fc Simulasyon Yar\u0131\u015fmas\u0131\n<\/p>\n<p>\u2022 Model Uydu Yar\u0131\u015fmas\u0131\n<\/p>\n<p>\u2022 Pardus 21 Hata Yakalama ve \u00d6neri Yar\u0131\u015fmas\u0131\n<\/p>\n<p>\u2022 Robotaksi-Binek Otonom Ara\u00e7 Yar\u0131\u015fmas\u0131\n<\/p>\n<p>\u2022 Robotik Yar\u0131\u015fmalar\u0131\n<\/p>\n<p>\u2022 Roket Yar\u0131\u015fmas\u0131\n<\/p>\n<p>\u2022 Sa\u011fl\u0131kta Yapay Zeka Yar\u0131\u015fmas\u0131\n<\/p>\n<p>\u2022 Sanayide Dijital Teknolojiler Yar\u0131\u015fmas\u0131\n<\/p>\n<p>\u2022 Sava\u015fan \u0130HA Yar\u0131\u015fmas\u0131\n<\/p>\n<p>\u2022 S\u00fcr\u00fc Robotlar Yar\u0131\u015fmas\u0131\n<\/p>\n<p>\u2022 TAKE OFF Uluslararas\u0131 Giri\u015fim Zirvesi\n<\/p>\n<p>\u2022 Tar\u0131m Teknolojileri Yar\u0131\u015fmas\u0131\n<\/p>\n<p>\u2022 Tar\u0131msal \u0130nsans\u0131z Kara Arac\u0131 Yar\u0131\u015fmas\u0131\n<\/p>\n<p>\u2022 Travel Hackathon\n<\/p>\n<p>\u2022 Turizm Teknolojileri Yar\u0131\u015fmas\u0131\n<\/p>\n<p>\u2022 T\u00fcrk\u00e7e Do\u011fal Dil \u0130\u015fleme Yar\u0131\u015fmas\u0131\n<\/p>\n<p>\u2022 T\u00fcrkiye Drone \u015eampiyonas\u0131\n<\/p>\n<p>\u2022 T\u00dcBA Doktora Bilim \u00d6d\u00fclleri\n<\/p>\n<p>\u2022 U\u00e7an Araba Yar\u0131\u015fmas\u0131\n<\/p>\n<p>\u2022 Ula\u015f\u0131mda Yapay Zeka Yar\u0131\u015fmas\u0131\n<\/p>\n<p>\u2022 Uluslararas\u0131 Efficiency Challenge Elektrikli Ara\u00e7 Yar\u0131\u015flar\u0131\n<\/p>\n<p>\u2022 Uluslararas\u0131 \u0130nsans\u0131z Hava Arac\u0131 Yar\u0131\u015fmas\u0131<\/p>\n<p>\n\u2022 Uluslararas\u0131 Serbest G\u00f6rev \u0130HA Yar\u0131\u015fmas\u0131\n<\/p>\n<p>\u2022 \u00dcniversite \u00d6\u011frencileri Ara\u015ft\u0131rma Proje Yar\u0131\u015fmalar\u0131\n<\/p>\n<p>\u2022 World Drone Cup<\/p>\n<p><b><br \/>\nMezun,\u00a0Giri\u015fim ve \u00d6zel Sekt\u00f6r i\u00e7in;<\/b><\/p>\n<p>\u2022 Ak\u0131ll\u0131 Ula\u015f\u0131m Yar\u0131\u015fmas\u0131\n<\/p>\n<p>\u2022 \u00c7evre ve Enerji Teknolojileri Yar\u0131\u015fmas\u0131\n<\/p>\n<p>\u2022 Dikey \u0130ni\u015f Roket Yar\u0131\u015fmas\u0131\n<\/p>\n<p>\u2022 E\u011fitim Teknolojileri Yar\u0131\u015fmas\u0131\n<\/p>\n<p>\u2022 Engelsiz Ya\u015fam Teknolojileri Yar\u0131\u015fmas\u0131\n<\/p>\n<p>\u2022 Hack Karadeniz\n<\/p>\n<p>\u2022 Helikopter Tasar\u0131m Yar\u0131\u015fmas\u0131\n<\/p>\n<p>\u2022 \u0130nsanl\u0131k Yarar\u0131na Teknoloji Yar\u0131\u015fmas\u0131\n<\/p>\n<p>\u2022 Karma S\u00fcr\u00fc Simulasyon Yar\u0131\u015fmas\u0131\n<\/p>\n<p>\u2022 Pardus 21 Hata Yakalama ve \u00d6neri Yar\u0131\u015fmas\u0131<br \/>\n*HOHQ7DULK6D\n<\/p>\n<p>\u2022 Robotaksi-Binek Otonom Ara\u00e7 Yar\u0131\u015fmas\u0131\n<\/p>\n<p>\u2022 Roket Yar\u0131\u015fmas\u0131\n<\/p>\n<p>\u2022 Sa\u011fl\u0131kta Yapay Zeka Yar\u0131\u015fmas\u0131<\/p>\n<p>\n\u2022 Sanayide Dijital Teknolojiler Yar\u0131\u015fmas\u0131\n<\/p>\n<p>\u2022 Sava\u015fan \u0130HA Yar\u0131\u015fmas\u0131\n<\/p>\n<p>\u2022 S\u00fcr\u00fc Robotlar Yar\u0131\u015fmas\u0131\n<\/p>\n<p>\u2022 TAKE OFF Uluslararas\u0131 Giri\u015fim Zirvesi\n<\/p>\n<p>\u2022 Tar\u0131msal \u0130nsans\u0131z Kara Arac\u0131 Yar\u0131\u015fmas\u0131\n<\/p>\n<p>\u2022 Travel Hackathon<\/p>\n<p>\n\u2022 T\u00fcrk\u00e7e Do\u011fal Dil \u0130\u015fleme Yar\u0131\u015fmas\u0131\n<\/p>\n<p>\u2022 T\u00fcrkiye Drone \u015eampiyonas\u0131\n<\/p>\n<p>\u2022 U\u00e7an Araba Yar\u0131\u015fmas\u0131\n<\/p>\n<p>\u2022 Ula\u015f\u0131mda Yapay Zeka Yar\u0131\u015fmas\u0131<\/p>\n<p>\u2022 World Drone Cup\u00a0<\/p>\n<p>\u00a0<\/p>\n<p>Bu duyuru 1147 defa okundu. <\/p>\n<p>Ekleme Tarihi :2022-01-26 01:25:00 <\/p>\n<\/p><\/div>\n","protected":false},"excerpt":{"rendered":"<p>Say\u0131n \u00dcyemiz, TOBB taraf\u0131ndan Odam\u0131za g\u00f6nderilen yaz\u0131da,\u00a0Sanayi ve Teknoloji Bakanl\u0131\u011f\u0131&#8217;ndan iletilen yaz\u0131ya atfen, Bakanl\u0131k \u00f6nc\u00fcl\u00fc\u011f\u00fcnde hayata ge\u00e7irilen ve bu y\u0131l be\u015fincisi ger\u00e7ekle\u015ftirilecek olan TEKNOFEST Havac\u0131l\u0131k, Uzay ve Teknoloji Festivali&#8217;nin 30 A\u011fustos-4 Eyl\u00fcl 2022 tarihleri aras\u0131nda Samsun&#8217;da d\u00fczenlenece\u011fi bildirilmektedir. Teknoloji ve bilime y\u00f6nelik toplumda fark\u0131ndal\u0131k olu\u015fturmay\u0131 ve T\u00fcrkiye&#8217;nin bilim ve m\u00fchendislik alanlar\u0131nda yeti\u015fmi\u015f insan kayna\u011f\u0131n\u0131 art\u0131rmay\u0131 [&hellip;]<\/p>\n","protected":false},"author":1,"featured_media":5650,"comment_status":"open","ping_status":"open","sticky":false,"template":"","format":"standard","meta":{"_jetpack_memberships_contains_paid_content":false,"footnotes":""},"categories":[3],"tags":[],"class_list":["post-4891","post","type-post","status-publish","format-standard","has-post-thumbnail","hentry","category-duyuru"],"jetpack_sharing_enabled":true,"jetpack_featured_media_url":"https:\/\/elazigtso.org.tr\/tr\/wp-content\/uploads\/2023\/07\/logo_news-80.jpg","_links":{"self":[{"href":"https:\/\/elazigtso.org.tr\/tr\/index.php\/wp-json\/wp\/v2\/posts\/4891","targetHints":{"allow":["GET"]}}],"collection":[{"href":"https:\/\/elazigtso.org.tr\/tr\/index.php\/wp-json\/wp\/v2\/posts"}],"about":[{"href":"https:\/\/elazigtso.org.tr\/tr\/index.php\/wp-json\/wp\/v2\/types\/post"}],"author":[{"embeddable":true,"href":"https:\/\/elazigtso.org.tr\/tr\/index.php\/wp-json\/wp\/v2\/users\/1"}],"replies":[{"embeddable":true,"href":"https:\/\/elazigtso.org.tr\/tr\/index.php\/wp-json\/wp\/v2\/comments?post=4891"}],"version-history":[{"count":0,"href":"https:\/\/elazigtso.org.tr\/tr\/index.php\/wp-json\/wp\/v2\/posts\/4891\/revisions"}],"wp:featuredmedia":[{"embeddable":true,"href":"https:\/\/elazigtso.org.tr\/tr\/index.php\/wp-json\/wp\/v2\/media\/5650"}],"wp:attachment":[{"href":"https:\/\/elazigtso.org.tr\/tr\/index.php\/wp-json\/wp\/v2\/media?parent=4891"}],"wp:term":[{"taxonomy":"category","embeddable":true,"href":"https:\/\/elazigtso.org.tr\/tr\/index.php\/wp-json\/wp\/v2\/categories?post=4891"},{"taxonomy":"post_tag","embeddable":true,"href":"https:\/\/elazigtso.org.tr\/tr\/index.php\/wp-json\/wp\/v2\/tags?post=4891"}],"curies":[{"name":"wp","href":"https:\/\/api.w.org\/{rel}","templated":true}]}}