{"id":4887,"date":"2023-07-26T11:02:41","date_gmt":"2023-07-26T08:02:41","guid":{"rendered":"http:\/\/elazigtso.com\/tr\/index.php\/2023\/07\/26\/ticaret-musavirlerimizle-elektronik-sohbetler-uganda\/"},"modified":"2023-07-26T11:02:41","modified_gmt":"2023-07-26T08:02:41","slug":"ticaret-musavirlerimizle-elektronik-sohbetler-uganda","status":"publish","type":"post","link":"https:\/\/elazigtso.org.tr\/tr\/index.php\/2023\/07\/26\/ticaret-musavirlerimizle-elektronik-sohbetler-uganda\/","title":{"rendered":"Ticaret M\u00fc\u015favirlerimizle Elektronik Sohbetler-Uganda"},"content":{"rendered":"<\/p>\n<div class=\"content-detail\">\n<p style=\"line-height: 22px\">Say\u0131n \u00dcyemiz,<\/p>\n<p style=\"line-height: 22px\">TOBB taraf\u0131ndan Odam\u0131za g\u00f6nderilen yaz\u0131da,\u00a0Ticaret Bakanl\u0131\u011f\u0131&#8217;n\u0131n 24.01.2022 tarihli ve 71240477 say\u0131l\u0131 yaz\u0131s\u0131na atfen,\u00a0Ticaret M\u00fc\u015favir ve Ata\u015felerimizle T\u00fcrk i\u015f d\u00fcnyas\u0131n\u0131 bir araya getirmek \u00fczere Ticaret Bakanl\u0131\u011f\u0131m\u0131z taraf\u0131ndan &#8220;Ticaret M\u00fc\u015favirlerimizle Elektronik Sohbetler&#8221; toplant\u0131lar\u0131 d\u00fczenlendi\u011fi iletilmi\u015ftir. Bu kapsamda, 27 Ocak 2022 Per\u015fembe g\u00fcn\u00fc 14.00-15.30 saatleri aras\u0131nda Uganda&#8217;da g\u00f6rev yapmakta olan Ticaret Ba\u015fm\u00fc\u015favirimiz ile bu \u00fclkede i\u015f yapmakta olan i\u015f insanlar\u0131m\u0131z\u0131n da konu\u015fmac\u0131 olarak kat\u0131larak tecr\u00fcbelerini payla\u015faca\u011f\u0131 e-sohbet toplant\u0131s\u0131 ger\u00e7ekle\u015ftirilece\u011fi bildirilmektedir.<\/p>\n<p style=\"line-height: 22px\">Uganda Toplant\u0131s\u0131 K\u0131sa Link : https:\/\/bit.ly\/3rw3fCd<\/p>\n<p style=\"line-height: 22px\"><\/p>\n<p>\u00a0<\/p>\n<p>Bu duyuru 602 defa okundu. <\/p>\n<p>Ekleme Tarihi :2022-01-25 04:55:00 <\/p>\n<\/p><\/div>\n","protected":false},"excerpt":{"rendered":"<p>Say\u0131n \u00dcyemiz, TOBB taraf\u0131ndan Odam\u0131za g\u00f6nderilen yaz\u0131da,\u00a0Ticaret Bakanl\u0131\u011f\u0131&#8217;n\u0131n 24.01.2022 tarihli ve 71240477 say\u0131l\u0131 yaz\u0131s\u0131na atfen,\u00a0Ticaret M\u00fc\u015favir ve Ata\u015felerimizle T\u00fcrk i\u015f d\u00fcnyas\u0131n\u0131 bir araya getirmek \u00fczere Ticaret Bakanl\u0131\u011f\u0131m\u0131z taraf\u0131ndan &#8220;Ticaret M\u00fc\u015favirlerimizle Elektronik Sohbetler&#8221; toplant\u0131lar\u0131 d\u00fczenlendi\u011fi iletilmi\u015ftir. Bu kapsamda, 27 Ocak 2022 Per\u015fembe g\u00fcn\u00fc 14.00-15.30 saatleri aras\u0131nda Uganda&#8217;da g\u00f6rev yapmakta olan Ticaret Ba\u015fm\u00fc\u015favirimiz ile bu \u00fclkede i\u015f [&hellip;]<\/p>\n","protected":false},"author":1,"featured_media":5650,"comment_status":"open","ping_status":"open","sticky":false,"template":"","format":"standard","meta":{"_jetpack_memberships_contains_paid_content":false,"footnotes":""},"categories":[3],"tags":[],"class_list":["post-4887","post","type-post","status-publish","format-standard","has-post-thumbnail","hentry","category-duyuru"],"jetpack_sharing_enabled":true,"jetpack_featured_media_url":"https:\/\/elazigtso.org.tr\/tr\/wp-content\/uploads\/2023\/07\/logo_news-80.jpg","_links":{"self":[{"href":"https:\/\/elazigtso.org.tr\/tr\/index.php\/wp-json\/wp\/v2\/posts\/4887","targetHints":{"allow":["GET"]}}],"collection":[{"href":"https:\/\/elazigtso.org.tr\/tr\/index.php\/wp-json\/wp\/v2\/posts"}],"about":[{"href":"https:\/\/elazigtso.org.tr\/tr\/index.php\/wp-json\/wp\/v2\/types\/post"}],"author":[{"embeddable":true,"href":"https:\/\/elazigtso.org.tr\/tr\/index.php\/wp-json\/wp\/v2\/users\/1"}],"replies":[{"embeddable":true,"href":"https:\/\/elazigtso.org.tr\/tr\/index.php\/wp-json\/wp\/v2\/comments?post=4887"}],"version-history":[{"count":0,"href":"https:\/\/elazigtso.org.tr\/tr\/index.php\/wp-json\/wp\/v2\/posts\/4887\/revisions"}],"wp:featuredmedia":[{"embeddable":true,"href":"https:\/\/elazigtso.org.tr\/tr\/index.php\/wp-json\/wp\/v2\/media\/5650"}],"wp:attachment":[{"href":"https:\/\/elazigtso.org.tr\/tr\/index.php\/wp-json\/wp\/v2\/media?parent=4887"}],"wp:term":[{"taxonomy":"category","embeddable":true,"href":"https:\/\/elazigtso.org.tr\/tr\/index.php\/wp-json\/wp\/v2\/categories?post=4887"},{"taxonomy":"post_tag","embeddable":true,"href":"https:\/\/elazigtso.org.tr\/tr\/index.php\/wp-json\/wp\/v2\/tags?post=4887"}],"curies":[{"name":"wp","href":"https:\/\/api.w.org\/{rel}","templated":true}]}}