{"id":4883,"date":"2023-07-26T10:58:30","date_gmt":"2023-07-26T07:58:30","guid":{"rendered":"http:\/\/elazigtso.com\/tr\/index.php\/2023\/07\/26\/basvuru-ipard-ii-on-birinci-cagri-ilani\/"},"modified":"2023-07-26T10:58:30","modified_gmt":"2023-07-26T07:58:30","slug":"basvuru-ipard-ii-on-birinci-cagri-ilani","status":"publish","type":"post","link":"https:\/\/elazigtso.org.tr\/tr\/index.php\/2023\/07\/26\/basvuru-ipard-ii-on-birinci-cagri-ilani\/","title":{"rendered":"Ba\u015fvuru \u0130PARD II On Birinci \u00c7a\u011fr\u0131 \u0130lan\u0131"},"content":{"rendered":"<\/p>\n<div class=\"content-detail\">\n<p>Say\u0131n \u00dcyemiz,\u00a0<\/p>\n<p>Tar\u0131m ve K\u0131rsal Kalk\u0131nmay\u0131 Destekleme Kurumu taraf\u0131ndan Odam\u0131za iletilen yaz\u0131ya atfen,\u00a0\u00a0Tar\u0131m ve Orman Bakanl\u0131\u011f\u0131n\u0131n ilgili kurulu\u015fu olan Tar\u0131m ve K\u0131rsal Kalk\u0131nmay\u0131 Destekleme Kurumu 14 Ocak 2022 tarihinde On Birinci Ba\u015fvuru \u00c7a\u011fr\u0131 \u0130lan\u0131na \u00e7\u0131km\u0131\u015f bulunmaktad\u0131r. Ba\u015fvuru kabul\u00fcne ili\u015fkin bu \u00e7a\u011fr\u0131, IPARD Program\u0131 2014-2020 d\u00f6nemi kapsam\u0131nda yat\u0131r\u0131m yapmak isteyen i\u015fletmeler taraf\u0131ndan destek almak \u00fczere yap\u0131lacak ba\u015fvurular ile ilgilidir.\u00a0<\/p>\n<p><a href=\"http:\/\/www.elazigtso.org.tr\/public\/docs_oda\/duyuru\/IPARD_11.cagri_ilan%C4%B1.pdf\" target=\"_blank\" rel=\"noopener\">Ek:\u00a0Ba\u015fvuru \u0130PARD II On Birinci \u00c7a\u011fr\u0131 \u0130lan\u0131<\/a><\/p>\n<p>Detaylar i\u00e7in <a href=\"https:\/\/www.tkdk.gov.tr\/Content\/File\/Duyuru\/files\/IPARD%20II%20Onbirinci%20Ba%C5%9Fvuru%20%C3%87a%C4%9Fr%C4%B1%20%C4%B0lan%C4%B1(3).pdf\" target=\"_blank\" rel=\"noopener\">t\u0131klay\u0131n\u0131z.<\/a><\/p>\n<p>\u00a0<\/p>\n<p>Bu duyuru 1050 defa okundu. <\/p>\n<p>Ekleme Tarihi :2022-01-24 04:59:00 <\/p>\n<\/p><\/div>\n","protected":false},"excerpt":{"rendered":"<p>Say\u0131n \u00dcyemiz,\u00a0 Tar\u0131m ve K\u0131rsal Kalk\u0131nmay\u0131 Destekleme Kurumu taraf\u0131ndan Odam\u0131za iletilen yaz\u0131ya atfen,\u00a0\u00a0Tar\u0131m ve Orman Bakanl\u0131\u011f\u0131n\u0131n ilgili kurulu\u015fu olan Tar\u0131m ve K\u0131rsal Kalk\u0131nmay\u0131 Destekleme Kurumu 14 Ocak 2022 tarihinde On Birinci Ba\u015fvuru \u00c7a\u011fr\u0131 \u0130lan\u0131na \u00e7\u0131km\u0131\u015f bulunmaktad\u0131r. Ba\u015fvuru kabul\u00fcne ili\u015fkin bu \u00e7a\u011fr\u0131, IPARD Program\u0131 2014-2020 d\u00f6nemi kapsam\u0131nda yat\u0131r\u0131m yapmak isteyen i\u015fletmeler taraf\u0131ndan destek almak \u00fczere yap\u0131lacak [&hellip;]<\/p>\n","protected":false},"author":1,"featured_media":5650,"comment_status":"open","ping_status":"open","sticky":false,"template":"","format":"standard","meta":{"_jetpack_memberships_contains_paid_content":false,"footnotes":""},"categories":[3],"tags":[],"class_list":["post-4883","post","type-post","status-publish","format-standard","has-post-thumbnail","hentry","category-duyuru"],"jetpack_sharing_enabled":true,"jetpack_featured_media_url":"https:\/\/elazigtso.org.tr\/tr\/wp-content\/uploads\/2023\/07\/logo_news-80.jpg","_links":{"self":[{"href":"https:\/\/elazigtso.org.tr\/tr\/index.php\/wp-json\/wp\/v2\/posts\/4883","targetHints":{"allow":["GET"]}}],"collection":[{"href":"https:\/\/elazigtso.org.tr\/tr\/index.php\/wp-json\/wp\/v2\/posts"}],"about":[{"href":"https:\/\/elazigtso.org.tr\/tr\/index.php\/wp-json\/wp\/v2\/types\/post"}],"author":[{"embeddable":true,"href":"https:\/\/elazigtso.org.tr\/tr\/index.php\/wp-json\/wp\/v2\/users\/1"}],"replies":[{"embeddable":true,"href":"https:\/\/elazigtso.org.tr\/tr\/index.php\/wp-json\/wp\/v2\/comments?post=4883"}],"version-history":[{"count":0,"href":"https:\/\/elazigtso.org.tr\/tr\/index.php\/wp-json\/wp\/v2\/posts\/4883\/revisions"}],"wp:featuredmedia":[{"embeddable":true,"href":"https:\/\/elazigtso.org.tr\/tr\/index.php\/wp-json\/wp\/v2\/media\/5650"}],"wp:attachment":[{"href":"https:\/\/elazigtso.org.tr\/tr\/index.php\/wp-json\/wp\/v2\/media?parent=4883"}],"wp:term":[{"taxonomy":"category","embeddable":true,"href":"https:\/\/elazigtso.org.tr\/tr\/index.php\/wp-json\/wp\/v2\/categories?post=4883"},{"taxonomy":"post_tag","embeddable":true,"href":"https:\/\/elazigtso.org.tr\/tr\/index.php\/wp-json\/wp\/v2\/tags?post=4883"}],"curies":[{"name":"wp","href":"https:\/\/api.w.org\/{rel}","templated":true}]}}